{"id":65604,"date":"2026-01-09T18:10:12","date_gmt":"2026-01-09T16:10:12","guid":{"rendered":"https:\/\/edublog.educastur.es\/ixuxu\/?p=65604"},"modified":"2026-01-10T19:56:03","modified_gmt":"2026-01-10T17:56:03","slug":"65604","status":"publish","type":"post","link":"https:\/\/edublog.educastur.es\/ixuxu\/2026\/01\/65604\/","title":{"rendered":"Valgrande-Payares, motor econ\u00f3micu y tur\u00edsticu del valle de L.lena"},"content":{"rendered":"<div class=\"html-div xdj266r x14z9mp xat24cr x1lziwak xexx8yu xyri2b x18d9i69 x1c1uobl\">\n<div class=\"html-div xdj266r x14z9mp x1lziwak x18d9i69 x1cy8zhl x78zum5 x1q0g3np xod5an3 xz9dl7a x1g0dm76 xpdmqnj\">\n<div class=\"html-div xdj266r x14z9mp xat24cr x1lziwak xexx8yu xyri2b x18d9i69 x1c1uobl x1iyjqo2 xeuugli\">\n<div class=\"x78zum5 xdt5ytf xz62fqu x16ldp7u\">\n<div class=\"xu06os2 x1ok221b\">\n<div class=\"html-div xdj266r x14z9mp xat24cr x1lziwak xexx8yu xyri2b x18d9i69 x1c1uobl\" data-ad-rendering-role=\"profile_name\">\n<p id=\"_r_523_\" class=\"html-h4 x14z9mp xat24cr x1lziwak xexx8yu xyri2b x18d9i69 x1c1uobl x1vvkbs x1heor9g x1qlqyl8 x1pd3egz x1a2a7pz x1gslohp x1yc453h\"><strong><span class=\"html-span xexx8yu xyri2b x18d9i69 x1c1uobl x1hl2dhg x16tdsg8 x1vvkbs x3nfvp2 x1j61x8r x1fcty0u xdj266r xat24cr xm2jcoa x1mpyi22 xxymvpz xlup9mm x1kky2od\"><img loading=\"lazy\" decoding=\"async\" class=\"xz74otr x15mokao x1ga7v0g x16uus16 xbiv7yw\" src=\"https:\/\/static.xx.fbcdn.net\/images\/emoji.php\/v9\/t89\/1\/16\/1f3db.png\" alt=\"\ud83c\udfdb\ufe0f\" width=\"16\" height=\"16\" \/><\/span><\/strong> La <span class=\"x78zum5 x1q0g3np\"><span class=\"x1lliihq x6ikm8r x10wlt62 x1n2onr6 xlyipyv xuxw1ft\"><span class=\"xt0psk2\"><a class=\"x1i10hfl xjbqb8w x1ejq31n x18oe1m7 x1sy0etr xstzfhl x972fbf x10w94by x1qhh985 x14e42zd x9f619 x1ypdohk xt0psk2 x3ct3a4 xdj266r x14z9mp xat24cr x1lziwak xexx8yu xyri2b x18d9i69 x1c1uobl x16tdsg8 x1hl2dhg xggy1nq x1a2a7pz xkrqix3 x1sur9pj xzsf02u x1s688f\" role=\"link\" href=\"https:\/\/www.facebook.com\/culturaAST?__cft__[0]=AZYNvPgASLJxAqQKEZKQAsO3CCx7BrodxWsH2JQmCHK6BItYV7-LJtduNlruaiUBf2ab4JLi-i2ii3sYzHdNPHOk7Ve7_EPNrfdePT1hhcFzQWMDFNMBxk0fcSQJS1GVHLU5YjjNalOWXI9KO-d0BAYXUcp46lSzKJEJKwTJHvqVn6ox38YlkNjMg1UOP7gaU8-M3vsRmZKAO8Wf3gPg0gDy&amp;__tn__=-UC%2CP-R\"><span class=\"html-span xdj266r x14z9mp xat24cr x1lziwak xexx8yu xyri2b x18d9i69 x1c1uobl x1hl2dhg x16tdsg8 x1vvkbs\">Conseyer\u00eda de Cultura, Pol\u00edtica Lling\u00fc\u00edstica y Deporte<\/span><\/a><\/span><\/span><\/span> da un nuevu pasu na so estratexa pa convertir la Estaci\u00f3n Ivernal y de Monte de Valgrande-Payares nun motor econ\u00f3micu y tur\u00edsticu del valle de L.lena mientres tol a\u00f1u. <a href=\"https:\/\/actualidad.asturias.es\/-\/0901valgrandepajares?redirect=%2F\">Actualid\u00e1<\/a><\/p>\n<\/div>\n<\/div>\n<\/div>\n<\/div>\n<div><\/div>\n<div style=\"text-align: center\"><a href=\"https:\/\/actualidad.asturias.es\/documents\/537115\/3014989\/2025_01_09+Pajares+archivo+1.jpg\/ab3df799-b0ea-7e43-b786-8a0a446b6a9f?t=1767967831751\"><img loading=\"lazy\" decoding=\"async\" class=\"aligncenter \" src=\"https:\/\/actualidad.asturias.es\/documents\/537115\/3014989\/2025_01_09+Pajares+archivo+1.jpg\/ab3df799-b0ea-7e43-b786-8a0a446b6a9f?t=1767967831751\" width=\"1011\" height=\"569\" \/><\/a><\/div>\n<div><!--more--><\/div>\n<div><\/div>\n<div>El Conseyu de Gobiernu autoriz\u00f3&#8217;l gastu pa la Fase II-B del proyectu de desestacionalizaci\u00f3n y modernizaci\u00f3n del complexu, con un presupuestu de 992.699,38 euros, financi\u00e1u con cargu a los presupuestos del Princip\u00e1u y susceptible de recibir cofinanciaci\u00f3n europea al travi\u00e9s del Fondu de Transici\u00f3n Xusta.<\/div>\n<\/div>\n<\/div>\n<p>&nbsp;<\/p>\n<div class=\"html-div xdj266r x14z9mp xat24cr x1lziwak xexx8yu xyri2b x18d9i69 x1c1uobl\">\n<div class=\"html-div xdj266r x14z9mp xat24cr x1lziwak xexx8yu xyri2b x18d9i69 x1c1uobl\" dir=\"auto\">\n<div class=\"html-div xdj266r x14z9mp xat24cr x1lziwak xexx8yu xyri2b x18d9i69 x1c1uobl\" data-ad-rendering-role=\"story_message\">\n<div id=\"_r_525_\" class=\"x1l90r2v x1iorvi4 x1g0dm76 xpdmqnj\" data-ad-comet-preview=\"message\" data-ad-preview=\"message\">\n<div class=\"x78zum5 xdt5ytf xz62fqu x16ldp7u\">\n<div class=\"xu06os2 x1ok221b\">\n<div class=\"html-div xdj266r x14z9mp xat24cr x1lziwak xexx8yu xyri2b x18d9i69 x1c1uobl\">\n<div class=\"x14z9mp xat24cr x1lziwak x1vvkbs xtlvy1s x126k92a\">\n<div dir=\"auto\"><span class=\"html-span xexx8yu xyri2b x18d9i69 x1c1uobl x1hl2dhg x16tdsg8 x1vvkbs x3nfvp2 x1j61x8r x1fcty0u xdj266r xat24cr xm2jcoa x1mpyi22 xxymvpz xlup9mm x1kky2od\"><img loading=\"lazy\" decoding=\"async\" class=\"xz74otr x15mokao x1ga7v0g x16uus16 xbiv7yw\" src=\"https:\/\/static.xx.fbcdn.net\/images\/emoji.php\/v9\/tf7\/1\/16\/26f0.png\" alt=\"\u26f0\ufe0f\" width=\"16\" height=\"16\" \/><\/span> Esta fase nueva c\u00e9ntrase n&#8217;actuaciones que refuercen la ufierta tur\u00edstica y deportiva m\u00e1s all\u00e1 de la temporada de nieve, con una apuesta pola sostenibilid\u00e1 y la integraci\u00f3n paisax\u00edstica. Ente les intervenciones destaca la construcci\u00f3n de dos miradores panor\u00e1micos na zona de Cuitunigru, que van ofrecer vistes privilexaes al Parque Natural de Les Ubi\u00f1es-La Mesa y al monte de Lle\u00f3n, asina como la creaci\u00f3n de senderos accesibles que van conectar la telecabina con estos puntos estrat\u00e9xicos.<\/div>\n<div dir=\"auto\"><\/div>\n<\/div>\n<div class=\"x14z9mp xat24cr x1lziwak x1vvkbs xtlvy1s x126k92a\">\n<div dir=\"auto\"><span class=\"html-span xexx8yu xyri2b x18d9i69 x1c1uobl x1hl2dhg x16tdsg8 x1vvkbs x3nfvp2 x1j61x8r x1fcty0u xdj266r xat24cr xm2jcoa x1mpyi22 xxymvpz xlup9mm x1kky2od\"><img loading=\"lazy\" decoding=\"async\" class=\"xz74otr x15mokao x1ga7v0g x16uus16 xbiv7yw\" src=\"https:\/\/static.xx.fbcdn.net\/images\/emoji.php\/v9\/t7e\/1\/16\/26f7.png\" alt=\"\u26f7\ufe0f\" width=\"16\" height=\"16\" \/><\/span> El proyectu tami\u00e9n incl\u00fai la finalizaci\u00f3n del circuitu d&#8217;esqu\u00ed de fondu, adaptando la so execuci\u00f3n pa caltener los nicios de la guerra civil atopaos na zona sureste del traz\u00e1u. Esta circunstancia oblig\u00f3 a modificar el dise\u00f1u inicial y optar por soluciones qu&#8217;eviten escavaciones y garanticen la protecci\u00f3n del patrimoniu cultural.<\/div>\n<div dir=\"auto\"><\/div>\n<\/div>\n<div class=\"x14z9mp xat24cr x1lziwak x1vvkbs xtlvy1s x126k92a\">\n<div dir=\"auto\"><span class=\"html-span xexx8yu xyri2b x18d9i69 x1c1uobl x1hl2dhg x16tdsg8 x1vvkbs x3nfvp2 x1j61x8r x1fcty0u xdj266r xat24cr xm2jcoa x1mpyi22 xxymvpz xlup9mm x1kky2od\"><img loading=\"lazy\" decoding=\"async\" class=\"xz74otr x15mokao x1ga7v0g x16uus16 xbiv7yw\" src=\"https:\/\/static.xx.fbcdn.net\/images\/emoji.php\/v9\/tc\/1\/16\/1f3de.png\" alt=\"\ud83c\udfde\ufe0f\" width=\"16\" height=\"16\" \/><\/span> Am\u00e1s, van acometese trabayos de construcci\u00f3n, meyora y caltenimientu de rutes de senderismu, como la que conduz al Parador de Payares, la circular de Monte Valgrande, la ruta a la cascada del Ortigal\u00f3n y la ruta alta de Payares. A estes actuaciones s\u00famase la creaci\u00f3n d&#8217;un circuitu de bicicleta de monte o bikepark, que va aprovechar les infraestructures de la telecabina pa ufiertar una esperiencia ciclista \u00fanica, y la renaturalizaci\u00f3n del entornu, que va favorecer la integraci\u00f3n paisax\u00edstica y la recuperaci\u00f3n de zones afectaes poles obres d&#8217;esti remonte, nel que&#8217;l Princip\u00e1u invirti\u00f3 alredor de 10 millones.<\/div>\n<div dir=\"auto\"><\/div>\n<div dir=\"auto\" style=\"text-align: center\"><a href=\"https:\/\/actualidad.asturias.es\/documents\/537115\/3014989\/2025_01_09+Pajares+archivo+2.jpg\/f6d2aa6e-abd5-8377-70eb-eff562c12609?t=1767967831856\"><img loading=\"lazy\" decoding=\"async\" class=\"aligncenter \" src=\"https:\/\/actualidad.asturias.es\/documents\/537115\/3014989\/2025_01_09+Pajares+archivo+2.jpg\/f6d2aa6e-abd5-8377-70eb-eff562c12609?t=1767967831856\" width=\"1056\" height=\"594\" \/><\/a><\/div>\n<div dir=\"auto\"><\/div>\n<\/div>\n<div class=\"x14z9mp xat24cr x1lziwak x1vvkbs xtlvy1s x126k92a\">\n<div dir=\"auto\"><span class=\"html-span xexx8yu xyri2b x18d9i69 x1c1uobl x1hl2dhg x16tdsg8 x1vvkbs x3nfvp2 x1j61x8r x1fcty0u xdj266r xat24cr xm2jcoa x1mpyi22 xxymvpz xlup9mm x1kky2od\"><img loading=\"lazy\" decoding=\"async\" class=\"xz74otr x15mokao x1ga7v0g x16uus16 xbiv7yw\" src=\"https:\/\/static.xx.fbcdn.net\/images\/emoji.php\/v9\/tc4\/1\/16\/1f6a7.png\" alt=\"\ud83d\udea7\" width=\"16\" height=\"16\" \/><\/span> Estos trabayos van complementase cola tercer subfase del plan pa desestacionalizar y modernizar Valgrande-Payares, que se va desarollar en paralelo cola instalaci\u00f3n d&#8217;un telesiella de pinza fixa y la illuminaci\u00f3n de les pistes. Estes meyores van dexar ampliar horarios, diversificar actividaes y aumentar la capacid\u00e1 de tresporte na zona alta de la estaci\u00f3n, de forma que se consolida l&#8217;apuesta pola desestacionalizaci\u00f3n y l&#8217;accesibilid\u00e1.<\/div>\n<div dir=\"auto\"><\/div>\n<\/div>\n<div class=\"x14z9mp xat24cr x1lziwak x1vvkbs xtlvy1s x126k92a\">\n<div dir=\"auto\"><span class=\"html-span xexx8yu xyri2b x18d9i69 x1c1uobl x1hl2dhg x16tdsg8 x1vvkbs x3nfvp2 x1j61x8r x1fcty0u xdj266r xat24cr xm2jcoa x1mpyi22 xxymvpz xlup9mm x1kky2od\"><img loading=\"lazy\" decoding=\"async\" class=\"xz74otr x15mokao x1ga7v0g x16uus16 xbiv7yw\" src=\"https:\/\/static.xx.fbcdn.net\/images\/emoji.php\/v9\/tb5\/1\/16\/1f3c2_1f3fb.png\" alt=\"\ud83c\udfc2\ud83c\udffb\" width=\"16\" height=\"16\" \/><\/span>Con estes actuaciones, la Conseyer\u00eda de Cultura, Pol\u00edtica Lling\u00fc\u00edstica y Deporte incrementa&#8217;l so compromisu cola modernizaci\u00f3n del complexu, col impulsu d\u2019un modelu de desarrollu sostenible que combina deporte, naturaleza y turismu, y que refuerza&#8217;l papel de la estaci\u00f3n como dest\u00edn singular nel norte peninsular.<\/div>\n<div dir=\"auto\"><\/div>\n<div dir=\"auto\" style=\"text-align: center\"><a href=\"https:\/\/actualidad.asturias.es\/documents\/537115\/3014989\/2025_01_09+Pajares+archivo+3.jpg\/cbf5644e-4639-21f1-205e-1d0e547337b9?t=1767967831959\"><img loading=\"lazy\" decoding=\"async\" class=\"aligncenter \" src=\"https:\/\/actualidad.asturias.es\/documents\/537115\/3014989\/2025_01_09+Pajares+archivo+3.jpg\/cbf5644e-4639-21f1-205e-1d0e547337b9?t=1767967831959\" width=\"808\" height=\"606\" \/><\/a><\/div>\n<\/div>\n<\/div>\n<\/div>\n<\/div>\n<\/div>\n<\/div>\n<\/div>\n<\/div>\n","protected":false},"excerpt":{"rendered":"<p>La Conseyer\u00eda de Cultura, Pol\u00edtica Lling\u00fc\u00edstica y Deporte da un nuevu pasu na so estratexa pa convertir la Estaci\u00f3n Ivernal y de Monte de Valgrande-Payares nun motor econ\u00f3micu y tur\u00edsticu del valle de L.lena mientres tol a\u00f1u. Actualid\u00e1<\/p>\n","protected":false},"author":117,"featured_media":0,"comment_status":"closed","ping_status":"closed","sticky":false,"template":"","format":"standard","meta":{"footnotes":""},"categories":[133],"tags":[],"class_list":["post-65604","post","type-post","status-publish","format-standard","hentry","category-deportes"],"_links":{"self":[{"href":"https:\/\/edublog.educastur.es\/ixuxu\/wp-json\/wp\/v2\/posts\/65604","targetHints":{"allow":["GET"]}}],"collection":[{"href":"https:\/\/edublog.educastur.es\/ixuxu\/wp-json\/wp\/v2\/posts"}],"about":[{"href":"https:\/\/edublog.educastur.es\/ixuxu\/wp-json\/wp\/v2\/types\/post"}],"author":[{"embeddable":true,"href":"https:\/\/edublog.educastur.es\/ixuxu\/wp-json\/wp\/v2\/users\/117"}],"replies":[{"embeddable":true,"href":"https:\/\/edublog.educastur.es\/ixuxu\/wp-json\/wp\/v2\/comments?post=65604"}],"version-history":[{"count":4,"href":"https:\/\/edublog.educastur.es\/ixuxu\/wp-json\/wp\/v2\/posts\/65604\/revisions"}],"predecessor-version":[{"id":65686,"href":"https:\/\/edublog.educastur.es\/ixuxu\/wp-json\/wp\/v2\/posts\/65604\/revisions\/65686"}],"wp:attachment":[{"href":"https:\/\/edublog.educastur.es\/ixuxu\/wp-json\/wp\/v2\/media?parent=65604"}],"wp:term":[{"taxonomy":"category","embeddable":true,"href":"https:\/\/edublog.educastur.es\/ixuxu\/wp-json\/wp\/v2\/categories?post=65604"},{"taxonomy":"post_tag","embeddable":true,"href":"https:\/\/edublog.educastur.es\/ixuxu\/wp-json\/wp\/v2\/tags?post=65604"}],"curies":[{"name":"wp","href":"https:\/\/api.w.org\/{rel}","templated":true}]}}