{"id":65608,"date":"2026-01-12T09:15:25","date_gmt":"2026-01-12T07:15:25","guid":{"rendered":"https:\/\/edublog.educastur.es\/ixuxu\/?p=65608"},"modified":"2026-01-12T09:59:57","modified_gmt":"2026-01-12T07:59:57","slug":"cantar-que-prestosu-lantroxu-maestrin-astur","status":"publish","type":"post","link":"https:\/\/edublog.educastur.es\/ixuxu\/2026\/01\/cantar-que-prestosu-lantroxu-maestrin-astur\/","title":{"rendered":"Cantar: \u00abQu\u00e9 prestosu l\u2019Antroxu\u00bb"},"content":{"rendered":"<p style=\"text-align: center\"><a href=\"https:\/\/youtu.be\/CDsycgxHcx4?list=RDCDsycgxHcx4\"><strong>Qu\u00e9 prestosu l\u2019Antroxu<\/strong><\/a> \ud83c\udfad |\u00a0 <a href=\"https:\/\/www.youtube.com\/@Maestr%C3%ADnAstur\">Maestr\u00edn Astur<\/a><\/p>\n<p style=\"text-align: center\">\n<!-- iframe plugin v.6.0 wordpress.org\/plugins\/iframe\/ -->\n<iframe loading=\"lazy\" width=\"100%\" height=\"427\" src=\"https:\/\/www.youtube.com\/embed\/uw_SFOFpjUk\" title=\"Antroxu \ud83c\udfad | El carnaval de Asturias: tradici\u00f3n, disfraces y alegr\u00eda | Maestr\u00edn Astur\" frameborder=\"0\" allow=\"accelerometer; autoplay; clipboard-write; encrypted-media; gyroscope; picture-in-picture; web-share\" referrerpolicy=\"strict-origin-when-cross-origin\" 0=\"allowfullscreen\" 1=\"\/iframe\" scrolling=\"yes\" class=\"iframe-class\"><\/iframe>\n<\/p>\n<p><!--more--><\/p>\n<p style=\"text-align: center\">\n<!-- iframe plugin v.6.0 wordpress.org\/plugins\/iframe\/ -->\n<iframe loading=\"lazy\" width=\"100%\" height=\"444\" src=\"https:\/\/www.youtube.com\/embed\/CDsycgxHcx4?list=RDCDsycgxHcx4\" title=\"Qu\u00e9 prestosu l\u2019Antroxu \ud83c\udfad | Canci\u00f3n infantil en asturiano | Maestr\u00edn Astur\" frameborder=\"0\" allow=\"accelerometer; autoplay; clipboard-write; encrypted-media; gyroscope; picture-in-picture; web-share\" referrerpolicy=\"strict-origin-when-cross-origin\" 0=\"allowfullscreen\" 1=\"\/iframe\" scrolling=\"yes\" class=\"iframe-class\"><\/iframe>\n<\/p>\n<p style=\"text-align: left\"><strong>Qu\u00e9 prestosu l\u2019Antroxu<\/strong> ye unu cantar allegre y participativa que celebra una de les fiestes m\u00e1s risonderes y colorides d&#8217;Asturies. Al travi\u00e9s de la m\u00fasica, el ritmu y la llingua asturiana, ne\u00f1os y ne\u00f1es afayen l&#8217;esp\u00edritu del Antroxu: amarutes, tradici\u00f3n, humor y convivencia.<\/p>\n","protected":false},"excerpt":{"rendered":"<p>Qu\u00e9 prestosu l\u2019Antroxu \ud83c\udfad |\u00a0 Maestr\u00edn Astur<\/p>\n","protected":false},"author":117,"featured_media":0,"comment_status":"closed","ping_status":"closed","sticky":false,"template":"","format":"standard","meta":{"footnotes":""},"categories":[488,35],"tags":[],"class_list":["post-65608","post","type-post","status-publish","format-standard","hentry","category-maestrin-astur","category-musica"],"_links":{"self":[{"href":"https:\/\/edublog.educastur.es\/ixuxu\/wp-json\/wp\/v2\/posts\/65608","targetHints":{"allow":["GET"]}}],"collection":[{"href":"https:\/\/edublog.educastur.es\/ixuxu\/wp-json\/wp\/v2\/posts"}],"about":[{"href":"https:\/\/edublog.educastur.es\/ixuxu\/wp-json\/wp\/v2\/types\/post"}],"author":[{"embeddable":true,"href":"https:\/\/edublog.educastur.es\/ixuxu\/wp-json\/wp\/v2\/users\/117"}],"replies":[{"embeddable":true,"href":"https:\/\/edublog.educastur.es\/ixuxu\/wp-json\/wp\/v2\/comments?post=65608"}],"version-history":[{"count":3,"href":"https:\/\/edublog.educastur.es\/ixuxu\/wp-json\/wp\/v2\/posts\/65608\/revisions"}],"predecessor-version":[{"id":65811,"href":"https:\/\/edublog.educastur.es\/ixuxu\/wp-json\/wp\/v2\/posts\/65608\/revisions\/65811"}],"wp:attachment":[{"href":"https:\/\/edublog.educastur.es\/ixuxu\/wp-json\/wp\/v2\/media?parent=65608"}],"wp:term":[{"taxonomy":"category","embeddable":true,"href":"https:\/\/edublog.educastur.es\/ixuxu\/wp-json\/wp\/v2\/categories?post=65608"},{"taxonomy":"post_tag","embeddable":true,"href":"https:\/\/edublog.educastur.es\/ixuxu\/wp-json\/wp\/v2\/tags?post=65608"}],"curies":[{"name":"wp","href":"https:\/\/api.w.org\/{rel}","templated":true}]}}