{"id":65626,"date":"2026-01-10T08:30:08","date_gmt":"2026-01-10T06:30:08","guid":{"rendered":"https:\/\/edublog.educastur.es\/ixuxu\/?p=65626"},"modified":"2026-01-09T23:49:40","modified_gmt":"2026-01-09T21:49:40","slug":"el-tiempu-el-comercio-231","status":"publish","type":"post","link":"https:\/\/edublog.educastur.es\/ixuxu\/2026\/01\/el-tiempu-el-comercio-231\/","title":{"rendered":"El tiempu (El Comercio)"},"content":{"rendered":"<p style=\"text-align: center\"><a href=\"https:\/\/s3.ppllstatics.com\/elcomercio\/www\/multimedia\/2026\/01\/09\/tiempo-asturias-sabado-10-enero-knsF-U2302588077118HVD-1200x870@El%20Comercio.jpg\"><img loading=\"lazy\" decoding=\"async\" class=\"aligncenter size-large\" src=\"https:\/\/s3.ppllstatics.com\/elcomercio\/www\/multimedia\/2026\/01\/09\/tiempo-asturias-sabado-10-enero-knsF-U2302588077118HVD-1200x870@El%20Comercio.jpg\" width=\"1200\" height=\"870\" \/><\/a><\/p>\n<p>Les ag\u00fces van unviar mientres el d\u00eda. Hasta&#8217;l mediud\u00eda va tar activ\u00e1u l&#8217;avisu mariellu nel cordal por nevaes a partir de los 900\/1000 metros. <strong>Vamos amanecer<\/strong> con cielos nublos o bien nublos ent\u00e1 y con posibilid\u00e1 de delles precipitaciones d\u00e9biles que van ser m\u00e1s frecuentes sobremanera escontra l&#8217;oriente. Esta inestabilid\u00e1 va unviar sobremanera a partir del mediud\u00eda.<strong> La nubosid\u00e1<\/strong> de tipu baxu va sumir por completu quedando los cielos<strong> pela tarde<\/strong> con nubes de tipu mediu y alto a lo sumo. <strong>Hasta&#8217;l mediud\u00eda<\/strong> va tar activ\u00e1u l&#8217;avisu mariellu nel cordal por nevaes a partir de los 900\/1000 metros. <strong>Los vientos<\/strong> van predominar de componente oeste fluexos a moderaos, con raches de suroeste-sur a la fin del d\u00eda. <strong>Les temperatures<\/strong> van caltenese ensin grandes cambeos al respective de les del vienres tantu nel casu de les m\u00e1ximes como nel de les m\u00ednimes. Per otru llau, hasta les 18:00 hores na mari\u00f1a occidental y hasta les 20:00 hores na oriental, va tar activ\u00e1u l&#8217;avisu mariellu por foles d&#8217;hasta 4 o 5 metros.<\/p>\n<p><!--more--><\/p>\n<p><strong>El domingu<\/strong> prevese cierta nubosid\u00e1 de madrugada y primeres hores de la ma\u00f1ana con posibilid\u00e1 de delles ag\u00fces d\u00e9biles que van unviar por completu mientres la ma\u00f1ana. Les nubes van dir a menos con intervalos de nubes altes como muncho. Los vientos van soplar de suroeste con raches moderaes que podr\u00eden ser localmente fuertes nel terciu oeste y zones altes del cordal. Les temperatures, gracies a estos vientos, van xubir de forma notable en tol Princip\u00e1u.<\/p>\n","protected":false},"excerpt":{"rendered":"<p>Les ag\u00fces van unviar mientres el d\u00eda. Hasta&#8217;l mediud\u00eda va tar activ\u00e1u l&#8217;avisu mariellu nel cordal por nevaes a partir de los 900\/1000 metros. Vamos amanecer con cielos nublos o bien nublos ent\u00e1 y con posibilid\u00e1 de delles precipitaciones d\u00e9biles que van ser m\u00e1s frecuentes sobremanera escontra l&#8217;oriente. Esta inestabilid\u00e1 va unviar sobremanera a partir [&hellip;]<\/p>\n","protected":false},"author":117,"featured_media":0,"comment_status":"closed","ping_status":"closed","sticky":false,"template":"","format":"standard","meta":{"footnotes":""},"categories":[5],"tags":[],"class_list":["post-65626","post","type-post","status-publish","format-standard","hentry","category-tiempu"],"_links":{"self":[{"href":"https:\/\/edublog.educastur.es\/ixuxu\/wp-json\/wp\/v2\/posts\/65626","targetHints":{"allow":["GET"]}}],"collection":[{"href":"https:\/\/edublog.educastur.es\/ixuxu\/wp-json\/wp\/v2\/posts"}],"about":[{"href":"https:\/\/edublog.educastur.es\/ixuxu\/wp-json\/wp\/v2\/types\/post"}],"author":[{"embeddable":true,"href":"https:\/\/edublog.educastur.es\/ixuxu\/wp-json\/wp\/v2\/users\/117"}],"replies":[{"embeddable":true,"href":"https:\/\/edublog.educastur.es\/ixuxu\/wp-json\/wp\/v2\/comments?post=65626"}],"version-history":[{"count":1,"href":"https:\/\/edublog.educastur.es\/ixuxu\/wp-json\/wp\/v2\/posts\/65626\/revisions"}],"predecessor-version":[{"id":65627,"href":"https:\/\/edublog.educastur.es\/ixuxu\/wp-json\/wp\/v2\/posts\/65626\/revisions\/65627"}],"wp:attachment":[{"href":"https:\/\/edublog.educastur.es\/ixuxu\/wp-json\/wp\/v2\/media?parent=65626"}],"wp:term":[{"taxonomy":"category","embeddable":true,"href":"https:\/\/edublog.educastur.es\/ixuxu\/wp-json\/wp\/v2\/categories?post=65626"},{"taxonomy":"post_tag","embeddable":true,"href":"https:\/\/edublog.educastur.es\/ixuxu\/wp-json\/wp\/v2\/tags?post=65626"}],"curies":[{"name":"wp","href":"https:\/\/api.w.org\/{rel}","templated":true}]}}