{"id":65650,"date":"2026-01-10T08:48:58","date_gmt":"2026-01-10T06:48:58","guid":{"rendered":"https:\/\/edublog.educastur.es\/ixuxu\/?p=65650"},"modified":"2026-01-10T14:00:55","modified_gmt":"2026-01-10T12:00:55","slug":"la-proxima-selmana-va-ser-lluviosa","status":"publish","type":"post","link":"https:\/\/edublog.educastur.es\/ixuxu\/2026\/01\/la-proxima-selmana-va-ser-lluviosa\/","title":{"rendered":"La pr\u00f3xima selmana va ser lluviosa"},"content":{"rendered":"<p>El fr\u00edu dexa pasu la pr\u00f3xima selmana a temperatures m\u00e1s templaes de lo normal pero con precipitaciones abondoses.<\/p>\n<p style=\"text-align: center\"><a href=\"https:\/\/imagenes.20minutos.es\/files\/image_1280_720\/uploads\/imagenes\/2026\/01\/09\/696129ff684b59-08482762.jpeg\"><img loading=\"lazy\" decoding=\"async\" class=\"aligncenter size-large\" src=\"https:\/\/imagenes.20minutos.es\/files\/image_1280_720\/uploads\/imagenes\/2026\/01\/09\/696129ff684b59-08482762.jpeg\" width=\"1280\" height=\"720\" \/><\/a><\/p>\n<p>La pr\u00f3xima selmana va ser lluviosa, sobremanera na met\u00e1 oeste peninsular, onde se van concentrar les mayores precipitaciones, ente que les temperatures van tar percima de lo normal, seg\u00fan la predicci\u00f3n de l&#8217;Axencia Estatal de Meteorolox\u00eda (Aemet). Asina, agua, aguaxe, vientu y nieve van activar esti s\u00e1badu los avisos en 17 provincies .Los avisos mariellos por nieve van ser n&#8217;Asturies (cordal y Picos d&#8217;Europa), Lli\u00f3n&#8230;<\/p>\n<p><!--more--><\/p>\n<p style=\"text-align: center\"><a href=\"https:\/\/pbs.twimg.com\/media\/G-NilpMWsAAVtZe?format=jpg&amp;name=4096x4096\"><img loading=\"lazy\" decoding=\"async\" class=\"aligncenter size-large\" src=\"https:\/\/pbs.twimg.com\/media\/G-NilpMWsAAVtZe?format=jpg&amp;name=4096x4096\" width=\"2189\" height=\"958\" \/><\/a><\/p>\n<p style=\"text-align: center\">La temperatura medio va ser mayor de lo normal para la d\u00f3mina del a\u00f1u;<br \/>\nla precipitaci\u00f3n acumulada va ser mayor de lo normal para la d\u00f3mina del a\u00f1u.<\/p>\n","protected":false},"excerpt":{"rendered":"<p>El fr\u00edu dexa pasu la pr\u00f3xima selmana a temperatures m\u00e1s templaes de lo normal pero con precipitaciones abondoses. La pr\u00f3xima selmana va ser lluviosa, sobremanera na met\u00e1 oeste peninsular, onde se van concentrar les mayores precipitaciones, ente que les temperatures van tar percima de lo normal, seg\u00fan la predicci\u00f3n de l&#8217;Axencia Estatal de Meteorolox\u00eda (Aemet). [&hellip;]<\/p>\n","protected":false},"author":117,"featured_media":0,"comment_status":"closed","ping_status":"closed","sticky":false,"template":"","format":"standard","meta":{"footnotes":""},"categories":[5],"tags":[],"class_list":["post-65650","post","type-post","status-publish","format-standard","hentry","category-tiempu"],"_links":{"self":[{"href":"https:\/\/edublog.educastur.es\/ixuxu\/wp-json\/wp\/v2\/posts\/65650","targetHints":{"allow":["GET"]}}],"collection":[{"href":"https:\/\/edublog.educastur.es\/ixuxu\/wp-json\/wp\/v2\/posts"}],"about":[{"href":"https:\/\/edublog.educastur.es\/ixuxu\/wp-json\/wp\/v2\/types\/post"}],"author":[{"embeddable":true,"href":"https:\/\/edublog.educastur.es\/ixuxu\/wp-json\/wp\/v2\/users\/117"}],"replies":[{"embeddable":true,"href":"https:\/\/edublog.educastur.es\/ixuxu\/wp-json\/wp\/v2\/comments?post=65650"}],"version-history":[{"count":3,"href":"https:\/\/edublog.educastur.es\/ixuxu\/wp-json\/wp\/v2\/posts\/65650\/revisions"}],"predecessor-version":[{"id":65654,"href":"https:\/\/edublog.educastur.es\/ixuxu\/wp-json\/wp\/v2\/posts\/65650\/revisions\/65654"}],"wp:attachment":[{"href":"https:\/\/edublog.educastur.es\/ixuxu\/wp-json\/wp\/v2\/media?parent=65650"}],"wp:term":[{"taxonomy":"category","embeddable":true,"href":"https:\/\/edublog.educastur.es\/ixuxu\/wp-json\/wp\/v2\/categories?post=65650"},{"taxonomy":"post_tag","embeddable":true,"href":"https:\/\/edublog.educastur.es\/ixuxu\/wp-json\/wp\/v2\/tags?post=65650"}],"curies":[{"name":"wp","href":"https:\/\/api.w.org\/{rel}","templated":true}]}}