{"id":65652,"date":"2026-01-10T08:51:57","date_gmt":"2026-01-10T06:51:57","guid":{"rendered":"https:\/\/edublog.educastur.es\/ixuxu\/?p=65652"},"modified":"2026-01-10T18:38:53","modified_gmt":"2026-01-10T16:38:53","slug":"si-esta-fin-de-selmana-vas-salir-al-monte","status":"publish","type":"post","link":"https:\/\/edublog.educastur.es\/ixuxu\/2026\/01\/si-esta-fin-de-selmana-vas-salir-al-monte\/","title":{"rendered":"Si esta fin de selmana vas salir al monte&#8230;"},"content":{"rendered":"<div class=\"html-div xdj266r x14z9mp xat24cr x1lziwak xexx8yu x1a8lsjc xf7dkkf xv54qhq\">\n<div class=\"html-div xdj266r x14z9mp xat24cr x1lziwak xexx8yu xyri2b x18d9i69 x1c1uobl x1jx94hy x78zum5 x1q0g3np\">\n<div class=\"x78zum5 xdt5ytf xz62fqu x16ldp7u\">\n<div class=\"xu06os2 x1ok221b\">\n<div class=\"html-div xdj266r x14z9mp xat24cr x1lziwak xexx8yu xyri2b x18d9i69 x1c1uobl\" data-ad-rendering-role=\"profile_name\">\n<ul>\n<li class=\"html-h3 x14z9mp xat24cr x1lziwak xexx8yu xyri2b x18d9i69 x1c1uobl x1vvkbs x1heor9g x1qlqyl8 x1pd3egz x1a2a7pz x1gslohp x1yc453h\"><span class=\"x1lliihq x6ikm8r x10wlt62 x1n2onr6\"><span class=\"xt0psk2\"><a class=\"x1i10hfl xjbqb8w x1ejq31n x18oe1m7 x1sy0etr xstzfhl x972fbf x10w94by x1qhh985 x14e42zd x9f619 x1ypdohk xt0psk2 x3ct3a4 xdj266r x14z9mp xat24cr x1lziwak xexx8yu xyri2b x18d9i69 x1c1uobl x16tdsg8 x1hl2dhg xggy1nq x1a2a7pz xkrqix3 x1sur9pj xzsf02u x1s688f\" role=\"link\" href=\"https:\/\/www.facebook.com\/MovilidadAsturias?__cft__[0]=AZYD8WxTxn0ArPuzMiUOvOpIGKKgWI0B-kBWrFUoiMZbdvhIjyzQeuoju6TMxyvfskm1TI8ceUIBG67pm2jyJYcwLwfxnrfgZJ--cxdSS2WyzBqicRvqU1iBTh33bx3pNGc2oYRl7y_w57M0HwaigWoV5BIpTYlrt-qd5UQkpJn8oXPl1P6J5JZUE9YMeqeEjOHu8-Y6D56mUJ355PXcdmeG&amp;__tn__=-UC%2CP-y-R\"><b class=\"html-b xdj266r x14z9mp xat24cr x1lziwak xexx8yu xyri2b x18d9i69 x1c1uobl x1hl2dhg x16tdsg8 x1vvkbs x1s688f\"><span class=\"html-span xdj266r x14z9mp xat24cr x1lziwak xexx8yu xyri2b x18d9i69 x1c1uobl x1hl2dhg x16tdsg8 x1vvkbs\">Consejer\u00eda de Movilidad, Medio Ambiente y Gesti\u00f3n de Emergencias<\/span><\/b><\/a><\/span><\/span><\/li>\n<\/ul>\n<p style=\"text-align: center\">\n<!-- iframe plugin v.6.0 wordpress.org\/plugins\/iframe\/ -->\n<iframe loading=\"lazy\" src=\"https:\/\/www.facebook.com\/plugins\/post.php?href=https%3A%2F%2Fwww.facebook.com%2FMovilidadAsturias%2Fposts%2Fpfbid025DnHd9JxYeG4PcD6scZThURoGmjVoPkq8hHUPpwf7uNv6uDknJADNtyq5d9wbjfGl&#038;show_text=false&#038;width=500\" width=\"500\" height=\"308\" style=\"border:none;overflow:hidden\" scrolling=\"no\" frameborder=\"0\" allowfullscreen=\"true\" allow=\"autoplay; clipboard-write; encrypted-media; picture-in-picture; web-share\" 0=\"\/iframe\" class=\"iframe-class\"><\/iframe>\n<\/p>\n<\/div>\n<\/div>\n<div class=\"xu06os2 x1ok221b\">\n<p>\ud83c\udfd4\ufe0fSi esta fin de selmana vas salir al monte a esfrutar de los visos nevaos <strong>recuerda siguir estos <span style=\"color: #008080\">conseyos d&#8217;autoprotecci\u00f3n del 112 Asturies:<\/span><\/strong><\/p>\n<\/div>\n<\/div>\n<\/div>\n<\/div>\n<div class=\"html-div xdj266r x14z9mp xat24cr x1lziwak xexx8yu xyri2b x18d9i69 x1c1uobl\" dir=\"auto\">\n<div class=\"html-div xdj266r x14z9mp xat24cr x1lziwak xexx8yu xyri2b x18d9i69 x1c1uobl\" dir=\"auto\">\n<div class=\"html-div xdj266r x14z9mp xat24cr x1lziwak xexx8yu xyri2b x18d9i69 x1c1uobl\" data-ad-rendering-role=\"story_message\">\n<div class=\"x1l90r2v x1iorvi4 x1g0dm76 xpdmqnj\" data-ad-comet-preview=\"message\" data-ad-preview=\"message\">\n<div class=\"x78zum5 xdt5ytf xz62fqu x16ldp7u\">\n<div class=\"xu06os2 x1ok221b\">\n<div class=\"html-div xdj266r x14z9mp xat24cr x1lziwak xexx8yu xyri2b x18d9i69 x1c1uobl\">\n<div class=\"xdj266r x14z9mp xat24cr x1lziwak x1vvkbs x126k92a\">\n<ul>\n<li dir=\"auto\">\ud83d\uddd3\ufe0f <em><span style=\"color: #008080\">Plania l&#8217;activid\u00e1 ya inf\u00f3rmate de la localizaci\u00f3n d&#8217;abelugos o cabanes onde abelugate<\/span><\/em><\/li>\n<li dir=\"auto\"><em><span style=\"color: #008080\">\ud83c\udf28 Consulta&#8217;l parte meteorol\u00f3xicu de la zona a la que vas allegar<\/span><\/em><\/li>\n<li dir=\"auto\"><em><span style=\"color: #008080\">\ud83d\udde3\ufe0f Informa a daqui\u00e9n de la to ruta<\/span><\/em><\/li>\n<li dir=\"auto\"><em><span style=\"color: #008080\">\ud83e\udd7e Lleva la equipaci\u00f3n fayadiza<\/span><\/em><\/li>\n<li dir=\"auto\"><em><span style=\"color: #008080\">\ud83d\udc8aPorta un botiqu\u00edn b\u00e1sicu<\/span><\/em><\/li>\n<li dir=\"auto\"><em><span style=\"color: #008080\">\ud83d\udcf2Sal col tel\u00e9fonu carg\u00e1u<\/span><\/em><\/li>\n<\/ul>\n<\/div>\n<\/div>\n<\/div>\n<\/div>\n<\/div>\n<\/div>\n<\/div>\n<\/div>\n","protected":false},"excerpt":{"rendered":"<p>Consejer\u00eda de Movilidad, Medio Ambiente y Gesti\u00f3n de Emergencias \ud83c\udfd4\ufe0fSi esta fin de selmana vas salir al monte a esfrutar de los visos nevaos recuerda siguir estos conseyos d&#8217;autoprotecci\u00f3n del 112 Asturies: \ud83d\uddd3\ufe0f Plania l&#8217;activid\u00e1 ya inf\u00f3rmate de la localizaci\u00f3n d&#8217;abelugos o cabanes onde abelugate \ud83c\udf28 Consulta&#8217;l parte meteorol\u00f3xicu de la zona a la que [&hellip;]<\/p>\n","protected":false},"author":117,"featured_media":0,"comment_status":"closed","ping_status":"closed","sticky":false,"template":"","format":"standard","meta":{"footnotes":""},"categories":[311,48],"tags":[],"class_list":["post-65652","post","type-post","status-publish","format-standard","hentry","category-montes","category-salu"],"_links":{"self":[{"href":"https:\/\/edublog.educastur.es\/ixuxu\/wp-json\/wp\/v2\/posts\/65652","targetHints":{"allow":["GET"]}}],"collection":[{"href":"https:\/\/edublog.educastur.es\/ixuxu\/wp-json\/wp\/v2\/posts"}],"about":[{"href":"https:\/\/edublog.educastur.es\/ixuxu\/wp-json\/wp\/v2\/types\/post"}],"author":[{"embeddable":true,"href":"https:\/\/edublog.educastur.es\/ixuxu\/wp-json\/wp\/v2\/users\/117"}],"replies":[{"embeddable":true,"href":"https:\/\/edublog.educastur.es\/ixuxu\/wp-json\/wp\/v2\/comments?post=65652"}],"version-history":[{"count":2,"href":"https:\/\/edublog.educastur.es\/ixuxu\/wp-json\/wp\/v2\/posts\/65652\/revisions"}],"predecessor-version":[{"id":65664,"href":"https:\/\/edublog.educastur.es\/ixuxu\/wp-json\/wp\/v2\/posts\/65652\/revisions\/65664"}],"wp:attachment":[{"href":"https:\/\/edublog.educastur.es\/ixuxu\/wp-json\/wp\/v2\/media?parent=65652"}],"wp:term":[{"taxonomy":"category","embeddable":true,"href":"https:\/\/edublog.educastur.es\/ixuxu\/wp-json\/wp\/v2\/categories?post=65652"},{"taxonomy":"post_tag","embeddable":true,"href":"https:\/\/edublog.educastur.es\/ixuxu\/wp-json\/wp\/v2\/tags?post=65652"}],"curies":[{"name":"wp","href":"https:\/\/api.w.org\/{rel}","templated":true}]}}