{"id":65658,"date":"2026-01-10T14:06:53","date_gmt":"2026-01-10T12:06:53","guid":{"rendered":"https:\/\/edublog.educastur.es\/ixuxu\/?p=65658"},"modified":"2026-01-10T18:47:02","modified_gmt":"2026-01-10T16:47:02","slug":"un-fascinante-viaxe-al-mundu-del-quesu-nasturies","status":"publish","type":"post","link":"https:\/\/edublog.educastur.es\/ixuxu\/2026\/01\/un-fascinante-viaxe-al-mundu-del-quesu-nasturies\/","title":{"rendered":"Un fascinante viaxe al mundu del quesu&#8230; n&#8217;Asturies"},"content":{"rendered":"<p>Un fascinante viaxe al mundu del quesu\u2026 ensin salir d&#8217;Espa\u00f1a. N&#8217;Asturies, la palabra \u2018para\u00edsu\u2019 tien munches acepciones: monte, mari\u00f1a, costumes\u2026 y gastronom\u00eda. Na mesa, m\u00e1s all\u00e1 de les ic\u00f3niques fabes y cachopu, hai un baluarte con munches facetes: el quesu, fragante y sabrosa tentaci\u00f3n tol a\u00f1u. <a href=\"https:\/\/elpais.com\/gastronomia\/2025-12-16\/un-fascinante-viaje-al-mundo-del-queso-sin-salir-de-espana.html\">El Pa\u00eds gastro<\/a> \/<\/p>\n<p style=\"text-align: center\"><a href=\"https:\/\/imagenes.elpais.com\/resizer\/v2\/KDZUZATMZ5BKHJAJNVI5YQEPNU.jpg?auth=7e6ad31a60eae30abd0ce491c1fce7f5d27da8da04505a3ea9c3a0a3293cc776&amp;width=1200\"><img loading=\"lazy\" decoding=\"async\" class=\"aligncenter size-large\" src=\"https:\/\/imagenes.elpais.com\/resizer\/v2\/KDZUZATMZ5BKHJAJNVI5YQEPNU.jpg?auth=7e6ad31a60eae30abd0ce491c1fce7f5d27da8da04505a3ea9c3a0a3293cc776&amp;width=1200\" width=\"1200\" height=\"800\" \/><\/a><\/p>\n<p><!--more--><\/p>\n<p>Los gastr\u00f3nomos nun llogren ponese d&#8217;alcuerdu. O, m\u00e1s bien, prefieren nun llegar a consensu sobro los factores que determinen la excelencia del quesu asturiano. \u00bfVa ser pola orograf\u00eda y el clima? \u00bfVan ser les camperes escepcionales que nutren al gan\u00e1u y ti\u00f1en de verde envidiable #cualquier paraxa? Tou infl\u00fai, porque inclusive les cueves nes que maurecen dellos tipos tami\u00e9n tienen enforma que dicir.<\/p>\n<p><strong>En total, el Princip\u00e1u d&#8217;Asturies atesora 329 variedaes de quesu en 97 queser\u00edes.<\/strong> Cuenta con cuatro DOP (Cabrales, Gamon\u00e9u, Afuega\u2019l Pitu y Cas\u00edn) y una IGP (Los Beyos). El quesu ta presente en tola gastronom\u00eda, en com\u00edes familiares, n&#8217;ocasiones especiales y en fiestes. Y, poques gracies, constit\u00fai&#8217;l regalu ideal.<\/p>\n<p><strong>Queser\u00edes, otra esperiencia<\/strong> Una de les opciones m\u00e1s saludables y tentadores (y fora de circuitu viaxeru tradicional) ye la visita a cualquier queser\u00eda. Constit\u00fai xuna esperiencia \u00fanica: conocer el procesu d&#8217;ellaboraci\u00f3n, am\u00e1s de faer una inmersi\u00f3n na redolada paisax\u00edstica, humanu y de tradiciones que porta dende anta\u00f1o l&#8217;universu de los quesos. El gan\u00e1u produz una lleche estraordinario pa la ellaboraci\u00f3n del quesu.<\/p>\n<p style=\"text-align: center\"><a href=\"https:\/\/imagenes.elpais.com\/resizer\/v2\/BX3R4TDWP5BZVIASKLIP46XS4I.jpg?auth=421aec543943114d8afbf2b5009ceeff4be9fd22cecfac6b182232ea68f3f702&amp;width=1960\"><img loading=\"lazy\" decoding=\"async\" class=\"aligncenter size-large\" src=\"https:\/\/imagenes.elpais.com\/resizer\/v2\/BX3R4TDWP5BZVIASKLIP46XS4I.jpg?auth=421aec543943114d8afbf2b5009ceeff4be9fd22cecfac6b182232ea68f3f702&amp;width=1960\" width=\"1960\" height=\"1470\" \/><\/a><\/p>\n<p style=\"text-align: center\">Na imaxe, panor\u00e1mica de los Picos d&#8217;Europa dende&#8217;l Mirador de Seguencu.<br \/>\nJuan de Tury\/Princip\u00e1u d&#8217;Asturies<\/p>\n<p>En plena puxanza del mundu rural (si ye que dalguna vegada nun tuvo de moda conocer un Para\u00edsu Natural como Asturies), los alimentos naturales y ecol\u00f3xicos (el llam\u00e1u kil\u00f3metru cero), y el regresu les costumes ancestrales, cada vez son m\u00e1s les queser\u00edes qu&#8217;entamen visites tur\u00edstiques. Cases llexendaries como Ma\u00edn, Vega de Tord\u00edn o El Cabriteru, en Cabrales, amuesen al viaxeru les sotileces d&#8217;unu de los m\u00e1s afamaos quesos azules del mundu: el Cabrales, que cunta col so DOP.<\/p>\n<p><strong>Planes festivos y rutes con sabor. <\/strong>El quesu trescala la vida asturiana tol a\u00f1u. En xineru, ensin dir m\u00e1s all\u00e1, cel\u00e9brase&#8217;l Certame Afuega\u2019l Pitu, en La Foz de Morc\u00edn, y el Festival Nabos y Quesu, en Proaza. En Selmana Santa, la Feria del Quesu de Taramundi. En mayu, la Feria del Quesu y el Vinu, n&#8217;Avil\u00e9s.<\/p>\n<p>M\u00e1s complic\u00e1u resulta decidir \u00f3nde dirixise pel branu. N&#8217;agostu, mes de les vacaciones por excelencia, celebrase en Llanes la Amuesa Quesos Empobine; en Ribesella, la Feria Cuerres: n&#8217;El Campu, el Certame Cas\u00edn, Fiesta d&#8217;Inter\u00e9s Tur\u00edsticu, y n&#8217;Arenas de Cabrales, el Certame Cabrales, que tami\u00e9n ye Fiesta Inter\u00e9s Tur\u00edsticu.<\/p>\n<p>Na seronda, hai que sorrayar el Concursu Quesos Picos d&#8217;Europa de Cangues d&#8217;On\u00eds, y el Certame Gamon\u00e9u (en Benia d&#8217;On\u00eds, Fiesta d&#8217;Inter\u00e9s Tur\u00edsticu), l&#8217;\u00faltimu domingu d&#8217;ochobre.<\/p>\n<p style=\"text-align: center\"><a href=\"https:\/\/imagenes.elpais.com\/resizer\/v2\/5KKHKMZRABBE5KYTOVEXSTVSAY.jpg?auth=ef8524fc3dce0803824fbe9e9e0ca78721468fb06224cd080eaf82c267be262a&amp;width=1960\"><img loading=\"lazy\" decoding=\"async\" class=\"aligncenter size-large\" src=\"https:\/\/imagenes.elpais.com\/resizer\/v2\/5KKHKMZRABBE5KYTOVEXSTVSAY.jpg?auth=ef8524fc3dce0803824fbe9e9e0ca78721468fb06224cd080eaf82c267be262a&amp;width=1960\" width=\"1960\" height=\"1307\" \/><\/a><br \/>\nLa Segunda Flor de Grau ta sorrayada en collor\u00e1u polos viaxeros<br \/>\nm\u00e1s entend\u00edos de dientro y fora del Princip\u00e1u.<br \/>\nJuan de Tury\/Princip\u00e1u d&#8217;Asturies<\/p>\n<p>Abonden les cates, los men\u00faes col quesu como protagonista, les visites a museos (la Cueva-Exposici\u00f3n Queso Cabrales n&#8217;Arenas, por casu), y rutes tur\u00edstiques al golor d&#8217;esti manxar, como la del Quesu y la Sidra n&#8217;Asiegu (Cabrales, Pueblu Exemplar 2019). O la del Gamon\u00e9u (DOP), un quesu hist\u00f3rico amest\u00e1u a los Picos d&#8217;Europa (macizu Occidental\/Corni\u00f3n).<\/p>\n<p>El quesu trescala la vida asturiana tol a\u00f1u. En xineru, ensin dir m\u00e1s all\u00e1, cel\u00e9brase&#8217;l Certame Afuega\u2019l Pitu, en La Foz de Morc\u00edn, y el Festival Nabos y Quesu, en Proaza. En Selmana Santa, la Feria del Quesu de Taramundi. Y en mayu, la Feria del Quesu y el Vinu, n&#8217;Avil\u00e9s<\/p>\n<p>El Gamon\u00e9u ellaborase con amiestu de lleches de vaca, oveya y cabra. Tien dos variantes: el del Valle, que se maurez en cueves naturales, seg\u00fan una tradici\u00f3n que se tresmite de xeneraci\u00f3n en xeneraci\u00f3n. El del Puertu produzse solo ente xunu y setiembre, en mayaes d&#8217;altu monte d&#8217;On\u00eds y Cangues d&#8217;On\u00eds.<\/p>\n<p style=\"text-align: center\"><a href=\"https:\/\/imagenes.elpais.com\/resizer\/v2\/Q7L4PJOHIFDRDLBO4VF4326GFE.jpg?auth=2e82b947df9ca2dc53d0a3f6896e8133f090dc0a118125d1f884629706d014fa&amp;width=1960\"><img loading=\"lazy\" decoding=\"async\" class=\"aligncenter size-large\" src=\"https:\/\/imagenes.elpais.com\/resizer\/v2\/Q7L4PJOHIFDRDLBO4VF4326GFE.jpg?auth=2e82b947df9ca2dc53d0a3f6896e8133f090dc0a118125d1f884629706d014fa&amp;width=1960\" width=\"1960\" height=\"1307\" \/><\/a>Sell\u00e1u del quesu n&#8217;El Campu. El Certame Cas\u00edn, quesu<br \/>\ncon Denominaci\u00f3n d&#8217;Orixe, ye fiesta Fiesta d&#8217;Inter\u00e9s Tur\u00edsticu.<br \/>\nJos\u00e9 Su\u00e1rez\/Princip\u00e1u d&#8217;Asturies<\/p>\n<p>La ruta del Gamon\u00e9u empieza en Benia, considerada la capital d&#8217;esta varied\u00e1 (xuntu con Cangas) y con bonos chigres y restoranes de cocina tradicional, places seles, xente hospitalario, queser\u00edes, tiendes y hoteles con encantu. Nel centru destaca una escultura d&#8217;un pastor col so perru, s\u00edmbolu de la tradici\u00f3n quesera de la zona. La ruta xube escontra aldegues como Boviabaxu y Boviarriba, hasta llegar a Demu\u00e9s, qu&#8217;apaez colg\u00e1u de la fastera, como puntu de partida ideal pa siguir esquizando mayaes y paisaxes del Gamon\u00e9u del Puertu.<\/p>\n<p><strong>Llagares, qu\u00e9 llugares tan prestosos pa esfrutar. <\/strong>Qu\u00e9 ser\u00eda d&#8217;esta tierra ensin la sidra, cola que s&#8217;harmonicen tolos productos aut\u00f3ctonos. Los llagares (llugares d&#8217;ellaboraci\u00f3n d&#8217;esta b\u00e9bora, que la so cultura acomu\u00f1ada ta declarada Patrimoniu Mundial pola Unesco dende 2024) son espacios clave de la tradici\u00f3n secular asturiana.<\/p>\n<p style=\"text-align: center\"><a href=\"https:\/\/imagenes.elpais.com\/resizer\/v2\/7WKBYZRDCVA7JKUVIJ3N2ISNFU.jpg?auth=83572d36a71a9cdd7c218e7e9e3e7eda3393051ab00314ef92757b71ddab0a43&amp;width=1960\"><img loading=\"lazy\" decoding=\"async\" class=\"aligncenter size-large\" src=\"https:\/\/imagenes.elpais.com\/resizer\/v2\/7WKBYZRDCVA7JKUVIJ3N2ISNFU.jpg?auth=83572d36a71a9cdd7c218e7e9e3e7eda3393051ab00314ef92757b71ddab0a43&amp;width=1960\" width=\"1960\" height=\"1199\" \/><\/a>La espicha, una xunta ancestral nel llagar, constit\u00fai l&#8217;harmon\u00eda perfecta<br \/>\npa la degustaci\u00f3n d&#8217;esta xoya de la gastronom\u00eda asturiana.<br \/>\nJ.Ram\u00f3n P\u00e9rez Ornia\/Princip\u00e1u d&#8217;Asturies<\/p>\n<p>Cada vez m\u00e1s locales ufierten visites empuestes, cates y espiches mientres tol a\u00f1u, y ye de setiembre a avientu cuando se ve la ellaboraci\u00f3n en vivu. Son munchos los llagares visitables, pero pueden se\u00f1alase como ineludibles El Gaiteru, Casta\u00f1\u00f3n y Cortina, en Villaviciosa; Trabanco, Castiello Bernueces y Men\u00e9ndez, en Xix\u00f3n; Vilba de Angel\u00f3n, en Nava; Crespo, en Colunga, y Pamirandi (con llagar escav\u00e1u en roca) n&#8217;Asiegu, Cabrales. El club Sidraturismo Asturies ayuda a completar la esperiencia.<\/p>\n<p>Hai que cerrar fecha pa este planazo gastron\u00f3micu. Nin Francia nin Italia nin Suiza. El quesu, Asturies.<\/p>\n<p><strong>\u00d3nde atopar el meyor \u2018souvenir\u2019<\/strong><\/p>\n<p style=\"text-align: center\"><a href=\"https:\/\/cloudfront-eu-central-1.images.arcpublishing.com\/prisa\/7XC2ZIXWD5FDXNZTOHPRZ6RNC4.jpg\"><img loading=\"lazy\" decoding=\"async\" class=\"aligncenter size-large\" src=\"https:\/\/cloudfront-eu-central-1.images.arcpublishing.com\/prisa\/7XC2ZIXWD5FDXNZTOHPRZ6RNC4.jpg\" width=\"8000\" height=\"5715\" \/><\/a><\/p>\n<p style=\"text-align: center\">Crivencar viende productos gastron\u00f3micos aut\u00f3ctonos<br \/>\nnes tr\u00e9s ciudaes mayores d&#8217;Asturies.<br \/>\nAmar Hern\u00e1ndez\/Hern\u00e1ndez y Barrera<\/p>\n<p>Los mercaos tradicionales son ideales pa mercar quesos artesanos y conocer la cultura local. Hai merc\u00e1u casi tolos d\u00edes de la selmana. Destaquen los dominicales: Font\u00e1n (Uvi\u00e9u), Mieres, Cangues d&#8217;On\u00eds (quesos Picos d&#8217;Europa), Xix\u00f3n (que tami\u00e9n celebra un merc\u00e1u ecol\u00f3xicu mensual) y Grau (Afuega\u2019l Pitu). Hai tami\u00e9n s\u00e1bados bien activos n&#8217;Uvi\u00e9u, Cand\u00e1s, Carre\u00f1a de Cabrales, Nueva de Llanes&#8230; Y los llunes muncha xente se resreva pal d&#8217;Avil\u00e9s.<\/p>\n<p>Pero <strong>Asturies tien tami\u00e9n una notable ufierta de tiendes gourmet<\/strong>, onde ye posible faese colos meyores productos gastron\u00f3micos de la tierra. Hai inclusive chigres-tienda con muncho sabor nos que ye posible afayar esi quesu artesano que non el viaxeru (y el paisanu) nun conoc\u00eda. Anque ye complic\u00e1u numberar tolos locales que merecen la pena, ende van dalgunos.<\/p>\n<ul>\n<li>N&#8217;Uvi\u00e9u, y tami\u00e9n en Xix\u00f3n, Coalla Gourmet ufierta xuna amplia selecci\u00f3n de productos, ente ellos quesos. Pela so parte, Crivencar viende productos gastron\u00f3micos aut\u00f3ctonos nes tr\u00e9s ciudaes d&#8217;Asturies.<\/li>\n<li>Coles mesmes, n&#8217;Uvi\u00e9u\/Uvi\u00e9u son xuna referencia a tener en cuenta Casa Veneranda, Camponorte, Mantequer\u00edes Loli Arrieta, Aramburu o don Foodie Gourmet.<\/li>\n<li>En Xix\u00f3n, L&#8217;Alacena, el Saroma Salas &amp; Gayol, el Gallego Vintage, el Mitequiero Gourmet, o La Esquina son sitios p&#8217;anotar nel cuadiernu gastron\u00f3micu, ente otros.<\/li>\n<li>Am\u00e1s, en La Felguera (Llangr\u00e9u) ta la tienda de quesos d&#8217;Aitor Vega, tou un cl\u00e1sicu.<\/li>\n<li>Y en Avil\u00e9s, Delicatessen Antonio y Gorfol\u00ed.<\/li>\n<\/ul>\n","protected":false},"excerpt":{"rendered":"<p>Un fascinante viaxe al mundu del quesu\u2026 ensin salir d&#8217;Espa\u00f1a. N&#8217;Asturies, la palabra \u2018para\u00edsu\u2019 tien munches acepciones: monte, mari\u00f1a, costumes\u2026 y gastronom\u00eda. Na mesa, m\u00e1s all\u00e1 de les ic\u00f3niques fabes y cachopu, hai un baluarte con munches facetes: el quesu, fragante y sabrosa tentaci\u00f3n tol a\u00f1u. El Pa\u00eds gastro \/<\/p>\n","protected":false},"author":117,"featured_media":0,"comment_status":"closed","ping_status":"closed","sticky":false,"template":"","format":"standard","meta":{"footnotes":""},"categories":[151],"tags":[],"class_list":["post-65658","post","type-post","status-publish","format-standard","hentry","category-quesos"],"_links":{"self":[{"href":"https:\/\/edublog.educastur.es\/ixuxu\/wp-json\/wp\/v2\/posts\/65658","targetHints":{"allow":["GET"]}}],"collection":[{"href":"https:\/\/edublog.educastur.es\/ixuxu\/wp-json\/wp\/v2\/posts"}],"about":[{"href":"https:\/\/edublog.educastur.es\/ixuxu\/wp-json\/wp\/v2\/types\/post"}],"author":[{"embeddable":true,"href":"https:\/\/edublog.educastur.es\/ixuxu\/wp-json\/wp\/v2\/users\/117"}],"replies":[{"embeddable":true,"href":"https:\/\/edublog.educastur.es\/ixuxu\/wp-json\/wp\/v2\/comments?post=65658"}],"version-history":[{"count":4,"href":"https:\/\/edublog.educastur.es\/ixuxu\/wp-json\/wp\/v2\/posts\/65658\/revisions"}],"predecessor-version":[{"id":65666,"href":"https:\/\/edublog.educastur.es\/ixuxu\/wp-json\/wp\/v2\/posts\/65658\/revisions\/65666"}],"wp:attachment":[{"href":"https:\/\/edublog.educastur.es\/ixuxu\/wp-json\/wp\/v2\/media?parent=65658"}],"wp:term":[{"taxonomy":"category","embeddable":true,"href":"https:\/\/edublog.educastur.es\/ixuxu\/wp-json\/wp\/v2\/categories?post=65658"},{"taxonomy":"post_tag","embeddable":true,"href":"https:\/\/edublog.educastur.es\/ixuxu\/wp-json\/wp\/v2\/tags?post=65658"}],"curies":[{"name":"wp","href":"https:\/\/api.w.org\/{rel}","templated":true}]}}