{"id":65691,"date":"2026-01-10T18:10:52","date_gmt":"2026-01-10T16:10:52","guid":{"rendered":"https:\/\/edublog.educastur.es\/ixuxu\/?p=65691"},"modified":"2026-01-10T21:50:01","modified_gmt":"2026-01-10T19:50:01","slug":"la-ciuda-nel-mar-cantar-ep-lluminaria-del-grupu-la-ciuda-nel-mar","status":"publish","type":"post","link":"https:\/\/edublog.educastur.es\/ixuxu\/2026\/01\/la-ciuda-nel-mar-cantar-ep-lluminaria-del-grupu-la-ciuda-nel-mar\/","title":{"rendered":"EP \u2018Lluminaria\u2019 del grupu \u00abLa Ciud\u00e1 nel Mar\u00bb"},"content":{"rendered":"<div class=\"elementor-element elementor-element-667e3c7 elementor-widget__width-inherit elementor-widget elementor-widget-theme-post-title elementor-page-title elementor-widget-heading\" data-id=\"667e3c7\" data-element_type=\"widget\" data-widget_type=\"theme-post-title.default\">\n<div class=\"elementor-widget-container\">\n<p class=\"elementor-heading-title elementor-size-default\"><strong>La Ciud\u00e1 nel Mar<\/strong> compilen los sos cuatro primeros temes nel <strong>EP \u2018Lluminaria\u2019.<\/strong> El cuartetu estr\u00e9nase nun primer trabayu qu&#8217;amuesa una diversid\u00e1 sonora que va del folk al indie y la calid\u00e1 lliteraria de les sos lletres. <a href=\"https:\/\/www.facebook.com\/reel\/2006004786613994\"><strong>PIECES TPA<\/strong><\/a> \/ <a href=\"https:\/\/musicasturiana.com\/la-ciuda-nel-mar-compilen-los-sos-cuatro-primeros-temes-nel-ep-lluminaria\/\">Musicasturiana.com<\/a><\/p>\n<p style=\"text-align: center\"><a href=\"https:\/\/musicasturiana.com\/wp-content\/uploads\/2025\/10\/la-ciuda-nel-mar-directo-OK.jpg\"><img loading=\"lazy\" decoding=\"async\" class=\"aligncenter size-large\" src=\"https:\/\/musicasturiana.com\/wp-content\/uploads\/2025\/10\/la-ciuda-nel-mar-directo-OK.jpg\" width=\"1200\" height=\"600\" \/><\/a><\/p>\n<p>Estr\u00e9nase en toles plataformes musicales <em><strong><a href=\"https:\/\/orcd.co\/lluminaria-ep\" target=\"_blank\" rel=\"noreferrer noopener\">Lluminaria<\/a><\/strong><\/em>, el primer EP de La Ciud\u00e1 nel Mar. El llanzamientu compila los cuatro temes qu\u2019esta moza banda<strong> folk, pop, indie y canci\u00f3n d\u2019autor<\/strong> foi asoleyando dende xunu d\u2019esti a\u00f1u y ye un reflexu de la diversid\u00e1 sonora y la calid\u00e1 <strong>lliteraria <\/strong>cola que trabayen <strong>Andr\u00e9s Garc\u00eda<\/strong>\u00a0(guitarra),\u00a0<strong>Marina Pangua\u00a0<\/strong>(voz, percusi\u00f3n, guitarra),\u00a0<strong>Celia Nieto<\/strong>\u00a0(vigul\u00edn) y\u00a0<strong>\u00c1ngel \u2018Tom\u2019 Villa<\/strong>\u00a0(vigul\u00edn).<\/p>\n<p><!--more--><\/p>\n<p>Grab\u00e1u nos Tutu Estudios de Corvera con producci\u00f3n de Sergio Rodr\u00edguez y con un dise\u00f1u -mesmo de la portada que de los cenciellos- fechu por Celia Nieto, <em>Lluminaria <\/em>ta form\u00e1u por cuatro temes que Marina Pangua foi presentando en declaraciones pa MUSICASTURIANA.COM. De <strong>\u2018<a href=\"https:\/\/musicasturiana.com\/la-ciuda-nel-mar-publiquen-el-so-primer-cantar-foles-ermes\/\">Foles Ermes<\/a>\u2018 <\/strong>dixo \u00abfoi una lletra qu\u2019escrib\u00ed fai un tiemp\u00edn y el cantar escoy\u00edmoslu como single porque foi\u2019l que\u00a0<strong>nos sali\u00f3 del coraz\u00f3n<\/strong>\u00a0y el que nos pid\u00eda\u2019l cuerpu d\u2019ente tolos qu\u2019hab\u00eda\u00bb. Esti tema con un ritmu sele cercanu al indie y la canci\u00f3n autor tami\u00e9n conti\u00e9n l\u2019entemediu musical \u2018<strong>La Espluma\u2019<\/strong>, obra de la vigulinera\u00a0<strong>Celia Nieto<\/strong>.<\/p>\n<p style=\"text-align: center\">\n<!-- iframe plugin v.6.0 wordpress.org\/plugins\/iframe\/ -->\n<iframe data-testid=\"embed-iframe\" style=\"border-radius:12px\" src=\"https:\/\/open.spotify.com\/embed\/album\/4XXnqBNSc8X2Z60NWDmZk5?utm_source=generator\" width=\"100%\" height=\"352\" frameborder=\"0\" allowfullscreen allow=\"autoplay; clipboard-write; encrypted-media; fullscreen; picture-in-picture\" loading=\"lazy\" 0=\"\/iframe\" scrolling=\"yes\" class=\"iframe-class\"><\/iframe>\n<\/p>\n<p><strong>\u2018<a href=\"https:\/\/musicasturiana.com\/lluminaria-yel-single-nuevu-de-la-ciuda-nel-mar\/\">Lluminaria<\/a>\u2018 <\/strong>ye\u2019l cantar que da nome al EP; una composici\u00f3n propia con ritmu de\u00a0<strong>mu\u00f1eira<\/strong>; y, como desplica la Pangua, \u00abxuega col\u00a0<strong>contraste ente la tiniebla<\/strong>, lo escuro, lo que manca, lo que duel, lo que da mieu inclusu\u2026 y la lluminaria como esa lluz misteriosa de\u00a0<strong>daqu\u00e9 que tov\u00eda nun se conoz, pero que ta por venir y que va ser bueno<\/strong>\u00bb. \u00abLa m\u00fasica ye<strong>\u00a0pa baillar<\/strong>. Escoyimos un ritmu de\u00a0<strong>mu\u00f1eira\u00a0<\/strong>y ent\u00f3s qued\u00f3 un tema bien anim\u00e1u\u00bb, comenta sobre esti cantar d\u2019autor\u00eda propia qu\u2019incl\u00fai tami\u00e9n una <strong>melod\u00eda tradicional<\/strong>, \u2018El trepeletr\u00e9\u2019.<\/p>\n<p><strong>\u2018<a href=\"https:\/\/musicasturiana.com\/la-ciuda-nel-mar-asoleyen-vuelta-el-so-tercer-cenciellu\/\">Vuelta<\/a>\u2018<\/strong> ye\u2019l <strong>tema m\u00e1s pop<\/strong> y n\u00e9l cunten cola collaboraci\u00f3n al baxu de<strong>\u00a0Sergio Rodr\u00edguez<\/strong>\u00a0y de<strong>\u00a0Luis Sen\u00e9n Fern\u00e1ndez\u00a0<\/strong>a la bater\u00eda. \u00abYe\u2019l primer cantar qu\u2019arreglemos al xuntanos, asina qu\u2019a n\u00f3s\u00a0<strong>su\u00e9nanos al nuestru entamu<\/strong>. Y eso que, precisamente por ser el primeru, ye \u00fan de los que\u00a0<strong>m\u00e1s se foi tresformando,<\/strong>\u00a0amold\u00e1ndose al nuesu cam\u00edn\u00bb, desplica<strong>\u00a0Marina Pangua<\/strong> sobre un cantar que con \u00ab<strong>sonorid\u00e1 diferente\u00bb <\/strong>que \u00abfala d\u2019un momentu vital de camb\u00e9u: la efervescencia que produz<strong>\u00a0venir de tarr\u00e9n desconoc\u00edo, lo reconfortante de volver<\/strong>\u00a0y la certeza de que\u00a0<strong>lo que foi importante, nunca termina<\/strong>\u00bb.<\/p>\n<p>L\u2019EP z\u00e1rralu <strong>\u2018<a href=\"https:\/\/musicasturiana.com\/la-ciuda-nel-mar-anoven-la-tonada-asturiana-nel-single-siempre-llibre\/\">Siempre llibre<\/a>\u2018<\/strong>, una tonada renovada qu\u2019asina presenta Pangua: \u00abnaz d\u2019una tonada cl\u00e1sica asturiana que se llama\u00a0<strong>\u2018Siempre sola\u2019\u00a0<\/strong>a la que-y\u00a0<strong>cambi\u00e9 la lletra orixinal porque yera tremendamente desoladora<\/strong>\u00bb. Asina ye como conviertieron esta pieza notra \u00abempoderadora, esperanzadora y feminista\u00bb que musicalmente sustit\u00fai los bordones de la gaita por copes de cristal y incl\u00fai vigulinos que dan \u00abun aire mui llixeru\u00bb.<\/p>\n<div class=\"wp-block-spacer\" aria-hidden=\"true\"><\/div>\n<h2 class=\"wp-block-heading\"><mark class=\"has-inline-color\">Siguir nel cam\u00edn<\/mark><\/h2>\n<p>La Ciud\u00e1 nel Mar <a href=\"https:\/\/musicasturiana.com\/tenemos-la-formacion-que-buscabemos-cantares-fechos-con-rixu-y-amor-munches-ganes-de-facer-musica\/\">present\u00f3se p\u00fablicamente esti a\u00f1u<\/a>, pero la semiente d\u2019esti cuartetu rem\u00f3ntase a\u00a0<strong>2019\u00a0<\/strong>cuando \u00ab<strong>El\u00edas Garc\u00eda y Diego Pangua<\/strong>\u00a0ficieron d\u2019alcag\u00fcetes nel Festival de Lorient\u00bb conversando cola cantante. \u00abD\u2019eh\u00ed surdi\u00f3 una primera formaci\u00f3n\u00bb, comenta Marina Pangua, a\u00f1adiendo que \u00abcol pasu y el posu del tiempu, a la fin prendi\u00f3 con fuercia aquella semiente y<strong>\u00a0tenemos la formaci\u00f3n que busc\u00e1bemos, cantares fechos con rixu y amor y munches ganes de facer m\u00fasica<\/strong>\u00bb<\/p>\n<p>Am\u00e1s de la so orixinalid\u00e1 musical qu\u2019entemez tradici\u00f3n, canci\u00f3n d\u2019autor y indie-pop, la\u00a0<strong>lliteratura\u00a0<\/strong>ye otru de los pegollos de La Ciud\u00e1 nel Mar y amu\u00e9senlo hasta nel nome, que \u00abvien d\u2019un poema d\u2019<strong>Edgar Allan Poe<\/strong>:\u00a0<em>The City in the Sea<\/em>\u00ab. Asina ye como la vocalista, percusionista y guitarrista desplica que \u00ables lletres t\u00e1n mui cuidaes\u00bb, que creen \u00abmuncho na\u00a0<strong>simbiosis de m\u00fasica y lliteratura<\/strong>\u00bb y, poro, dan \u00abgran importancia al testu\u00bb. <em>Lluminaria<\/em> ye un reflexu de too esto y l\u2019adelantu de<strong> tol cam\u00edn que\u2019l cuartetu tien per delantre<\/strong> y pal que y\u00e1 t\u00e1n dando los pr\u00f3ximos pasos.<\/p>\n<\/div>\n<p style=\"text-align: center\">\n<\/div>\n<p>&nbsp;<\/p>\n","protected":false},"excerpt":{"rendered":"<p>La Ciud\u00e1 nel Mar compilen los sos cuatro primeros temes nel EP \u2018Lluminaria\u2019. El cuartetu estr\u00e9nase nun primer trabayu qu&#8217;amuesa una diversid\u00e1 sonora que va del folk al indie y la calid\u00e1 lliteraria de les sos lletres. PIECES TPA \/ Musicasturiana.com Estr\u00e9nase en toles plataformes musicales Lluminaria, el primer EP de La Ciud\u00e1 nel Mar. [&hellip;]<\/p>\n","protected":false},"author":117,"featured_media":0,"comment_status":"closed","ping_status":"closed","sticky":false,"template":"","format":"standard","meta":{"footnotes":""},"categories":[35,125],"tags":[],"class_list":["post-65691","post","type-post","status-publish","format-standard","hentry","category-musica","category-musicasturiana-com"],"_links":{"self":[{"href":"https:\/\/edublog.educastur.es\/ixuxu\/wp-json\/wp\/v2\/posts\/65691","targetHints":{"allow":["GET"]}}],"collection":[{"href":"https:\/\/edublog.educastur.es\/ixuxu\/wp-json\/wp\/v2\/posts"}],"about":[{"href":"https:\/\/edublog.educastur.es\/ixuxu\/wp-json\/wp\/v2\/types\/post"}],"author":[{"embeddable":true,"href":"https:\/\/edublog.educastur.es\/ixuxu\/wp-json\/wp\/v2\/users\/117"}],"replies":[{"embeddable":true,"href":"https:\/\/edublog.educastur.es\/ixuxu\/wp-json\/wp\/v2\/comments?post=65691"}],"version-history":[{"count":3,"href":"https:\/\/edublog.educastur.es\/ixuxu\/wp-json\/wp\/v2\/posts\/65691\/revisions"}],"predecessor-version":[{"id":65696,"href":"https:\/\/edublog.educastur.es\/ixuxu\/wp-json\/wp\/v2\/posts\/65691\/revisions\/65696"}],"wp:attachment":[{"href":"https:\/\/edublog.educastur.es\/ixuxu\/wp-json\/wp\/v2\/media?parent=65691"}],"wp:term":[{"taxonomy":"category","embeddable":true,"href":"https:\/\/edublog.educastur.es\/ixuxu\/wp-json\/wp\/v2\/categories?post=65691"},{"taxonomy":"post_tag","embeddable":true,"href":"https:\/\/edublog.educastur.es\/ixuxu\/wp-json\/wp\/v2\/tags?post=65691"}],"curies":[{"name":"wp","href":"https:\/\/api.w.org\/{rel}","templated":true}]}}