{"id":65706,"date":"2026-01-10T14:30:04","date_gmt":"2026-01-10T12:30:04","guid":{"rendered":"https:\/\/edublog.educastur.es\/ixuxu\/?p=65706"},"modified":"2026-01-11T21:31:57","modified_gmt":"2026-01-11T19:31:57","slug":"xx-capitulu-de-la-confreria-damigos-de-los-nabos-en-la-foz-de-morcin","status":"publish","type":"post","link":"https:\/\/edublog.educastur.es\/ixuxu\/2026\/01\/xx-capitulu-de-la-confreria-damigos-de-los-nabos-en-la-foz-de-morcin\/","title":{"rendered":"XX Cap\u00edtulu de la Confrer\u00eda d&#8217;Amigos de los Nabos en La\u00a0Foz de Morc\u00edn."},"content":{"rendered":"<p>Nabos que se comen a besos en La Foz: asina foi la particular ceremonia gastron\u00f3mica de Morc\u00edn. Los periodistes Jes\u00fas \u00c1lvarez y Ana Francisco, Mantequer\u00eda Arias y l&#8217;asociaci\u00f3n Torre\u00f3n Coto de Pe\u00f1er\u00faes xuren defender y promover el cultivu d&#8217;esta hortoliza na fiesta a\u00f1al entamada pola so Confrer\u00eda. <a href=\"https:\/\/www.lne.es\/cuencas\/2026\/01\/10\/nabos-comen-besos-foz-particular-125555244.html\">LNE<\/a> \/<a href=\"https:\/\/www.lne.es\/fotos\/2026\/01\/10\/xx-capitulo-cofradia-amigos-nabos-125556090.html#foto=1\">semeyes\u00a0 LNE<\/a><\/p>\n<p style=\"text-align: center\"><a href=\"https:\/\/estaticos-cdn.prensaiberica.es\/clip\/857ba1ce-505d-4a37-af6f-e4b305f95737_source-aspect-ratio_default_0.jpg\"><img loading=\"lazy\" decoding=\"async\" class=\"aligncenter size-large\" src=\"https:\/\/estaticos-cdn.prensaiberica.es\/clip\/857ba1ce-505d-4a37-af6f-e4b305f95737_source-aspect-ratio_default_0.jpg\" width=\"2000\" height=\"1333\" \/><\/a><\/p>\n<p>Per ventiavu a\u00f1u, la Confrer\u00eda d&#8217;Amigos de los Nabos fa\u00eda so la ilesia de La Foz de Morc\u00edn para celebrar un nuevu Gran Cap\u00edtulu de la so intensa hestoria. Un actu que sirvi\u00f3 para entronizar como Cofrades d&#8217;Honor, como nuevos \u00abcomenabos\u00bb, a los periodistes Jes\u00fas \u00c1lvarez (TVE) y Ana Francisco (TPA), a la empresa Mantequer\u00eda Arias, con casi dos sieglos d&#8217;hestoria, y a l&#8217;Asociaci\u00f3n Torre\u00f3n Coto de Pe\u00f1er\u00faes.<\/p>\n<p><!--more--><\/p>\n<p>Un actu qu&#8217;empez\u00f3 con una emocionante alcordanza a los socios finaos, ente ellos Jos\u00e9 Antonio Mart\u00ednez Allende (\u00abJama\u00bb, fundador del colectivu), y a los mineros finaos en Zarr\u00e9u y Vega de Reng\u00f3s, y que termin\u00f3 ente rises por esi xuegu\u00bb que da&#8217;l nabu a la de falar de la hortoliza.<\/p>\n<p>El desfile de les confrer\u00edes qu&#8217;acompa\u00f1aron a la morciniega y la semeya de familia abr\u00eden los actos. Sicas\u00ed, <strong>la soleyera ma\u00f1ana de s\u00e1badu yera un escenariu envidiable por que los cofrades llegaos de dellos puntos del pa\u00eds<\/strong>, Francia ya inclusive de Portugal, pudieren compartir pasi\u00f3n pola gastronom\u00eda. La periodista y presentadora del programa \u00abEl Picu\u00bb, Ana Francisco, foi una de les entronizadas esti s\u00e1badu como Cofrade d&#8217;Honor.<\/p>\n<p style=\"text-align: center\"><a href=\"https:\/\/estaticos-cdn.prensaiberica.es\/clip\/6de48ec4-bcfc-40aa-90ed-7dc216e08d4c_source-aspect-ratio_default_0.jpg\"><img loading=\"lazy\" decoding=\"async\" class=\"aligncenter size-large\" src=\"https:\/\/estaticos-cdn.prensaiberica.es\/clip\/6de48ec4-bcfc-40aa-90ed-7dc216e08d4c_source-aspect-ratio_default_0.jpg\" width=\"2000\" height=\"1333\" \/><\/a><\/p>\n<p>Reconocida por munchos vecinos que s&#8217;averaben a pidi-y una semeya y parolar con ella, Francisco taba encantada. Asegur\u00f3 que ser cofrade d&#8217;Honor de los Amigos de los Nabos ye especial \u00abporque am\u00e1s paezme daqu\u00e9 bien amest\u00e1u al pueblu, al raiga\u00f1u, faime muncha ilusi\u00f3n\u00bb. Lleonesa de nacencia pero y\u00e1 asturiana d&#8217;adopci\u00f3n, en siendo entronizada y besar el nabu, marca de carm\u00edn na hortoliza incluyida, la periodista aprovech\u00f3 pa convidar a los asistentes a apuntase al programa que presenta y tami\u00e9n a adoptar un galgu, otra de les pasiones poles que se tresvive.<\/p>\n<p>Asina foi&#8217;l XX Cap\u00edtulu de la Confrer\u00eda d&#8217;Amigos de los Nabos en La Foz de Morc\u00edn.<\/p>\n<p style=\"text-align: center\">\n<!-- iframe plugin v.6.0 wordpress.org\/plugins\/iframe\/ -->\n<iframe loading=\"lazy\" src=\"https:\/\/www.facebook.com\/plugins\/video.php?height=476&#038;href=https%3A%2F%2Fwww.facebook.com%2Freel%2F1309521671225028%2F&#038;show_text=false&#038;width=267&#038;t=0\" width=\"267\" height=\"476\" style=\"border:none;overflow:hidden\" scrolling=\"no\" frameborder=\"0\" allowfullscreen=\"true\" allow=\"autoplay; clipboard-write; encrypted-media; picture-in-picture; web-share\" 0=\"\/iframe\" class=\"iframe-class\"><\/iframe>\n<\/p>\n<p style=\"text-align: center\"><a href=\"https:\/\/estaticos-cdn.prensaiberica.es\/clip\/4e5444b6-24e1-43bf-bed8-818979fd7aa7_source-aspect-ratio_default_0.jpg\"><img loading=\"lazy\" decoding=\"async\" class=\"aligncenter size-large\" src=\"https:\/\/estaticos-cdn.prensaiberica.es\/clip\/4e5444b6-24e1-43bf-bed8-818979fd7aa7_source-aspect-ratio_default_0.jpg\" width=\"2000\" height=\"1333\" \/><\/a><\/p>\n<p style=\"text-align: center\"><a href=\"https:\/\/estaticos-cdn.prensaiberica.es\/clip\/5ef73f31-88d7-44d0-8ca1-e821840b5e6b_source-aspect-ratio_default_0.jpg\"><img loading=\"lazy\" decoding=\"async\" class=\"aligncenter size-large\" src=\"https:\/\/estaticos-cdn.prensaiberica.es\/clip\/5ef73f31-88d7-44d0-8ca1-e821840b5e6b_source-aspect-ratio_default_0.jpg\" width=\"2000\" height=\"1333\" \/><\/a><\/p>\n<p>Primero que Ana Francisco hab\u00eden y\u00e1 traves\u00e1u l&#8217;arcu d&#8217;onde cuelga&#8217;l pimpanu nabu que preside la ceremonia tanto Raquel Pereira, presidenta de l&#8217;asociaci\u00f3n Torre\u00f3n Coto de Pe\u00f1er\u00faes, como Javier Raspia, responsable de mantequer\u00eda Arias. Pereira eponder\u00f3&#8217;l trabayu de los Amigos de los Nabos: \u00abunos y otros lo que faemos ye curiar el patrimoniu y entamar actividaes pa de too tipu pa dar a conocer el conceyu de Morc\u00edn\u00bb. Mientres, Javier Raspia tami\u00e9n estim\u00f3 a la Confrer\u00eda que se va alcordar de la mantequer\u00eda, y destac\u00f3 los llazos ente empresa y asociaci\u00f3n: \u00aba dambos x\u00fanenos la pasi\u00f3n pola gastronom\u00eda\u00bb.<\/p>\n<p style=\"text-align: center\"><a href=\"https:\/\/estaticos-cdn.prensaiberica.es\/clip\/baf70770-04f1-42a2-ad8d-511159b37e3c_source-aspect-ratio_default_0.jpg\"><img loading=\"lazy\" decoding=\"async\" class=\"aligncenter size-large\" src=\"https:\/\/estaticos-cdn.prensaiberica.es\/clip\/baf70770-04f1-42a2-ad8d-511159b37e3c_source-aspect-ratio_default_0.jpg\" width=\"2000\" height=\"1333\" \/><\/a><\/p>\n<p>Cerraba la investidura de los cofrades d&#8217;Honor<strong> Jes\u00fas \u00c1lvarez.<\/strong> Esti veteranu periodista, voz ya imaxe del deporte en munchos llares al travi\u00e9s de la televisi\u00f3n, aseguraba que pa \u00e9l \u00abque s&#8217;alcordaren de mi ye un arguyu, y toi encant\u00e1u porque estes ceremonies son tradiciones qu&#8217;a mi me gusten, soi bien tradicional g\u00fastame que se caltengan\u00bb. Entra am\u00e1s nuna llista de cofrades honor\u00edficos onde tien dellos amigos: \u00abTa Sergio Sauca, que foi&#8217;l mio compa\u00f1eru en televisi\u00f3n munchos a\u00f1os; Boris Izaguirre, que tami\u00e9n ye un bon deportista y d\u00edbamos al mesmu ximnasiu, y tami\u00e9n Vicente del Monte, que ye gran amigu y un fen\u00f3menu. Pr\u00e9stame muncho tar nesta llista\u00bb. Pero \u00c1lvarez dexar\u00eda lo meyor pal final. Tres una ceremonia llena de dobles sent\u00edos respectu al nabu, ente tama\u00f1os, pesos y llargores, Jes\u00fas \u00c1lvarez dexaba la perlla final: \u00abAntes de venir recibir esta reconocencia del nabu, un amigu d\u00edxome que l&#8217;a\u00f1u pas\u00e1u nun me lo dieren por cent\u00edmetros y que esti fuera pelos pelos\u00bb, lo que desamarr\u00f3 les risaes de tolos asistentes.<\/p>\n<p style=\"text-align: center\"><a href=\"https:\/\/estaticos-cdn.prensaiberica.es\/clip\/457be47a-0770-4a2d-8372-bc2d18a73db5_source-aspect-ratio_default_0.jpg\"><img loading=\"lazy\" decoding=\"async\" class=\"aligncenter size-large\" src=\"https:\/\/estaticos-cdn.prensaiberica.es\/clip\/457be47a-0770-4a2d-8372-bc2d18a73db5_source-aspect-ratio_default_0.jpg\" width=\"2000\" height=\"1333\" \/><\/a><\/p>\n<p>La ceremonia del XX Cap\u00edtulu de la Confrer\u00eda d&#8217;Amigos de los Nabos tami\u00e9n tuvo otros protagonistes. Primero, los tr\u00e9s alumnos que llograron premios nel concursu rexonal y interregional de \u00abLos Nabos *na cocina\u00bb. Diego Sierra D\u00edaz (IES Valle d&#8217;Ayer) y Silvia P\u00e9rez Garnacho (Escuela de Valladolid), llev\u00e1ronse los dos acc\u00e9sit d&#8217;un certame que gan\u00f3 l&#8217;estudiante del Centru Profesional de Xix\u00f3n, Josu Xabier D\u00edaz. Am\u00e1s, los Amigos de los Nabos recibieron a un nuevu cofrade numerario, Luciano Men\u00e9ndez.<\/p>\n<p style=\"text-align: center\"><a href=\"https:\/\/estaticos-cdn.prensaiberica.es\/clip\/85c162fd-f44e-4d25-8231-fda70cc3d184_source-aspect-ratio_default_0.jpg\"><img loading=\"lazy\" decoding=\"async\" class=\"aligncenter size-large\" src=\"https:\/\/estaticos-cdn.prensaiberica.es\/clip\/85c162fd-f44e-4d25-8231-fda70cc3d184_source-aspect-ratio_default_0.jpg\" width=\"2000\" height=\"1333\" \/><\/a><\/p>\n<p><strong>La xornada terminar\u00eda con una comida d&#8217;hermand\u00e1, a base, como non, de pote de nabos.<\/strong> Un alcuentru que sirvi\u00f3 pa cerrar un nuevu cap\u00edtulu nel ampliu llibru de los amigos de los nabos morciniegos, que como cada edici\u00f3n, siguen gasayando a los sos invitaos y poniendo el nabu no m\u00e1s alto de la gastronom\u00eda.<\/p>\n<p style=\"text-align: center\"><a href=\"https:\/\/estaticos-cdn.prensaiberica.es\/clip\/88967443-bc4a-4325-b4c6-8ee7a33acf7d_source-aspect-ratio_default_0.jpg\"><img loading=\"lazy\" decoding=\"async\" class=\"aligncenter size-large\" src=\"https:\/\/estaticos-cdn.prensaiberica.es\/clip\/88967443-bc4a-4325-b4c6-8ee7a33acf7d_source-aspect-ratio_default_0.jpg\" width=\"2000\" height=\"1333\" \/><\/a><\/p>\n<p style=\"text-align: center\">\n","protected":false},"excerpt":{"rendered":"<p>Nabos que se comen a besos en La Foz: asina foi la particular ceremonia gastron\u00f3mica de Morc\u00edn. Los periodistes Jes\u00fas \u00c1lvarez y Ana Francisco, Mantequer\u00eda Arias y l&#8217;asociaci\u00f3n Torre\u00f3n Coto de Pe\u00f1er\u00faes xuren defender y promover el cultivu d&#8217;esta hortoliza na fiesta a\u00f1al entamada pola so Confrer\u00eda. LNE \/semeyes\u00a0 LNE Per ventiavu a\u00f1u, la Confrer\u00eda [&hellip;]<\/p>\n","protected":false},"author":117,"featured_media":0,"comment_status":"closed","ping_status":"closed","sticky":false,"template":"","format":"standard","meta":{"footnotes":""},"categories":[138,175],"tags":[],"class_list":["post-65706","post","type-post","status-publish","format-standard","hentry","category-alimentos","category-festival-gastronomicu"],"_links":{"self":[{"href":"https:\/\/edublog.educastur.es\/ixuxu\/wp-json\/wp\/v2\/posts\/65706","targetHints":{"allow":["GET"]}}],"collection":[{"href":"https:\/\/edublog.educastur.es\/ixuxu\/wp-json\/wp\/v2\/posts"}],"about":[{"href":"https:\/\/edublog.educastur.es\/ixuxu\/wp-json\/wp\/v2\/types\/post"}],"author":[{"embeddable":true,"href":"https:\/\/edublog.educastur.es\/ixuxu\/wp-json\/wp\/v2\/users\/117"}],"replies":[{"embeddable":true,"href":"https:\/\/edublog.educastur.es\/ixuxu\/wp-json\/wp\/v2\/comments?post=65706"}],"version-history":[{"count":2,"href":"https:\/\/edublog.educastur.es\/ixuxu\/wp-json\/wp\/v2\/posts\/65706\/revisions"}],"predecessor-version":[{"id":65799,"href":"https:\/\/edublog.educastur.es\/ixuxu\/wp-json\/wp\/v2\/posts\/65706\/revisions\/65799"}],"wp:attachment":[{"href":"https:\/\/edublog.educastur.es\/ixuxu\/wp-json\/wp\/v2\/media?parent=65706"}],"wp:term":[{"taxonomy":"category","embeddable":true,"href":"https:\/\/edublog.educastur.es\/ixuxu\/wp-json\/wp\/v2\/categories?post=65706"},{"taxonomy":"post_tag","embeddable":true,"href":"https:\/\/edublog.educastur.es\/ixuxu\/wp-json\/wp\/v2\/tags?post=65706"}],"curies":[{"name":"wp","href":"https:\/\/api.w.org\/{rel}","templated":true}]}}