{"id":65710,"date":"2026-01-11T08:30:22","date_gmt":"2026-01-11T06:30:22","guid":{"rendered":"https:\/\/edublog.educastur.es\/ixuxu\/?p=65710"},"modified":"2026-01-11T13:28:43","modified_gmt":"2026-01-11T11:28:43","slug":"el-tiempu-el-comercio-232","status":"publish","type":"post","link":"https:\/\/edublog.educastur.es\/ixuxu\/2026\/01\/el-tiempu-el-comercio-232\/","title":{"rendered":"El tiempu (El Comercio)"},"content":{"rendered":"<p style=\"text-align: center\"><a href=\"https:\/\/s2.ppllstatics.com\/elcomercio\/www\/multimedia\/2026\/01\/10\/prevision-tiempo-asturias-k0u-U2302588077118HVD-1200x870@El%20Comercio.jpg\"><img loading=\"lazy\" decoding=\"async\" class=\"aligncenter size-large\" src=\"https:\/\/s2.ppllstatics.com\/elcomercio\/www\/multimedia\/2026\/01\/10\/prevision-tiempo-asturias-k0u-U2302588077118HVD-1200x870@El%20Comercio.jpg\" width=\"1200\" height=\"870\" \/><\/a><\/p>\n<p><strong>Vamos amanecer<\/strong> con cielos nublos y posibilid\u00e1 a lo sumo de delles precipitaciones d\u00e9biles esvalixaes pola mor del pasu d&#8217;un frente templ\u00e1u. Estes precipitaciones van unviar r\u00e1pido mientres la ma\u00f1ana y la nubosid\u00e1 va dir siendo cada vez menos compactes.<strong> Les nubes<\/strong> baxes ma\u00f1aneres van pasar a ser nubes medies y altes a lo sumo de cara a la segunda parte del d\u00eda. <strong>Los vientos<\/strong> van soplar de suroeste con raches moderaes sobremanera nel occidente y nel cordal. Ello ye que nes zones altes nun se refuga que puedan rexistrase raches localmente fuertes que podr\u00eden superar los 80 km\/h. El pasu del frente templ\u00e1u y gracies a los vientos de suroeste, <strong>les temperatures m\u00e1ximes<\/strong> van xubir de forma notable y xeneralizada. Van xubir m\u00e1s de 4 o 5 \u00baC en tol Princip\u00e1u pudiendo ser inclusive d&#8217;hasta 6 o 7 \u00baC en puntos bien concretos del interior.<strong> Les m\u00ednimes<\/strong> van xubir ente 2 y 3 \u00baC nel occidente y nel cordal centro-occidental. Nel restu d&#8217;Asturies van caltenese ensin cambeos respecto al s\u00e1badu.<\/p>\n<p><!--more--><\/p>\n<p>El llunes va ser otru d\u00eda marc\u00e1u por vientos de sur-suroeste con raches fuertes nel oeste y nel cordal. N&#8217;otros puntos del interior esp\u00e9rense tami\u00e9n raches significatives que podr\u00eden superar los 50 km\/h. Los cielos van tar velaos con nubes altes, la probabilid\u00e1 de precipitaciones va ser baxa, y les temperatures van xubir nel casu de les m\u00ednimes.<\/p>\n","protected":false},"excerpt":{"rendered":"<p>Vamos amanecer con cielos nublos y posibilid\u00e1 a lo sumo de delles precipitaciones d\u00e9biles esvalixaes pola mor del pasu d&#8217;un frente templ\u00e1u. Estes precipitaciones van unviar r\u00e1pido mientres la ma\u00f1ana y la nubosid\u00e1 va dir siendo cada vez menos compactes. Les nubes baxes ma\u00f1aneres van pasar a ser nubes medies y altes a lo sumo [&hellip;]<\/p>\n","protected":false},"author":117,"featured_media":0,"comment_status":"closed","ping_status":"closed","sticky":false,"template":"","format":"standard","meta":{"footnotes":""},"categories":[5],"tags":[],"class_list":["post-65710","post","type-post","status-publish","format-standard","hentry","category-tiempu"],"_links":{"self":[{"href":"https:\/\/edublog.educastur.es\/ixuxu\/wp-json\/wp\/v2\/posts\/65710","targetHints":{"allow":["GET"]}}],"collection":[{"href":"https:\/\/edublog.educastur.es\/ixuxu\/wp-json\/wp\/v2\/posts"}],"about":[{"href":"https:\/\/edublog.educastur.es\/ixuxu\/wp-json\/wp\/v2\/types\/post"}],"author":[{"embeddable":true,"href":"https:\/\/edublog.educastur.es\/ixuxu\/wp-json\/wp\/v2\/users\/117"}],"replies":[{"embeddable":true,"href":"https:\/\/edublog.educastur.es\/ixuxu\/wp-json\/wp\/v2\/comments?post=65710"}],"version-history":[{"count":1,"href":"https:\/\/edublog.educastur.es\/ixuxu\/wp-json\/wp\/v2\/posts\/65710\/revisions"}],"predecessor-version":[{"id":65711,"href":"https:\/\/edublog.educastur.es\/ixuxu\/wp-json\/wp\/v2\/posts\/65710\/revisions\/65711"}],"wp:attachment":[{"href":"https:\/\/edublog.educastur.es\/ixuxu\/wp-json\/wp\/v2\/media?parent=65710"}],"wp:term":[{"taxonomy":"category","embeddable":true,"href":"https:\/\/edublog.educastur.es\/ixuxu\/wp-json\/wp\/v2\/categories?post=65710"},{"taxonomy":"post_tag","embeddable":true,"href":"https:\/\/edublog.educastur.es\/ixuxu\/wp-json\/wp\/v2\/tags?post=65710"}],"curies":[{"name":"wp","href":"https:\/\/api.w.org\/{rel}","templated":true}]}}