{"id":65745,"date":"2026-01-11T14:03:14","date_gmt":"2026-01-11T12:03:14","guid":{"rendered":"https:\/\/edublog.educastur.es\/ixuxu\/?p=65745"},"modified":"2026-01-11T14:10:43","modified_gmt":"2026-01-11T12:10:43","slug":"lasociacion-galban-espera-una-participacion-record-na-proxima-carrera","status":"publish","type":"post","link":"https:\/\/edublog.educastur.es\/ixuxu\/2026\/01\/lasociacion-galban-espera-una-participacion-record-na-proxima-carrera\/","title":{"rendered":"L&#8217;Asociaci\u00f3n Galb\u00e1n espera una participaci\u00f3n r\u00e9cord na pr\u00f3xima carrera"},"content":{"rendered":"<p class=\"font-size-xxl margin-b-5 font-weight-b color-b-050 letter-spacing--1 fuente-corporativa\">L&#8217;Asociaci\u00f3n Galb\u00e1n espera una participaci\u00f3n r\u00e9cord <strong>na pr\u00f3xima carrera del 22 de febreru, a les 12:00 hores.<\/strong>\u00a0<a href=\"https:\/\/www.rtpa.es\/noticias-sociedad-ast\/2026-01-09\/L'Asociacion-Galban-espera-una-participacion-record-na-proxima-carrera-del-22-de-febreru_111767966618.html\">TPA\u00a0<\/a>Pue participase caminando o corriendo y <strong>nun tien calter competitivu<\/strong>. La Marcha Solidaria &#8216;Cuerre con Galb\u00e1n&#8217;, <strong>aspira a superar per primer vegada los 50.000 participantes<\/strong> en toa Asturies. Va celebrase al empar nos 78 conceyos. L&#8217;eventu busca <strong>recaldar fondos pa lluchar escontra&#8217;l c\u00e1ncer infantil y concenciar sobro esta enfermed\u00e1.<\/strong><\/p>\n<div id=\"noticiacompleta\" class=\"parragraph-padding font-c-conent\">\n<p style=\"text-align: center\"><a href=\"https:\/\/www.rtpa.es\/fotos\/\/26\/01\/20260109143734_RTPA7565230.webp\"><img loading=\"lazy\" decoding=\"async\" class=\"aligncenter size-large\" src=\"https:\/\/www.rtpa.es\/fotos\/\/26\/01\/20260109143734_RTPA7565230.webp\" width=\"853\" height=\"480\" \/><\/a><\/p>\n<\/div>\n","protected":false},"excerpt":{"rendered":"<p>L&#8217;Asociaci\u00f3n Galb\u00e1n espera una participaci\u00f3n r\u00e9cord na pr\u00f3xima carrera del 22 de febreru, a les 12:00 hores.\u00a0TPA\u00a0Pue participase caminando o corriendo y nun tien calter competitivu. La Marcha Solidaria &#8216;Cuerre con Galb\u00e1n&#8217;, aspira a superar per primer vegada los 50.000 participantes en toa Asturies. Va celebrase al empar nos 78 conceyos. L&#8217;eventu busca recaldar fondos [&hellip;]<\/p>\n","protected":false},"author":117,"featured_media":0,"comment_status":"closed","ping_status":"closed","sticky":false,"template":"","format":"standard","meta":{"footnotes":""},"categories":[222],"tags":[],"class_list":["post-65745","post","type-post","status-publish","format-standard","hentry","category-carreres"],"_links":{"self":[{"href":"https:\/\/edublog.educastur.es\/ixuxu\/wp-json\/wp\/v2\/posts\/65745","targetHints":{"allow":["GET"]}}],"collection":[{"href":"https:\/\/edublog.educastur.es\/ixuxu\/wp-json\/wp\/v2\/posts"}],"about":[{"href":"https:\/\/edublog.educastur.es\/ixuxu\/wp-json\/wp\/v2\/types\/post"}],"author":[{"embeddable":true,"href":"https:\/\/edublog.educastur.es\/ixuxu\/wp-json\/wp\/v2\/users\/117"}],"replies":[{"embeddable":true,"href":"https:\/\/edublog.educastur.es\/ixuxu\/wp-json\/wp\/v2\/comments?post=65745"}],"version-history":[{"count":4,"href":"https:\/\/edublog.educastur.es\/ixuxu\/wp-json\/wp\/v2\/posts\/65745\/revisions"}],"predecessor-version":[{"id":65753,"href":"https:\/\/edublog.educastur.es\/ixuxu\/wp-json\/wp\/v2\/posts\/65745\/revisions\/65753"}],"wp:attachment":[{"href":"https:\/\/edublog.educastur.es\/ixuxu\/wp-json\/wp\/v2\/media?parent=65745"}],"wp:term":[{"taxonomy":"category","embeddable":true,"href":"https:\/\/edublog.educastur.es\/ixuxu\/wp-json\/wp\/v2\/categories?post=65745"},{"taxonomy":"post_tag","embeddable":true,"href":"https:\/\/edublog.educastur.es\/ixuxu\/wp-json\/wp\/v2\/tags?post=65745"}],"curies":[{"name":"wp","href":"https:\/\/api.w.org\/{rel}","templated":true}]}}