{"id":65747,"date":"2026-01-11T14:07:17","date_gmt":"2026-01-11T12:07:17","guid":{"rendered":"https:\/\/edublog.educastur.es\/ixuxu\/?p=65747"},"modified":"2026-01-11T14:07:17","modified_gmt":"2026-01-11T12:07:17","slug":"ensin-espana-el-mundu-nun-seria-el-mesmu","status":"publish","type":"post","link":"https:\/\/edublog.educastur.es\/ixuxu\/2026\/01\/ensin-espana-el-mundu-nun-seria-el-mesmu\/","title":{"rendered":"Ensin Espa\u00f1a, el mundu nun ser\u00eda el mesmu"},"content":{"rendered":"<div class=\"html-div xdj266r xat24cr x1lziwak xexx8yu xyri2b x18d9i69 x1c1uobl x78zum5 x2lah0s xqtp20y x1xegmmw\">\n<div class=\"x1vqgdyp x100vrsf\">\n<div class=\"\" style=\"text-align: center\">\n<!-- iframe plugin v.6.0 wordpress.org\/plugins\/iframe\/ -->\n<iframe loading=\"lazy\" src=\"https:\/\/www.facebook.com\/plugins\/post.php?href=https%3A%2F%2Fwww.facebook.com%2Frepasodehistoria%2Fposts%2Fpfbid0DFTKNYQ8YUiVGg5o65b2u8mQ2vLiWFQt1m4hNMDevFYRC7Sk2MVVvbqLtgcV2j28l&#038;show_text=false&#038;width=500\" width=\"500\" height=\"498\" style=\"border:none;overflow:hidden\" scrolling=\"no\" frameborder=\"0\" allowfullscreen=\"true\" allow=\"autoplay; clipboard-write; encrypted-media; picture-in-picture; web-share\" 0=\"\/iframe\" class=\"iframe-class\"><\/iframe>\n<\/div>\n<\/div>\n<\/div>\n<div class=\"x1iyjqo2\">\n<div class=\"x78zum5 xdt5ytf xz62fqu x16ldp7u\">\n<div class=\"xu06os2 x1ok221b\">\n<div class=\"x1gslohp\">\n<ul>\n<li class=\"html-h2 x14z9mp xat24cr x1lziwak xexx8yu xyri2b x18d9i69 x1c1uobl x1vvkbs x1heor9g x1qlqyl8 x1pd3egz x1a2a7pz x1gslohp\"><span class=\"x193iq5w xeuugli x13faqbe x1vvkbs x1xmvt09 x1f6kntn xvq8zen xo1l8bm xi81zsa\"><span class=\"xt0psk2\"><span class=\"xjp7ctv\"><a class=\"x1i10hfl xjbqb8w x1ejq31n x18oe1m7 x1sy0etr xstzfhl x972fbf x10w94by x1qhh985 x14e42zd x9f619 x1ypdohk xt0psk2 x3ct3a4 xdj266r x14z9mp xat24cr x1lziwak xexx8yu xyri2b x18d9i69 x1c1uobl x16tdsg8 x1hl2dhg xggy1nq x1a2a7pz xkrqix3 x1sur9pj xzsf02u x1s688f\" role=\"link\" href=\"https:\/\/www.facebook.com\/repasodehistoria?__cft__[0]=AZaspxVO8VJuZvFFSOwsGu7yBiYD8tbuMc0hzGz-t-Zk-tS6V_bmv6tb-8kkdi2tEQMd4kDkwVTv7-1CSlclku3MDgJLy0niHuN0-rtQUmi3Xrm4xrcDKwAEQ4qHrpQ3ZjLYVYopalRzWErOdZqKxPne7MVojITgE1V8rGHNp96PHVcLvI1ZbOphokXwM294mbsWspch-xctjb5VIM821-28PChlhj072fU1zCn1oZRGaw&amp;__tn__=-UC*F\">Repaso de Historia<\/a><\/span><\/span><\/span><span class=\"x193iq5w xeuugli x13faqbe x1vvkbs x1xmvt09 x1lliihq x1s928wv xhkezso x1gmr53x x1cpjm7i x1fgarty x1943h6x xudqn12 x3x7a5m x1f6kntn xvq8zen xo1l8bm xzsf02u\" dir=\"auto\"><span class=\"html-span xexx8yu xyri2b x18d9i69 x1c1uobl x1hl2dhg x16tdsg8 x1vvkbs x3nfvp2 x1j61x8r x1fcty0u xdj266r xat24cr xm2jcoa x1mpyi22 xxymvpz xlup9mm x1kky2od\"><img loading=\"lazy\" decoding=\"async\" class=\"xz74otr x15mokao x1ga7v0g x16uus16 xbiv7yw\" src=\"https:\/\/static.xx.fbcdn.net\/images\/emoji.php\/v9\/t34\/1\/16\/1f1ea_1f1f8.png\" alt=\"\ud83c\uddea\ud83c\uddf8\" width=\"16\" height=\"16\" \/><\/span>\u00a0<\/span><\/li>\n<\/ul>\n<\/div>\n<\/div>\n<\/div>\n<\/div>\n<p>Espa\u00f1a non solo foi un imperiu territorial: foi un motor cultural, cient\u00edficu y global que dex\u00f3 buelgues fondes en c\u00f3mo&#8217;l mundu con\u00e9ctase, espr\u00e9sase y gobi\u00e9rnase. <a href=\"https:\/\/scontent-bcn1-1.xx.fbcdn.net\/v\/t39.30808-6\/611640277_122253175130040824_8983649181751402866_n.jpg?_nc_cat=108&amp;ccb=1-7&amp;_nc_sid=127cfc&amp;_nc_ohc=-d53tb_ddnQQ7kNvwF27bQ8&amp;_nc_oc=Adl4ulKkwJ_7rB0JCmsybyCFMPjDieVRrLgp-s-0ruSoUthlGKACn2IrXE0623pAaUA&amp;_nc_zt=23&amp;_nc_ht=scontent-bcn1-1.xx&amp;_nc_gid=u29GsLtMQ2_0OwRW_6v5Tg&amp;oh=00_Afqq6gpZFpgfiWJguebOjnCxAJ_xGUJza1wvTSkECuf7_w&amp;oe=696971B0\">Gr\u00e1ficu<\/a><\/p>\n<p><!--more--><\/p>\n<ul>\n<li>La primer vuelta al mundu \u2192 L&#8217;entamu real de la globalizaci\u00f3n y de un planeta conect\u00e1u.\/<\/li>\n<li>La novela moderna \u2192 Don Quixote camud\u00f3 para siempres la forma de cuntar hestories y entender al ser humanu.<\/li>\n<li>La neurociencia \u2192 Ram\u00f3n y Cajal sent\u00f3 les bases para entender c\u00f3mo funciona&#8217;l celebru.<\/li>\n<li>La guitarra cl\u00e1sica \u2192 Un pres\u00e9u espa\u00f1ol que conquist\u00f3 la m\u00fasica del mundu enteru.<\/li>\n<li>El derechu internacional \u2192 Les primeres reflexones modernes sobro derechos ente naciones y pueblos.<\/li>\n<li>La primer campa\u00f1a mundial de vacunaci\u00f3n \u2192 Salv\u00f3 millones de vides y camud\u00f3 la sal\u00fa p\u00fablica global.<\/li>\n<\/ul>\n<p>Nun son solo fechos hist\u00f3ricos. Son cimientos del mundu modernu que siguimos usando y viviendo tolos d\u00edes. \u00bfCu\u00e1l d&#8217;estes contribuciones paezte la m\u00e1s importante?<\/p>\n","protected":false},"excerpt":{"rendered":"<p>Repaso de Historia\u00a0 Espa\u00f1a non solo foi un imperiu territorial: foi un motor cultural, cient\u00edficu y global que dex\u00f3 buelgues fondes en c\u00f3mo&#8217;l mundu con\u00e9ctase, espr\u00e9sase y gobi\u00e9rnase. Gr\u00e1ficu<\/p>\n","protected":false},"author":117,"featured_media":0,"comment_status":"closed","ping_status":"closed","sticky":false,"template":"","format":"standard","meta":{"footnotes":""},"categories":[297],"tags":[],"class_list":["post-65747","post","type-post","status-publish","format-standard","hentry","category-hestoria"],"_links":{"self":[{"href":"https:\/\/edublog.educastur.es\/ixuxu\/wp-json\/wp\/v2\/posts\/65747","targetHints":{"allow":["GET"]}}],"collection":[{"href":"https:\/\/edublog.educastur.es\/ixuxu\/wp-json\/wp\/v2\/posts"}],"about":[{"href":"https:\/\/edublog.educastur.es\/ixuxu\/wp-json\/wp\/v2\/types\/post"}],"author":[{"embeddable":true,"href":"https:\/\/edublog.educastur.es\/ixuxu\/wp-json\/wp\/v2\/users\/117"}],"replies":[{"embeddable":true,"href":"https:\/\/edublog.educastur.es\/ixuxu\/wp-json\/wp\/v2\/comments?post=65747"}],"version-history":[{"count":1,"href":"https:\/\/edublog.educastur.es\/ixuxu\/wp-json\/wp\/v2\/posts\/65747\/revisions"}],"predecessor-version":[{"id":65748,"href":"https:\/\/edublog.educastur.es\/ixuxu\/wp-json\/wp\/v2\/posts\/65747\/revisions\/65748"}],"wp:attachment":[{"href":"https:\/\/edublog.educastur.es\/ixuxu\/wp-json\/wp\/v2\/media?parent=65747"}],"wp:term":[{"taxonomy":"category","embeddable":true,"href":"https:\/\/edublog.educastur.es\/ixuxu\/wp-json\/wp\/v2\/categories?post=65747"},{"taxonomy":"post_tag","embeddable":true,"href":"https:\/\/edublog.educastur.es\/ixuxu\/wp-json\/wp\/v2\/tags?post=65747"}],"curies":[{"name":"wp","href":"https:\/\/api.w.org\/{rel}","templated":true}]}}