{"id":65779,"date":"2026-01-08T10:00:51","date_gmt":"2026-01-08T08:00:51","guid":{"rendered":"https:\/\/edublog.educastur.es\/ixuxu\/?p=65779"},"modified":"2026-01-11T19:49:32","modified_gmt":"2026-01-11T17:49:32","slug":"calendariu-tiempu-de-muyeres-muyeres-nel-tiempu-2026","status":"publish","type":"post","link":"https:\/\/edublog.educastur.es\/ixuxu\/2026\/01\/calendariu-tiempu-de-muyeres-muyeres-nel-tiempu-2026\/","title":{"rendered":"Calendariu: \u00abTiempu de muyeres, muyeres nel tiempu\u00bb 2026"},"content":{"rendered":"<div class=\"html-div xdj266r x14z9mp xat24cr x1lziwak xexx8yu x1a8lsjc xf7dkkf xv54qhq\">\n<div class=\"html-div xdj266r x14z9mp xat24cr x1lziwak xexx8yu xyri2b x18d9i69 x1c1uobl x1jx94hy x78zum5 x1q0g3np\">\n<div class=\"x78zum5 xdt5ytf xz62fqu x16ldp7u\">\n<div class=\"xu06os2 x1ok221b\">\n<div class=\"html-div xdj266r x14z9mp xat24cr x1lziwak xexx8yu xyri2b x18d9i69 x1c1uobl\" data-ad-rendering-role=\"profile_name\">\n<ul>\n<li class=\"html-h3 x14z9mp xat24cr x1lziwak xexx8yu xyri2b x18d9i69 x1c1uobl x1vvkbs x1heor9g x1qlqyl8 x1pd3egz x1a2a7pz x1gslohp x1yc453h\"><span class=\"x1lliihq x6ikm8r x10wlt62 x1n2onr6\"><span class=\"xt0psk2\"><a class=\"x1i10hfl xjbqb8w x1ejq31n x18oe1m7 x1sy0etr xstzfhl x972fbf x10w94by x1qhh985 x14e42zd x9f619 x1ypdohk xt0psk2 x3ct3a4 xdj266r x14z9mp xat24cr x1lziwak xexx8yu xyri2b x18d9i69 x1c1uobl x16tdsg8 x1hl2dhg xggy1nq x1a2a7pz xkrqix3 x1sur9pj xzsf02u x1s688f\" role=\"link\" href=\"https:\/\/www.facebook.com\/CVioletaDH?__cft__[0]=AZZVDprkeLtfBIvDm0D3CUZU1k32g7_KY2Zf2t0y0bilTmTl2F5BqDTMCcSZz_LAgsicrTN7UsAL_OxFE686UxWrqzJdwIJd7xC1v-qbILpkfsyqQgfKFWs0oCnM4ro4RRCngu8B-AEfxqFUckt0BDJ50jnnyFPu70C95XToNH2TGxnyKDBD13TPY1KqEC-NfAq2RmC_sorkgCz82u82U7jX&amp;__tn__=-UC%2CP-y-R\"><b class=\"html-b xdj266r x14z9mp xat24cr x1lziwak xexx8yu xyri2b x18d9i69 x1c1uobl x1hl2dhg x16tdsg8 x1vvkbs x1s688f\"><span class=\"html-span xdj266r x14z9mp xat24cr x1lziwak xexx8yu xyri2b x18d9i69 x1c1uobl x1hl2dhg x16tdsg8 x1vvkbs\">Colectivo Violeta DH<\/span><\/b><\/a><\/span><\/span>\/ Fonte: <span class=\"html-span xdj266r x14z9mp xat24cr x1lziwak xexx8yu xyri2b x18d9i69 x1c1uobl x1hl2dhg x16tdsg8 x1vvkbs\"><a class=\"x1i10hfl xjbqb8w x1ejq31n x18oe1m7 x1sy0etr xstzfhl x972fbf x10w94by x1qhh985 x14e42zd x9f619 x1ypdohk xt0psk2 x3ct3a4 xdj266r x14z9mp xat24cr x1lziwak xexx8yu xyri2b x18d9i69 x1c1uobl x16tdsg8 x1hl2dhg xggy1nq x1a2a7pz xkrqix3 x1sur9pj x1fey0fg x1s688f\" role=\"link\" href=\"https:\/\/www.facebook.com\/mujerescciencia?__cft__[0]=AZZVDprkeLtfBIvDm0D3CUZU1k32g7_KY2Zf2t0y0bilTmTl2F5BqDTMCcSZz_LAgsicrTN7UsAL_OxFE686UxWrqzJdwIJd7xC1v-qbILpkfsyqQgfKFWs0oCnM4ro4RRCngu8B-AEfxqFUckt0BDJ50jnnyFPu70C95XToNH2TGxnyKDBD13TPY1KqEC-NfAq2RmC_sorkgCz82u82U7jX&amp;__tn__=-]K-y-R\"><span class=\"xt0psk2\"><span class=\"xjp7ctv\">Mujeres con ciencia<\/span><\/span><\/a><\/span><\/li>\n<\/ul>\n<p style=\"text-align: center\"><a href=\"https:\/\/organizaciondemujeres.org\/wp-content\/uploads\/2025\/12\/portada-asturiano26.jpg\"><img loading=\"lazy\" decoding=\"async\" class=\"aligncenter size-large\" src=\"https:\/\/organizaciondemujeres.org\/wp-content\/uploads\/2025\/12\/portada-asturiano26.jpg\" width=\"1772\" height=\"1266\" \/><\/a><\/p>\n<\/div>\n<\/div>\n<div class=\"xu06os2 x1ok221b\">\n<div class=\"html-div xdj266r x14z9mp xat24cr x1lziwak xexx8yu xyri2b x18d9i69 x1c1uobl x6s0dn4 x17zd0t2 x78zum5 x1q0g3np x1a02dak\"><span class=\"html-span xexx8yu xyri2b x18d9i69 x1c1uobl x1hl2dhg x16tdsg8 x1vvkbs x3nfvp2 x1j61x8r x1fcty0u xdj266r xat24cr xm2jcoa x1mpyi22 xxymvpz xlup9mm x1kky2od\"><img loading=\"lazy\" decoding=\"async\" class=\"xz74otr x15mokao x1ga7v0g x16uus16 xbiv7yw\" src=\"https:\/\/static.xx.fbcdn.net\/images\/emoji.php\/v9\/tff\/1\/16\/1f4c6.png\" alt=\"\ud83d\udcc6\" width=\"16\" height=\"16\" \/><\/span> El <span class=\"html-span xdj266r x14z9mp xat24cr x1lziwak xexx8yu xyri2b x18d9i69 x1c1uobl x1hl2dhg x16tdsg8 x1vvkbs\"><a class=\"x1i10hfl xjbqb8w x1ejq31n x18oe1m7 x1sy0etr xstzfhl x972fbf x10w94by x1qhh985 x14e42zd x9f619 x1ypdohk xt0psk2 x3ct3a4 xdj266r x14z9mp xat24cr x1lziwak xexx8yu xyri2b x18d9i69 x1c1uobl x16tdsg8 x1hl2dhg xggy1nq x1a2a7pz xkrqix3 x1sur9pj x1fey0fg x1s688f\" role=\"link\" href=\"https:\/\/www.facebook.com\/hashtag\/calendario2026?__eep__=6&amp;__cft__[0]=AZZVDprkeLtfBIvDm0D3CUZU1k32g7_KY2Zf2t0y0bilTmTl2F5BqDTMCcSZz_LAgsicrTN7UsAL_OxFE686UxWrqzJdwIJd7xC1v-qbILpkfsyqQgfKFWs0oCnM4ro4RRCngu8B-AEfxqFUckt0BDJ50jnnyFPu70C95XToNH2TGxnyKDBD13TPY1KqEC-NfAq2RmC_sorkgCz82u82U7jX&amp;__tn__=*NK-y-R\">#CALENDARIO2026<\/a><\/span> <strong>\u00abTiempu de muyeres, muyeres nel tiempu\u00bb 2026<\/strong> ta dedic\u00e1u a les \u00ab<span class=\"html-span xdj266r x14z9mp xat24cr x1lziwak xexx8yu xyri2b x18d9i69 x1c1uobl x1hl2dhg x16tdsg8 x1vvkbs\"><a class=\"x1i10hfl xjbqb8w x1ejq31n x18oe1m7 x1sy0etr xstzfhl x972fbf x10w94by x1qhh985 x14e42zd x9f619 x1ypdohk xt0psk2 x3ct3a4 xdj266r x14z9mp xat24cr x1lziwak xexx8yu xyri2b x18d9i69 x1c1uobl x16tdsg8 x1hl2dhg xggy1nq x1a2a7pz xkrqix3 x1sur9pj x1fey0fg x1s688f\" role=\"link\" href=\"https:\/\/www.facebook.com\/hashtag\/mujeresactivistas?__eep__=6&amp;__cft__[0]=AZZVDprkeLtfBIvDm0D3CUZU1k32g7_KY2Zf2t0y0bilTmTl2F5BqDTMCcSZz_LAgsicrTN7UsAL_OxFE686UxWrqzJdwIJd7xC1v-qbILpkfsyqQgfKFWs0oCnM4ro4RRCngu8B-AEfxqFUckt0BDJ50jnnyFPu70C95XToNH2TGxnyKDBD13TPY1KqEC-NfAq2RmC_sorkgCz82u82U7jX&amp;__tn__=*NK-y-R\">#MujeresActivistas<\/a><\/span>\u00ab. Cada mes dedicase a una activid\u00e1 dientro del activismu y presenta a tr\u00e9s o cuatro muyeres (o colectivos) qu&#8217;apurrieron nesi \u00e1mbitu. Ilustraciones: <a href=\"https:\/\/eleromero.com\/\" target=\"_blank\" rel=\"noopener\">Laura Romero<\/a>. El calendariu rinde homenaxe a 45 muyeres (y colectivos) que trabayaron y trabayen en distintes redolaes para ameyorar la vida de les persones.<\/div>\n<ul>\n<li class=\"html-div xdj266r x14z9mp xat24cr x1lziwak xexx8yu xyri2b x18d9i69 x1c1uobl x6s0dn4 x17zd0t2 x78zum5 x1q0g3np x1a02dak\"><span class=\"html-span xdj266r x14z9mp xat24cr x1lziwak xexx8yu xyri2b x18d9i69 x1c1uobl x1hl2dhg x16tdsg8 x1vvkbs\"><a class=\"x1i10hfl xjbqb8w x1ejq31n x18oe1m7 x1sy0etr xstzfhl x972fbf x10w94by x1qhh985 x14e42zd x9f619 x1ypdohk xt0psk2 x3ct3a4 xdj266r x14z9mp xat24cr x1lziwak xexx8yu xyri2b x18d9i69 x1c1uobl x16tdsg8 x1hl2dhg xggy1nq x1a2a7pz xkrqix3 x1sur9pj x1fey0fg x1s688f\" role=\"link\" href=\"https:\/\/www.facebook.com\/hashtag\/descargable?__eep__=6&amp;__cft__[0]=AZZVDprkeLtfBIvDm0D3CUZU1k32g7_KY2Zf2t0y0bilTmTl2F5BqDTMCcSZz_LAgsicrTN7UsAL_OxFE686UxWrqzJdwIJd7xC1v-qbILpkfsyqQgfKFWs0oCnM4ro4RRCngu8B-AEfxqFUckt0BDJ50jnnyFPu70C95XToNH2TGxnyKDBD13TPY1KqEC-NfAq2RmC_sorkgCz82u82U7jX&amp;__tn__=*NK-y-R\">#DESCARGABLE<\/a><\/span>: \/ <a href=\"https:\/\/organizaciondemujeres.org\/calendario-tiempo-de-mujeres-mujeres-en-el-tiempo-2026-mujeres-activistas\/\">en 7 lling\u00fces<\/a> \/ <a class=\"x1i10hfl xjbqb8w x1ejq31n x18oe1m7 x1sy0etr xstzfhl x972fbf x10w94by x1qhh985 x14e42zd x9f619 x1ypdohk xt0psk2 x3ct3a4 xdj266r x14z9mp xat24cr x1lziwak xexx8yu xyri2b x18d9i69 x1c1uobl x16tdsg8 x1hl2dhg xggy1nq x1a2a7pz xkrqix3 x1sur9pj x1fey0fg x1s688f\" role=\"link\" href=\"https:\/\/mujeresconciencia.com\/2025\/12\/26\/mujeres-activistas\/?fbclid=IwZXh0bgNhZW0CMTAAYnJpZBExT3lHckQyRkxvUWFRMVVpaHNydGMGYXBwX2lkEDIyMjAzOTE3ODgyMDA4OTIAAR7FiXwVbbwlBydK-Q6255P9Hqyj98v59Rv9qkmss4hGJCdiI0R3M0Led7eR1g_aem_AVLNwsMiyeVVuJIl8_sl2Q\" target=\"_blank\" rel=\"nofollow noopener noreferrer\">https:\/\/mujeresconciencia.com\/2025\/12\/26\/mujeres-activistas\/<\/a><\/li>\n<li><a href=\"https:\/\/issuu.com\/confederacion_intersindical\/docs\/calendario_de_stes-i_tiempu_de_muyeres_2026_-_as\">VER n&#8217;asturianu<\/a> \/ <a href=\"https:\/\/www.organizaciondemujeres.org\/calendarios\/calendario-2026\/calendario2026_asturiano_web.pdf\"><strong>Descargar n&#8217;Asturianu<\/strong><\/a>.pdf<\/li>\n<\/ul>\n<\/div>\n<\/div>\n<\/div>\n<\/div>\n<div class=\"html-div xdj266r x14z9mp xat24cr x1lziwak xexx8yu xyri2b x18d9i69 x1c1uobl\" dir=\"auto\">\n<div class=\"html-div xdj266r x14z9mp xat24cr x1lziwak xexx8yu xyri2b x18d9i69 x1c1uobl\" dir=\"auto\">\n<div class=\"html-div xdj266r x14z9mp xat24cr x1lziwak xexx8yu xyri2b x18d9i69 x1c1uobl\" data-ad-rendering-role=\"story_message\">\n<div class=\"x1l90r2v x1iorvi4 x1g0dm76 xpdmqnj\" data-ad-comet-preview=\"message\" data-ad-preview=\"message\">\n<div class=\"x78zum5 xdt5ytf xz62fqu x16ldp7u\">\n<div class=\"xu06os2 x1ok221b\">\n<div class=\"html-div xdj266r x14z9mp xat24cr x1lziwak xexx8yu xyri2b x18d9i69 x1c1uobl\">\n<div class=\"x14z9mp xat24cr x1lziwak x1vvkbs xtlvy1s x126k92a\">\n<div dir=\"auto\"><!--more--><\/div>\n<div dir=\"auto\">\n<p>Elles son:<\/p>\n<ul>\n<li><strong>ENERO (pioneras)<\/strong>:\u00a0<a href=\"https:\/\/es.wikipedia.org\/wiki\/Concepci%C3%B3n_Arenal\" target=\"_blank\" rel=\"noopener\">Concepci\u00f3n Arenal<\/a>,\u00a0<a href=\"https:\/\/es.wikipedia.org\/wiki\/Mary_Wollstonecraft\" target=\"_blank\" rel=\"noopener\">Mary Wollstonecraft<\/a>,\u00a0<a href=\"https:\/\/es.wikipedia.org\/wiki\/Christine_de_Pizan\" target=\"_blank\" rel=\"noopener\">Christine de Pizan<\/a>\u00a0y\u00a0<a href=\"https:\/\/es.wikipedia.org\/wiki\/Carmen_de_Burgos\" target=\"_blank\" rel=\"noopener\">Carmen de Burgos Segu\u00ed<\/a><\/li>\n<li><strong>FEBRERO (medio ambiente)<\/strong>:\u00a0<a href=\"https:\/\/es.wikipedia.org\/wiki\/Vandana_Shiva\" target=\"_blank\" rel=\"noopener\">Vandana Shiva<\/a>,\u00a0<a href=\"https:\/\/mujeresconciencia.com\/2015\/04\/01\/wangari-muta-maathai-biologa\/\" target=\"_blank\" rel=\"noopener\">Wangari Maathai<\/a>\u00a0y\u00a0<a href=\"https:\/\/mujeresconciencia.com\/2019\/02\/24\/el-argumento-cautivador-para-actuar-ya-ante-el-cambio-climatico\/\" target=\"_blank\" rel=\"noopener\">Greta Thunberg<\/a><\/li>\n<li><strong>MARZO (derechos humanos y violencias contra las mujeres):<\/strong>\u00a0<a href=\"https:\/\/es.wikipedia.org\/wiki\/Helena_Maleno\" target=\"_blank\" rel=\"noopener\">Helena Maleno<\/a>,\u00a0<a href=\"https:\/\/www.diariodemallorca.es\/part-forana\/2024\/01\/23\/muere-antonia-matamalas-prohens-fundadora-97237368.html\" target=\"_blank\" rel=\"noopener\">Antonia Matamalas Prohens<\/a>,\u00a0<a href=\"https:\/\/es.wikipedia.org\/wiki\/Cristina_Fallar%C3%A1s\" target=\"_blank\" rel=\"noopener\">Cristina Fallar\u00e1s<\/a>\u00a0y\u00a0<a href=\"https:\/\/es.wikipedia.org\/wiki\/Rigoberta_Mench%C3%BA\" target=\"_blank\" rel=\"noopener\">Rigoberta Mench\u00fa<\/a><\/li>\n<li><strong>ABRIL (derechos a las salud afectivo y sexual):<\/strong>\u00a0<a href=\"https:\/\/www.facebook.com\/imorenoortola\/?locale=es_ES\" target=\"_blank\" rel=\"noopener\">Irene Moreno Ortol\u00e0<\/a>,\u00a0<a href=\"https:\/\/consellodacultura.gal\/album-de-galicia\/detalle.php?persoa=7960\" target=\"_blank\" rel=\"noopener\">Lola Ferreiro<\/a>,\u00a0<a href=\"https:\/\/farmaceuticosmundi.org\/activistas-por-el-derecho-a-la-salud-afectiva-y-sexual-de-las-ninas-y-las-mujeres-en-mali-visitan-valencia\/\" target=\"_blank\" rel=\"noopener\">Miriam Keita, Siaka Traor\u00e9, Mamadou Fadiala Sissoko y Mariam Sanogo<\/a><\/li>\n<li><strong>MAYO (derechos reproductivos):<\/strong>\u00a0<a href=\"https:\/\/kikafumero.com\/\" target=\"_blank\" rel=\"noopener\">Kika Fumero<\/a>,\u00a0<a href=\"https:\/\/aspace.org\/noticia\/1445\/desterre-la-sexualidad-de-mi-vida-porque-nunca-me-hablaban-de-ello-aitana-areste-activista-con-paralisis-cerebral\" target=\"_blank\" rel=\"noopener\">Silvia Lafuente, Aitana Areste<\/a>\u00a0y\u00a0<a href=\"https:\/\/es.wikipedia.org\/wiki\/Ver%C3%B3nica_Cruz_S%C3%A1nchez\" target=\"_blank\" rel=\"noopener\">Ver\u00f3nica Cruz S\u00e1nchez<\/a><\/li>\n<li><strong>JUNIO (educaci\u00f3n):<\/strong>\u00a0<a href=\"https:\/\/es.wikipedia.org\/wiki\/Mar%C3%ADa_Elena_Sim%C3%B3n_Rodr%C3%ADguez\" target=\"_blank\" rel=\"noopener\">Ma. Elena Sim\u00f3n Rodr\u00edguez<\/a>,\u00a0<a href=\"https:\/\/es.wikipedia.org\/wiki\/Isabel_Tejerina\" target=\"_blank\" rel=\"noopener\">Isabel Tejerina Lobo<\/a>,\u00a0<a href=\"https:\/\/es.wikipedia.org\/wiki\/Justa_Freire\" target=\"_blank\" rel=\"noopener\">Justa Freire M\u00e9ndez<\/a>\u00a0y\u00a0<a href=\"https:\/\/www.harimaguada.org\/\" target=\"_blank\" rel=\"noopener\">Colectivo Harimaguada<\/a><\/li>\n<\/ul>\n<figure id=\"image-44232\" class=\"image align-center\" aria-describedby=\"image-caption-44232\"><img loading=\"lazy\" decoding=\"async\" src=\"https:\/\/mujeresconciencia.com\/app\/uploads\/2025\/12\/enero_junio_activistas.jpg\" alt=\"\" width=\"600\" height=\"285\" \/><figcaption id=\"image-caption-44232\" class=\"image-caption\">L\u00e1minas de enero a junio. Ilustradora: Laura Romero.\u00a0<a href=\"https:\/\/www.organizaciondemujeres.org\/calendarios\/calendario-2026\/calendario2026_castellano_web.pdf\" target=\"_blank\" rel=\"noopener\">STEs-i<\/a>.<\/figcaption><\/figure>\n<ul>\n<li><strong>JULIO (pacifistas y antimilitaristas):<\/strong>\u00a0<a href=\"https:\/\/es.wikipedia.org\/wiki\/Nadia_Murad\" target=\"_blank\" rel=\"noopener\">Nadia Murad Basee Taha<\/a>,\u00a0<a href=\"https:\/\/es.wikipedia.org\/wiki\/Sultana_Khaya\" target=\"_blank\" rel=\"noopener\">Sultana Sidi Brahim Khaya<\/a>,\u00a0<a href=\"https:\/\/mujeresconciencia.com\/2020\/12\/28\/carmen-magallon-portoles-fisica\/\" target=\"_blank\" rel=\"noopener\">Carmen Magall\u00f3n Portol\u00e9s<\/a>\u00a0y\u00a0<a href=\"https:\/\/es.wikipedia.org\/wiki\/Anita_Sirgo\" target=\"_blank\" rel=\"noopener\">Anita Sirgo Su\u00e1rez<\/a><\/li>\n<li><strong>AGOSTO (movimiento feminista):<\/strong>\u00a0<a href=\"https:\/\/es.wikipedia.org\/wiki\/Gloria_Steinem\" target=\"_blank\" rel=\"noopener\">Gloria Steinem<\/a>,\u00a0<a href=\"https:\/\/es.wikipedia.org\/wiki\/Angela_Davis\" target=\"_blank\" rel=\"noopener\">Angela Davis<\/a>,\u00a0<a href=\"https:\/\/www.blogger.com\/profile\/13529170701748270631\" target=\"_blank\" rel=\"noopener\">Irene Bebop<\/a>\u00a0y\u00a0<a href=\"https:\/\/es.wikipedia.org\/wiki\/Simone_de_Beauvoir\" target=\"_blank\" rel=\"noopener\">Simone de Beauvoir<\/a><\/li>\n<li><strong>SEPTIEMBRE (sufragistas y derechos civiles):\u00a0<\/strong><a href=\"https:\/\/es.wikipedia.org\/wiki\/Clara_Campoamor\" target=\"_blank\" rel=\"noopener\">Clara Campoamor<\/a>,\u00a0<a href=\"https:\/\/es.wikipedia.org\/wiki\/Septima_Poinsette_Clark\" target=\"_blank\" rel=\"noopener\">Septima Clark<\/a>\u00a0y\u00a0<a href=\"https:\/\/es.wikipedia.org\/wiki\/Emmeline_Pankhurst\" target=\"_blank\" rel=\"noopener\">Emmeline Goulden Pankhurst<\/a><\/li>\n<li><strong>OCTUBRE (pol\u00edticas y derechos laborales):<\/strong>\u00a0<a href=\"https:\/\/es.wikipedia.org\/wiki\/Eva_Per%C3%B3n\" target=\"_blank\" rel=\"noopener\">Eva Per\u00f3n<\/a>,\u00a0<a href=\"https:\/\/es.wikipedia.org\/wiki\/Manuela_Carmena\" target=\"_blank\" rel=\"noopener\">Manuela Carmena<\/a>\u00a0y\u00a0<a href=\"https:\/\/es.wikipedia.org\/wiki\/Dolores_Ib%C3%A1rruri\" target=\"_blank\" rel=\"noopener\">Dolores Ib\u00e1rruri<\/a><\/li>\n<li><strong>NOVIEMBRE (periodistas):<\/strong>\u00a0<a href=\"https:\/\/www.acnur.org\/es-es\/noticias\/historias\/khadija-la-voz-de-la-libertad\" target=\"_blank\" rel=\"noopener\">Khadija Amin<\/a>,\u00a0<a href=\"https:\/\/es.wikipedia.org\/wiki\/F%C3%A1tima_Hassouna\" target=\"_blank\" rel=\"noopener\">F\u00e1tima Hassouna<\/a>\u00a0y\u00a0<a href=\"https:\/\/es.wikipedia.org\/wiki\/Rosa_Mar%C3%ADa_Calaf\" target=\"_blank\" rel=\"noopener\">Rosa Mar\u00eda Calaf Sol\u00e9<\/a><\/li>\n<li><strong>DICIEMBRE (youtubers e influencers):<\/strong>\u00a0<a href=\"https:\/\/www.linkedin.com\/in\/clara-in%C3%A9s-alcolado-olivares-204926215\/?originalSubdomain=es\" target=\"_blank\" rel=\"noopener\">Clara In\u00e9s Alcolado Olivares<\/a>,\u00a0<a href=\"https:\/\/es.wikipedia.org\/wiki\/Laura_Baena\" target=\"_blank\" rel=\"noopener\">Laura Baena<\/a>\u00a0y\u00a0<a href=\"http:\/\/instagram.com\/sindytakanashi\/feed\/\" target=\"_blank\" rel=\"noopener\">Sindy Takanashi<\/a><\/li>\n<\/ul>\n<figure id=\"image-44233\" class=\"image align-center\" aria-describedby=\"image-caption-44233\"><img loading=\"lazy\" decoding=\"async\" src=\"https:\/\/mujeresconciencia.com\/app\/uploads\/2025\/12\/julio_dic_activistas.jpg\" alt=\"\" width=\"600\" height=\"283\" \/><figcaption id=\"image-caption-44233\" class=\"image-caption\">L\u00e1minas de enero a junio. Ilustradora: Laura Romero.\u00a0<a href=\"https:\/\/www.organizaciondemujeres.org\/calendarios\/calendario-2026\/calendario2026_castellano_web.pdf\" target=\"_blank\" rel=\"noopener\">STEs-i<\/a>.<\/figcaption><\/figure>\n<p>Cada d\u00eda recuerda adem\u00e1s una efem\u00e9ride relacionada con alguna activista y, en sus p\u00e1ginas finales, el calendario propone diferentes actividades para el aula sobre las protagonistas de cada mes.<\/p>\n<p>&nbsp;<\/p>\n<\/div>\n<\/div>\n<\/div>\n<\/div>\n<\/div>\n<\/div>\n<\/div>\n<\/div>\n<\/div>\n<p>&nbsp;<\/p>\n","protected":false},"excerpt":{"rendered":"<p>Colectivo Violeta DH\/ Fonte: Mujeres con ciencia El #CALENDARIO2026 \u00abTiempu de muyeres, muyeres nel tiempu\u00bb 2026 ta dedic\u00e1u a les \u00ab#MujeresActivistas\u00ab. Cada mes dedicase a una activid\u00e1 dientro del activismu y presenta a tr\u00e9s o cuatro muyeres (o colectivos) qu&#8217;apurrieron nesi \u00e1mbitu. Ilustraciones: Laura Romero. El calendariu rinde homenaxe a 45 muyeres (y colectivos) que [&hellip;]<\/p>\n","protected":false},"author":117,"featured_media":0,"comment_status":"closed","ping_status":"closed","sticky":false,"template":"","format":"standard","meta":{"footnotes":""},"categories":[73],"tags":[],"class_list":["post-65779","post","type-post","status-publish","format-standard","hentry","category-calendariu"],"_links":{"self":[{"href":"https:\/\/edublog.educastur.es\/ixuxu\/wp-json\/wp\/v2\/posts\/65779","targetHints":{"allow":["GET"]}}],"collection":[{"href":"https:\/\/edublog.educastur.es\/ixuxu\/wp-json\/wp\/v2\/posts"}],"about":[{"href":"https:\/\/edublog.educastur.es\/ixuxu\/wp-json\/wp\/v2\/types\/post"}],"author":[{"embeddable":true,"href":"https:\/\/edublog.educastur.es\/ixuxu\/wp-json\/wp\/v2\/users\/117"}],"replies":[{"embeddable":true,"href":"https:\/\/edublog.educastur.es\/ixuxu\/wp-json\/wp\/v2\/comments?post=65779"}],"version-history":[{"count":3,"href":"https:\/\/edublog.educastur.es\/ixuxu\/wp-json\/wp\/v2\/posts\/65779\/revisions"}],"predecessor-version":[{"id":65782,"href":"https:\/\/edublog.educastur.es\/ixuxu\/wp-json\/wp\/v2\/posts\/65779\/revisions\/65782"}],"wp:attachment":[{"href":"https:\/\/edublog.educastur.es\/ixuxu\/wp-json\/wp\/v2\/media?parent=65779"}],"wp:term":[{"taxonomy":"category","embeddable":true,"href":"https:\/\/edublog.educastur.es\/ixuxu\/wp-json\/wp\/v2\/categories?post=65779"},{"taxonomy":"post_tag","embeddable":true,"href":"https:\/\/edublog.educastur.es\/ixuxu\/wp-json\/wp\/v2\/tags?post=65779"}],"curies":[{"name":"wp","href":"https:\/\/api.w.org\/{rel}","templated":true}]}}