{"id":65816,"date":"2026-01-12T08:40:56","date_gmt":"2026-01-12T06:40:56","guid":{"rendered":"https:\/\/edublog.educastur.es\/ixuxu\/?p=65816"},"modified":"2026-01-12T20:10:37","modified_gmt":"2026-01-12T18:10:37","slug":"estau-del-tiempu-llunes-12-de-xineru-2026","status":"publish","type":"post","link":"https:\/\/edublog.educastur.es\/ixuxu\/2026\/01\/estau-del-tiempu-llunes-12-de-xineru-2026\/","title":{"rendered":"Est\u00e1u del tiempu: llunes 12 de xineru 2026"},"content":{"rendered":"<div class=\"html-div xdj266r x14z9mp xat24cr x1lziwak xexx8yu xyri2b x18d9i69 x1c1uobl\">\n<div class=\"html-div xdj266r x14z9mp x1lziwak x18d9i69 x1cy8zhl x78zum5 x1q0g3np xod5an3 xz9dl7a x1g0dm76 xpdmqnj\">\n<div class=\"html-div xdj266r x14z9mp xat24cr x1lziwak xexx8yu xyri2b x18d9i69 x1c1uobl x1iyjqo2 xeuugli\">\n<div class=\"x78zum5 xdt5ytf xz62fqu x16ldp7u\">\n<div class=\"xu06os2 x1ok221b\">\n<div class=\"html-div xdj266r x14z9mp xat24cr x1lziwak xexx8yu xyri2b x18d9i69 x1c1uobl\" data-ad-rendering-role=\"profile_name\">\n<ul>\n<li id=\"_r_v3_\" class=\"html-h2 x14z9mp xat24cr x1lziwak xexx8yu xyri2b x18d9i69 x1c1uobl x1vvkbs x1heor9g x1qlqyl8 x1pd3egz x1a2a7pz x1gslohp x1yc453h\"><span class=\"x78zum5 x1q0g3np\"><span class=\"x1lliihq x6ikm8r x10wlt62 x1n2onr6 xlyipyv xuxw1ft\"><span class=\"xt0psk2\"><a class=\"x1i10hfl xjbqb8w x1ejq31n x18oe1m7 x1sy0etr xstzfhl x972fbf x10w94by x1qhh985 x14e42zd x9f619 x1ypdohk xt0psk2 x3ct3a4 xdj266r x14z9mp xat24cr x1lziwak xexx8yu xyri2b x18d9i69 x1c1uobl x16tdsg8 x1hl2dhg xggy1nq x1a2a7pz xkrqix3 x1sur9pj xzsf02u x1s688f\" role=\"link\" href=\"https:\/\/www.facebook.com\/eltiempuenasturies?__cft__[0]=AZbB6CeUFhRRftAy0fT6P0cL0aLCbl3cyIvqOyDDV8BxsYCD8106APtIeirITJpx9C9TqKE9ehCEO6vwvJDIcT8ao0sfUf5leOCW4I6U4ri_W_gjPOV94VbUkaFfLNUQVcfCHfc8B9hBaiqCiFqzgZdEhFPA0EKN9THoD40UedYUdFW3RFFdtKnTszrQFxc8XS8&amp;__tn__=-UC%2CP-R\"><b class=\"html-b xdj266r x14z9mp xat24cr x1lziwak xexx8yu xyri2b x18d9i69 x1c1uobl x1hl2dhg x16tdsg8 x1vvkbs x1s688f\"><span class=\"html-span xdj266r x14z9mp xat24cr x1lziwak xexx8yu xyri2b x18d9i69 x1c1uobl x1hl2dhg x16tdsg8 x1vvkbs\">El Tiempu n&#8217;Asturies.<\/span><\/b><\/a><\/span><\/span><\/span><\/li>\n<\/ul>\n<\/div>\n<\/div>\n<div class=\"xu06os2 x1ok221b\"><\/div>\n<\/div>\n<\/div>\n<\/div>\n<\/div>\n<div class=\"html-div xdj266r x14z9mp xat24cr x1lziwak xexx8yu xyri2b x18d9i69 x1c1uobl\">\n<div class=\"html-div xdj266r x14z9mp xat24cr x1lziwak xexx8yu xyri2b x18d9i69 x1c1uobl\" dir=\"auto\">\n<div class=\"html-div xdj266r x14z9mp xat24cr x1lziwak xexx8yu xyri2b x18d9i69 x1c1uobl\" data-ad-rendering-role=\"story_message\">\n<div id=\"_r_v5_\" class=\"x1l90r2v x1iorvi4 x1g0dm76 xpdmqnj\" data-ad-comet-preview=\"message\" data-ad-preview=\"message\">\n<div class=\"x78zum5 xdt5ytf xz62fqu x16ldp7u\">\n<div class=\"xu06os2 x1ok221b\">\n<div class=\"html-div xdj266r x14z9mp xat24cr x1lziwak xexx8yu xyri2b x18d9i69 x1c1uobl\">\n<div class=\"x14z9mp xat24cr x1lziwak x1vvkbs xtlvy1s x126k92a\">\n<ul>\n<li dir=\"auto\"><strong><span style=\"color: #008080\">Alborecemos<\/span> <\/strong>col cielu cubiertu y con unes temperatures que tan alrodiu de los 14\u00baC, rexistr\u00e1ndose nel puirtu Payares 2,3\u00baC onde sopl\u00e1n fuertes raches de vientu.<\/li>\n<\/ul>\n<\/div>\n<div class=\"x14z9mp xat24cr x1lziwak x1vvkbs xtlvy1s x126k92a\">\n<ul>\n<li dir=\"auto\"><strong><span style=\"color: #008080\">G\u00fcei<\/span> <\/strong>vamos tener el cielu nuboso pero sin malpenes precipitaciones, solo s&#8217;esperen na cara sur de la cordelera con unes temperatures n&#8217;ascensu que mos dexar\u00e1n un ambiente templ\u00e1u, am\u00e1s va soplar con fuercia l&#8217;aire \u00e1brigu na cordelera ya en puntos del llitoral.<\/li>\n<\/ul>\n<p><!--more--><\/p>\n<\/div>\n<div class=\"x14z9mp xat24cr x1lziwak x1vvkbs xtlvy1s x126k92a\">\n<ul>\n<li dir=\"auto\"><strong><span style=\"color: #008080\">Ma\u00f1ana martes<\/span><\/strong> seguiremos col cielu nuboso con apertura de dalg\u00fan claro o abanciu durante la tarde, llover\u00e1 dalgo na cordelera y nevar\u00e1 perriba de los 1600m y l&#8217;aire \u00e1brigu seguir\u00e1 siendo fuerte nes zones propicies con tendencia amenorgar al finar el d\u00eda. Les temperatures en descensu.<\/li>\n<\/ul>\n<\/div>\n<div class=\"x14z9mp xat24cr x1lziwak x1vvkbs xtlvy1s x126k92a\">\n<ul>\n<li dir=\"auto\"><strong><span style=\"color: #008080\">El mi\u00e9rcoles<\/span> <\/strong>vamos tener nubes ya claros o abancios con unes temperatures que van camudar poco, sicas\u00ed tendremos un descensu de les m\u00ednimes, am\u00e1s l&#8217;aire sedr\u00e1 sele ya variable.<\/li>\n<\/ul>\n<\/div>\n<div class=\"x14z9mp xat24cr x1lziwak x1vvkbs xtlvy1s x126k92a\">\n<ul>\n<li dir=\"auto\"><strong><span style=\"color: #008080\">El xueves<\/span><\/strong> la llegada d&#8217;una nueva vaguada atl\u00e1ntica fadr\u00e1 qu&#8217;aumente la nubosid\u00e1 ya tengamos precipitaciones pela tarde con un descensu de les temperatures y nieve perriba de los 1300m.<\/li>\n<\/ul>\n<\/div>\n<div class=\"x14z9mp xat24cr x1lziwak x1vvkbs xtlvy1s x126k92a\">\n<ul>\n<li dir=\"auto\"><strong><span style=\"color: #008080\">La fin de selmana<\/span> <\/strong>un embolsamientu d&#8217;aire fr\u00edu n&#8217;altor que mos empobina una borrasca mos dexar\u00e1 tiempu inestable con xarabatos, tormentes y nieve perriba de los 900\/1000m, pero esto y\u00e1 lu diremos viendo.<\/li>\n<\/ul>\n<\/div>\n<\/div>\n<\/div>\n<\/div>\n<\/div>\n<\/div>\n<\/div>\n<\/div>\n<p style=\"text-align: center\">\n<!-- iframe plugin v.6.0 wordpress.org\/plugins\/iframe\/ -->\n<iframe loading=\"lazy\" src=\"https:\/\/www.facebook.com\/plugins\/video.php?height=314&#038;href=https%3A%2F%2Fwww.facebook.com%2Freel%2F4164816740497496%2F&#038;show_text=false&#038;width=560&#038;t=0\" width=\"560\" height=\"314\" style=\"border:none;overflow:hidden\" scrolling=\"no\" frameborder=\"0\" allowfullscreen=\"true\" allow=\"autoplay; clipboard-write; encrypted-media; picture-in-picture; web-share\" 0=\"\/iframe\" class=\"iframe-class\"><\/iframe>\n<\/p>\n","protected":false},"excerpt":{"rendered":"<p>El Tiempu n&#8217;Asturies. Alborecemos col cielu cubiertu y con unes temperatures que tan alrodiu de los 14\u00baC, rexistr\u00e1ndose nel puirtu Payares 2,3\u00baC onde sopl\u00e1n fuertes raches de vientu. G\u00fcei vamos tener el cielu nuboso pero sin malpenes precipitaciones, solo s&#8217;esperen na cara sur de la cordelera con unes temperatures n&#8217;ascensu que mos dexar\u00e1n un ambiente [&hellip;]<\/p>\n","protected":false},"author":117,"featured_media":0,"comment_status":"closed","ping_status":"closed","sticky":false,"template":"","format":"standard","meta":{"footnotes":""},"categories":[5],"tags":[],"class_list":["post-65816","post","type-post","status-publish","format-standard","hentry","category-tiempu"],"_links":{"self":[{"href":"https:\/\/edublog.educastur.es\/ixuxu\/wp-json\/wp\/v2\/posts\/65816","targetHints":{"allow":["GET"]}}],"collection":[{"href":"https:\/\/edublog.educastur.es\/ixuxu\/wp-json\/wp\/v2\/posts"}],"about":[{"href":"https:\/\/edublog.educastur.es\/ixuxu\/wp-json\/wp\/v2\/types\/post"}],"author":[{"embeddable":true,"href":"https:\/\/edublog.educastur.es\/ixuxu\/wp-json\/wp\/v2\/users\/117"}],"replies":[{"embeddable":true,"href":"https:\/\/edublog.educastur.es\/ixuxu\/wp-json\/wp\/v2\/comments?post=65816"}],"version-history":[{"count":2,"href":"https:\/\/edublog.educastur.es\/ixuxu\/wp-json\/wp\/v2\/posts\/65816\/revisions"}],"predecessor-version":[{"id":65851,"href":"https:\/\/edublog.educastur.es\/ixuxu\/wp-json\/wp\/v2\/posts\/65816\/revisions\/65851"}],"wp:attachment":[{"href":"https:\/\/edublog.educastur.es\/ixuxu\/wp-json\/wp\/v2\/media?parent=65816"}],"wp:term":[{"taxonomy":"category","embeddable":true,"href":"https:\/\/edublog.educastur.es\/ixuxu\/wp-json\/wp\/v2\/categories?post=65816"},{"taxonomy":"post_tag","embeddable":true,"href":"https:\/\/edublog.educastur.es\/ixuxu\/wp-json\/wp\/v2\/tags?post=65816"}],"curies":[{"name":"wp","href":"https:\/\/api.w.org\/{rel}","templated":true}]}}