{"id":65818,"date":"2026-01-12T13:33:51","date_gmt":"2026-01-12T11:33:51","guid":{"rendered":"https:\/\/edublog.educastur.es\/ixuxu\/?p=65818"},"modified":"2026-01-12T13:37:20","modified_gmt":"2026-01-12T11:37:20","slug":"naz-nace-larena-music-experience-un-festival-pa-finales-de-xunetu","status":"publish","type":"post","link":"https:\/\/edublog.educastur.es\/ixuxu\/2026\/01\/naz-nace-larena-music-experience-un-festival-pa-finales-de-xunetu\/","title":{"rendered":"Naz \u00abNace L&#8217;Arena Music Experience\u00bb un festival pa finales de xunetu"},"content":{"rendered":"<p class=\"v-a-t\">Naz <strong>L&#8217;Arena Music Experience<\/strong>,\u00a0 un festival frente al mar . Beret, Despist\u00e1ivos, Bely Basate, Depol, Noan y Retales son los primeres artistes confirmaos d&#8217;un cartelu que<strong> se va llevar a cabu del 24 al 26 de xunetu. <\/strong><a href=\"https:\/\/www.elcomercio.es\/planes\/larena-music-experience-festival-soto-barco-20260112075056-nt.html\">El Comercio<\/a><\/p>\n<p style=\"text-align: center\"><a href=\"https:\/\/s1.ppllstatics.com\/elcomercio\/www\/multimedia\/2026\/01\/12\/210524320-k4lF--1200x840@El%20Comercio.jpg\"><img loading=\"lazy\" decoding=\"async\" class=\"aligncenter \" src=\"https:\/\/s1.ppllstatics.com\/elcomercio\/www\/multimedia\/2026\/01\/12\/210524320-k4lF--1200x840@El%20Comercio.jpg\" width=\"499\" height=\"349\" \/><\/a><\/p>\n<p>Tr\u00e9s d\u00edes de m\u00fasica xuntu al mar. Ye la propuesta cola que&#8217;l festival va llegar a la localid\u00e1 sotobarquense del 24 al 26 de xunetu de 2026.<\/p>\n<p><!--more--><\/p>\n<p>La organizaci\u00f3n y\u00e1 avanz\u00f3 dalgunos de los nomes que van componer el cartelu d&#8217;artistes. Depol, Noan, Bely Basate, Despist\u00e1ivos, Retales, Beret, David Oteru y Lady Ma Belle son, enagora, los artistes que van enllenar de m\u00fasica la escampada frente a la rula.<\/p>\n<p>\u00abVa Ser un alcuentru \u00fanicu, con artistes que van faer hestoria y con tola enerx\u00eda de la nuesa comunid\u00e1. La m\u00fasica, sablera y maxa de San Juan de L&#8217;Arena x\u00fanense para crear un festival con alma\u00bb, aseguren los organizadores de la cita que les sos entraes t\u00e1n a puntu de salir a la vienta.<\/p>\n<p>A lo llargo d&#8217;avientu los promotores fueron anunciando al travi\u00e9s de redes sociales una iniciativa que busca poner nel mapa a la localid\u00e1 y al conceyu y que foi creada \u00abcola xente d&#8217;equ\u00ed por que lo vivamos toos\u00bb.<\/p>\n<p>Magar el cartelu completu nun s&#8217;anunci\u00f3 enagora, lo que s\u00ed se conoz son les actuaciones del primer d\u00eda. El vienres 24 de xunetu va arrincar la cita de la mano de Depol, Noan, Bely Basate y Despist\u00e1ivos. La banda conforma unu de los grandes cabeza de cartelu y va tar en L&#8217;Arena para cantar les temes que marcaron a toa una xeneraci\u00f3n, seg\u00fan los nuevos cantares.<\/p>\n<p>A otru d\u00eda Beret va xubise al escenariu par interpretar nueves temes. \u00abLes sos lletres lleguen directu, la so enerx\u00eda sobro l&#8217;escenariu y esos himnos que toos cantemos dalguna vegada van faer que San Juan de L&#8217;Arena cimble como nunca antes\u00bb, afirmen los organizadores.<\/p>\n<p>El\u00a0 festival, am\u00e1s, va collaborar cola asociaci\u00f3n <strong>Deporte vs C\u00e1ncer Infantil<\/strong> y va destinar 50 c\u00e9ntimos de cada entrada pa sofitar el so llabor porque \u00abxuntos la m\u00fasica y la solidarid\u00e1 faen que la esperiencia s\u00eda ent\u00e1 m\u00e1s grande\u00bb.<\/p>\n<p>Les entraes t\u00e1n a la vienta en Ticket Master y na p\u00e1xina web del festival y <strong>los precios van dende los 30 a los 80 euros.<\/strong><\/p>\n","protected":false},"excerpt":{"rendered":"<p>Naz L&#8217;Arena Music Experience,\u00a0 un festival frente al mar . Beret, Despist\u00e1ivos, Bely Basate, Depol, Noan y Retales son los primeres artistes confirmaos d&#8217;un cartelu que se va llevar a cabu del 24 al 26 de xunetu. El Comercio Tr\u00e9s d\u00edes de m\u00fasica xuntu al mar. Ye la propuesta cola que&#8217;l festival va llegar a [&hellip;]<\/p>\n","protected":false},"author":117,"featured_media":0,"comment_status":"closed","ping_status":"closed","sticky":false,"template":"","format":"standard","meta":{"footnotes":""},"categories":[204,35],"tags":[],"class_list":["post-65818","post","type-post","status-publish","format-standard","hentry","category-festivales","category-musica"],"_links":{"self":[{"href":"https:\/\/edublog.educastur.es\/ixuxu\/wp-json\/wp\/v2\/posts\/65818","targetHints":{"allow":["GET"]}}],"collection":[{"href":"https:\/\/edublog.educastur.es\/ixuxu\/wp-json\/wp\/v2\/posts"}],"about":[{"href":"https:\/\/edublog.educastur.es\/ixuxu\/wp-json\/wp\/v2\/types\/post"}],"author":[{"embeddable":true,"href":"https:\/\/edublog.educastur.es\/ixuxu\/wp-json\/wp\/v2\/users\/117"}],"replies":[{"embeddable":true,"href":"https:\/\/edublog.educastur.es\/ixuxu\/wp-json\/wp\/v2\/comments?post=65818"}],"version-history":[{"count":5,"href":"https:\/\/edublog.educastur.es\/ixuxu\/wp-json\/wp\/v2\/posts\/65818\/revisions"}],"predecessor-version":[{"id":65823,"href":"https:\/\/edublog.educastur.es\/ixuxu\/wp-json\/wp\/v2\/posts\/65818\/revisions\/65823"}],"wp:attachment":[{"href":"https:\/\/edublog.educastur.es\/ixuxu\/wp-json\/wp\/v2\/media?parent=65818"}],"wp:term":[{"taxonomy":"category","embeddable":true,"href":"https:\/\/edublog.educastur.es\/ixuxu\/wp-json\/wp\/v2\/categories?post=65818"},{"taxonomy":"post_tag","embeddable":true,"href":"https:\/\/edublog.educastur.es\/ixuxu\/wp-json\/wp\/v2\/tags?post=65818"}],"curies":[{"name":"wp","href":"https:\/\/api.w.org\/{rel}","templated":true}]}}