{"id":65832,"date":"2026-01-12T19:32:08","date_gmt":"2026-01-12T17:32:08","guid":{"rendered":"https:\/\/edublog.educastur.es\/ixuxu\/?p=65832"},"modified":"2026-01-13T20:45:30","modified_gmt":"2026-01-13T18:45:30","slug":"meyor-noticia-pal-asturianu-de-2025","status":"publish","type":"post","link":"https:\/\/edublog.educastur.es\/ixuxu\/2026\/01\/meyor-noticia-pal-asturianu-de-2025\/","title":{"rendered":"Meyor Noticia pal Asturianu de 2025"},"content":{"rendered":"<div class=\"td-container\">\n<div class=\"td-pb-row\">\n<div class=\"td-pb-span8 td-main-content\" role=\"main\">\n<div class=\"td-ss-main-content\">\n<div class=\"td-post-content\">\n<p dir=\"ltr\"><img loading=\"lazy\" decoding=\"async\" class=\"wp-image-7348 td-animation-stack-type0-2 aligncenter\" src=\"https:\/\/iniciativapolasturianu.org\/wp-content\/uploads\/2026\/01\/3.png\" alt=\"\" width=\"454\" height=\"454\" \/><\/p>\n<p dir=\"ltr\">La inclusi\u00f3n del asturianu y del eonaviego nel segundu ciclu d\u2019Educaci\u00f3n Infantil convi\u00e9rtese na Meyor Noticia pal Asturianu de 2025. L\u2019ense\u00f1u del asturianu na Escuela Oficial d\u2019Idiomes d\u2019Uvi\u00e9u y l\u2019estrenu en TPA d\u2019una serie de dibuxos animaos doblaos al asturianu quedaren empataes en segundu llugar.<\/p>\n<p dir=\"ltr\"><!--more--><\/p>\n<div class=\"td-post-sharing-top\">\n<div id=\"td_social_sharing_article_top\" class=\"td-post-sharing td-ps-bg td-ps-notext td-post-sharing-style1 \">\n<div class=\"td-post-sharing-visible\">\n<div class=\"td-social-but-icon\">Ye la opci\u00f3n m\u00e1s votada na consulta entamada por Iniciativa pol Asturianu. D\u2019esta manera,<strong> la ciudadan\u00eda sofito de manera mayoritaria esti pasu alantre na inclusi\u00f3n de les lling\u00fces propies nesti tramu inicial de la educaci\u00f3n.<\/strong> Esta noticia tien especial inter\u00e9s porque yera un tramu de la ense\u00f1anza na que l\u2019asturianu ent\u00e1 nun taba presente. Tanto la Carta Europea de les Lling\u00fces como la propia Llei d\u2019Usu y Promoci\u00f3n del Asturianu afalen n\u2019implantar l\u2019ense\u00f1u de les lling\u00fces propies en tolos niveles educativos. Am\u00e1s, esta foi una reclamaci\u00f3n constante d\u2019Iniciativa pol Asturianu pa procurar la tresmisi\u00f3n xeneracional del idioma nesti primer contactu educativu.<\/div>\n<\/div>\n<\/div>\n<\/div>\n<div class=\"td-post-content\">\n<p dir=\"ltr\" style=\"text-align: center\">\n<!-- iframe plugin v.6.0 wordpress.org\/plugins\/iframe\/ -->\n<iframe loading=\"lazy\" src=\"https:\/\/www.facebook.com\/plugins\/post.php?href=https%3A%2F%2Fwww.facebook.com%2Fphoto.php%3Ffbid%3D1286888410152429%26set%3Da.628827215958555%26type%3D3&#038;show_text=false&#038;width=500\" width=\"500\" height=\"715\" style=\"border:none;overflow:hidden\" scrolling=\"no\" frameborder=\"0\" allowfullscreen=\"true\" allow=\"autoplay; clipboard-write; encrypted-media; picture-in-picture; web-share\" 0=\"\/iframe\" class=\"iframe-class\"><\/iframe>\n<\/p>\n<\/div>\n<p dir=\"ltr\">Ente les siguientes noticies m\u00e1s votaes asiti\u00e1ronse al empar l\u2019ense\u00f1u del asturianu na Escuela Oficial d\u2019Idiomes d\u2019Uvi\u00e9u y l\u2019estrenu en TPA de L\u2019abeya Maya, la serie de dibuxos animaos doblada al asturianu orientada al p\u00fablicu infantil.<\/p>\n<\/div>\n<\/div>\n<\/div>\n<\/div>\n<\/div>\n<p>&nbsp;<\/p>\n","protected":false},"excerpt":{"rendered":"<p>La inclusi\u00f3n del asturianu y del eonaviego nel segundu ciclu d\u2019Educaci\u00f3n Infantil convi\u00e9rtese na Meyor Noticia pal Asturianu de 2025. L\u2019ense\u00f1u del asturianu na Escuela Oficial d\u2019Idiomes d\u2019Uvi\u00e9u y l\u2019estrenu en TPA d\u2019una serie de dibuxos animaos doblaos al asturianu quedaren empataes en segundu llugar.<\/p>\n","protected":false},"author":117,"featured_media":0,"comment_status":"closed","ping_status":"closed","sticky":false,"template":"","format":"standard","meta":{"footnotes":""},"categories":[47],"tags":[],"class_list":["post-65832","post","type-post","status-publish","format-standard","hentry","category-iniciativa-pol-asturianu"],"_links":{"self":[{"href":"https:\/\/edublog.educastur.es\/ixuxu\/wp-json\/wp\/v2\/posts\/65832","targetHints":{"allow":["GET"]}}],"collection":[{"href":"https:\/\/edublog.educastur.es\/ixuxu\/wp-json\/wp\/v2\/posts"}],"about":[{"href":"https:\/\/edublog.educastur.es\/ixuxu\/wp-json\/wp\/v2\/types\/post"}],"author":[{"embeddable":true,"href":"https:\/\/edublog.educastur.es\/ixuxu\/wp-json\/wp\/v2\/users\/117"}],"replies":[{"embeddable":true,"href":"https:\/\/edublog.educastur.es\/ixuxu\/wp-json\/wp\/v2\/comments?post=65832"}],"version-history":[{"count":4,"href":"https:\/\/edublog.educastur.es\/ixuxu\/wp-json\/wp\/v2\/posts\/65832\/revisions"}],"predecessor-version":[{"id":65917,"href":"https:\/\/edublog.educastur.es\/ixuxu\/wp-json\/wp\/v2\/posts\/65832\/revisions\/65917"}],"wp:attachment":[{"href":"https:\/\/edublog.educastur.es\/ixuxu\/wp-json\/wp\/v2\/media?parent=65832"}],"wp:term":[{"taxonomy":"category","embeddable":true,"href":"https:\/\/edublog.educastur.es\/ixuxu\/wp-json\/wp\/v2\/categories?post=65832"},{"taxonomy":"post_tag","embeddable":true,"href":"https:\/\/edublog.educastur.es\/ixuxu\/wp-json\/wp\/v2\/tags?post=65832"}],"curies":[{"name":"wp","href":"https:\/\/api.w.org\/{rel}","templated":true}]}}