{"id":6587,"date":"2021-05-29T19:38:42","date_gmt":"2021-05-29T17:38:42","guid":{"rendered":"https:\/\/edublog.educastur.es\/ixuxu\/?p=6587"},"modified":"2021-06-01T18:39:29","modified_gmt":"2021-06-01T16:39:29","slug":"fruta-arandanos","status":"publish","type":"post","link":"https:\/\/edublog.educastur.es\/ixuxu\/2021\/05\/fruta-arandanos\/","title":{"rendered":"Fruta: Ar\u00e1ndanos, dende mediaos de xunu a finales d\u00b4ochobre"},"content":{"rendered":"<p style=\"text-align: center\"><a href=\"https:\/\/imgbox.es\/images\/2021\/05\/29\/arandanos046e527a4cf8bf7b.jpg\"><img loading=\"lazy\" decoding=\"async\" class=\"alignnone\" src=\"https:\/\/imgbox.es\/images\/2021\/05\/29\/arandanos046e527a4cf8bf7b.jpg\" alt=\"\" width=\"394\" height=\"394\" \/><\/a><\/p>\n<p><span class=\"css-901oao css-16my406 r-poiln3 r-bcqeeo r-qvutc0\">La nuesa tierra tien una cualidaes id\u00f3nees para el cultivo de <\/span><span class=\"r-18u37iz\"><a class=\"css-4rbku5 css-18t94o4 css-901oao css-16my406 r-1n1174f r-1loqt21 r-poiln3 r-bcqeeo r-qvutc0\" role=\"link\" href=\"https:\/\/twitter.com\/hashtag\/ar\u00e1ndanos?src=hashtag_click\">#ar\u00e1ndanos<\/a><\/span><span class=\"css-901oao css-16my406 r-poiln3 r-bcqeeo r-qvutc0\"> ecol\u00f3xicos <\/span><span class=\"r-18u37iz\"><a class=\"css-4rbku5 css-18t94o4 css-901oao css-16my406 r-1n1174f r-1loqt21 r-poiln3 r-bcqeeo r-qvutc0\" role=\"link\" href=\"https:\/\/twitter.com\/CopaeAsturias\">@CopaeAsturias<\/a><\/span><span class=\"css-901oao css-16my406 r-poiln3 r-bcqeeo r-qvutc0\"> que se suelen dar de xunu a finales d\u00b4ochobre dependiendo de la so varied\u00e1. Asina te lo contamos nesti videu de <\/span><span class=\"r-18u37iz\"><a class=\"css-4rbku5 css-18t94o4 css-901oao css-16my406 r-1n1174f r-1loqt21 r-poiln3 r-bcqeeo r-qvutc0\" role=\"link\" href=\"https:\/\/twitter.com\/Notqdes_tv\">@Notqdes_tv<\/a><\/span><span class=\"css-901oao css-16my406 r-poiln3 r-bcqeeo r-qvutc0\"> \u00a1Da-y al play!\u00a0<\/span><\/p>\n<p style=\"text-align: center\"><a href=\"https:\/\/www.lavanguardia.com\/files\/image_449_220\/uploads\/2020\/08\/12\/5f33afdab7e30.jpeg\"><img loading=\"lazy\" decoding=\"async\" class=\"alignnone\" src=\"https:\/\/www.lavanguardia.com\/files\/image_449_220\/uploads\/2020\/08\/12\/5f33afdab7e30.jpeg\" alt=\"\" width=\"320\" height=\"157\" \/><\/a><\/p>\n<ul>\n<li>Noticies: <a href=\"https:\/\/www.lavanguardia.com\/comer\/materia-prima\/20180710\/45783544503\/arandanos-frutas-propiedades-beneficios-valor-nutricional.html\">La Vanguardia<\/a> \/<a href=\"https:\/\/twitter.com\/alimentosastur\/status\/1306606181767688192\"> Twitter<\/a> \/<\/li>\n<li><a href=\"https:\/\/www.lavozdeasturias.es\/noticia\/comarcas\/2016\/12\/07\/asturias-paraiso-arandano\/00031481137429080353628.htm\">Asturias, paraiso del ar\u00e1ndano<\/a><\/li>\n<li><a href=\"https:\/\/www.elcampodeasturias.es\/blog\/2020\/08\/06\/el-arandano-conquista-asturias\/\">L\u00b4ar\u00e1ndano conquista Asturies<\/a><\/li>\n<\/ul>\n<p><!--more--><\/p>\n<div class=\"listicle-slide-dek\">\n<p>Anque nun se sabe cu\u00e1l ye&#8217;l so orixe, <strong><span style=\"color: #008080\">s\u00ed s\u00e1bese que form\u00f3 parte de la dieta de los pueblos \u00e1rticos dende l&#8217;Antig\u00fced\u00e1<\/span><\/strong>. En Norteam\u00e9rica, los amerindios tami\u00e9n lo usaben para les sos com\u00edes.<\/p>\n<p>El so conten\u00edu rico en polifenoles y antiosidantes conviertelu <strong><span style=\"color: #008080\">nun ali\u00e1u contra les enfermedaes cardiovasculares. Tami\u00e9n ye un potente antigripal, refuerza&#8217;l sistema inmunitario y ye bien eficaz contra les infecciones urinaries.<\/span><\/strong><\/p>\n<\/div>\n<p>&nbsp;<\/p>\n<div class=\"article-top-titles\">\n<div class=\"title-container\">\n<h1><a href=\"https:\/\/www.lavanguardia.com\/uploads\/2018\/07\/09\/5e9982c32fe88.jpeg\"><img loading=\"lazy\" decoding=\"async\" class=\"alignnone\" src=\"https:\/\/www.lavanguardia.com\/uploads\/2018\/07\/09\/5e9982c32fe88.jpeg\" alt=\"\" width=\"314\" height=\"177\" \/><\/a> <span style=\"font-size: 12px\">\/<a href=\"https:\/\/www.lavanguardia.com\/uploads\/2019\/12\/04\/5e99835edef3d.jpeg\"><img loading=\"lazy\" decoding=\"async\" class=\"alignnone\" src=\"https:\/\/www.lavanguardia.com\/uploads\/2019\/12\/04\/5e99835edef3d.jpeg\" alt=\"\" width=\"260\" height=\"172\" \/><\/a><\/span><\/h1>\n<p>La producci\u00f3n d\u00b4ar\u00e1ndanos n\u00b4Asturies ocupa alreedor de<span style=\"color: #008080\"><strong> 200 hect\u00e1rees de plant\u00edos.<\/strong><\/span> Les primeres finques, alcontraes en Tin\u00e9u, tienen siquier 30 a\u00f1os y, la mayor\u00eda, suelen ser pequenos plant\u00edos d&#8217;entre xuna y dos hect\u00e1rees. Esisten dos cooperatives asturianes de productores d&#8217;ar\u00e1ndanos. La m\u00e1s reci\u00e9n creose en xunu de 2015 y, so la denominaci\u00f3n <span style=\"color: #008080\"><strong>Picos d&#8217;Asturies Berries<\/strong><\/span>, apigura a 17 productores d&#8217;ar\u00e1ndanos y frutos coloraos, bona parte del oriente d&#8217;Asturies.<\/p>\n<p><em>\u00abLa calid\u00e1 del ar\u00e1ndanu asturianu\u00bb, a\u00f1ede, \u00abye abondo meyor que la del d&#8217;Huelva pola climatolox\u00eda. Los terrenes que tenemos equ\u00ed son meyores y, magar que el ar\u00e1ndanu llantase hasta en sable, n&#8217;Asturies la tierra ye de lo meyor, plantes cualquier cosa y sale. Ye xuna tierra granible, que precisa de menos abonos y fertilizantes que n&#8217;otres partes d&#8217;Espa\u00f1a. Tenemos la tierra y el clima perfectos\u00bb<\/em>. Y eso n\u00f3tase nel sabor. Am\u00e1s, la d\u00f3mina de recoyida y producci\u00f3n del ar\u00e1ndanu asturianu, como&#8217;l de too el norte d&#8217;Espa\u00f1a, <span style=\"color: #008080\">va dende mediaos de xunu a finales d&#8217;ochobre.<\/span><\/p>\n<p><a href=\"https:\/\/www.turismoasturias.es\/documents\/11022\/5391375\/Kiwis+y+ar%C3%A1ndanos.jpg\/90d8f790-095f-4e40-bac6-7574d278d166?t=1601544745294\"><img loading=\"lazy\" decoding=\"async\" class=\"alignnone\" src=\"https:\/\/www.turismoasturias.es\/documents\/11022\/5391375\/Kiwis+y+ar%C3%A1ndanos.jpg\/90d8f790-095f-4e40-bac6-7574d278d166?t=1601544745294\" alt=\"\" width=\"316\" height=\"178\" \/><\/a>\/<a href=\"https:\/\/pbs.twimg.com\/media\/EfxgUdGWsAAF30A.jpg\"><img loading=\"lazy\" decoding=\"async\" class=\"alignnone\" src=\"https:\/\/pbs.twimg.com\/media\/EfxgUdGWsAAF30A.jpg\" alt=\"\" width=\"180\" height=\"180\" \/><\/a><\/p>\n<p><a href=\"https:\/\/s3.productosdeasturias.com\/175-large_default\/zumo-de-arandanos-ecologico-50-c.jpg\"><img loading=\"lazy\" decoding=\"async\" class=\"alignnone\" src=\"https:\/\/s3.productosdeasturias.com\/175-large_default\/zumo-de-arandanos-ecologico-50-c.jpg\" alt=\"\" width=\"238\" height=\"238\" \/><\/a> \/<a href=\"https:\/\/1.bp.blogspot.com\/-UhT_XQVqY74\/XRT1A4DJRGI\/AAAAAAADT9Y\/LrH99a447goI5YR4wH4HImkK_tA0H2xhACLcBGAs\/s1600\/tarta%2Bde%2Bqueso%2By%2Barandanos%2B1.jpg\"><img loading=\"lazy\" decoding=\"async\" class=\"alignnone\" src=\"https:\/\/1.bp.blogspot.com\/-UhT_XQVqY74\/XRT1A4DJRGI\/AAAAAAADT9Y\/LrH99a447goI5YR4wH4HImkK_tA0H2xhACLcBGAs\/s1600\/tarta%2Bde%2Bqueso%2By%2Barandanos%2B1.jpg\" alt=\"\" width=\"348\" height=\"232\" \/><\/a><\/p>\n<ul>\n<li><a href=\"https:\/\/elparaisodelosgolosos.blogspot.com\/2019\/07\/tarta-de-queso-con-gelatina-de.html\">Tarta de quesu con xelatina d\u00b4ar\u00e1ndanos<\/a><\/li>\n<li><a href=\"https:\/\/eriadevalles.es\/tarta-de-queso-con-maranuelas-y-arandanos\/\">Tarta de quesu con cobertura d\u00b4ar\u00e1ndanos<\/a><\/li>\n<\/ul>\n<\/div>\n<\/div>\n<div class=\"article-top-titles\">\n<div class=\"title-container\">\n<h3 class=\"epigraph\"><em><span style=\"font-size: 16px\">Ar\u00e1ndanos: propiedades, beneficios y valor nutricional de unas bayas muy sanas<br \/>\n<\/span><\/em><em><span style=\"font-size: 16px\">Los ar\u00e1ndanos tienen un alto contenido en antioxidantes<\/span><\/em><br \/>\n<a href=\"https:\/\/www.lavanguardia.com\/natural\/tu-huella\/20181203\/453304279435\/abejas-arandanos-cultivo-agricultura-beneficios-insectos-polinizadores-crecimiento.html\" data-gtm-element=\"container-child-link\"><em><span style=\"font-size: 16px\">El secreto para tener ar\u00e1ndanos grandes y con crecimiento r\u00e1pido<\/span><\/em><\/a><\/h3>\n<\/div>\n<\/div>\n<div class=\"epigraph-container\" data-gtm-element-container=\"modulo-texto-link\">\n<p style=\"text-align: center\">\n<!-- iframe plugin v.6.0 wordpress.org\/plugins\/iframe\/ -->\n<iframe loading=\"lazy\" width=\"100%\" height=\"364\" src=\"https:\/\/www.youtube.com\/embed\/CWHB3sP-d4M\" scrolling=\"yes\" class=\"iframe-class\" frameborder=\"0\"><\/iframe>\n<\/p>\n<p><a href=\"https:\/\/www.arandanosecologicosdeasturias.com\/wp-content\/uploads\/2020\/05\/finca-santa-rosa-1-e1588963926181.jpg\"><img loading=\"lazy\" decoding=\"async\" class=\"alignnone\" src=\"https:\/\/www.arandanosecologicosdeasturias.com\/wp-content\/uploads\/2020\/05\/finca-santa-rosa-1-e1588963926181.jpg\" alt=\"\" width=\"272\" height=\"315\" \/><\/a>\/<a href=\"https:\/\/www.arandanosecologicos.com\/images\/IMG_20170517_190626Web.jpg\"><img loading=\"lazy\" decoding=\"async\" class=\"alignnone\" src=\"https:\/\/www.arandanosecologicos.com\/images\/IMG_20170517_190626Web.jpg\" alt=\"\" width=\"234\" height=\"312\" \/><\/a><\/p>\n<p style=\"text-align: center\">\n<\/div>\n<p>&nbsp;<\/p>\n","protected":false},"excerpt":{"rendered":"<p>La nuesa tierra tien una cualidaes id\u00f3nees para el cultivo de #ar\u00e1ndanos ecol\u00f3xicos @CopaeAsturias que se suelen dar de xunu a finales d\u00b4ochobre dependiendo de la so varied\u00e1. Asina te lo contamos nesti videu de @Notqdes_tv \u00a1Da-y al play!\u00a0 Noticies: La Vanguardia \/ Twitter \/ Asturias, paraiso del ar\u00e1ndano L\u00b4ar\u00e1ndano conquista Asturies<\/p>\n","protected":false},"author":117,"featured_media":0,"comment_status":"open","ping_status":"open","sticky":false,"template":"","format":"standard","meta":{"footnotes":""},"categories":[138],"tags":[],"class_list":["post-6587","post","type-post","status-publish","format-standard","hentry","category-alimentos"],"_links":{"self":[{"href":"https:\/\/edublog.educastur.es\/ixuxu\/wp-json\/wp\/v2\/posts\/6587","targetHints":{"allow":["GET"]}}],"collection":[{"href":"https:\/\/edublog.educastur.es\/ixuxu\/wp-json\/wp\/v2\/posts"}],"about":[{"href":"https:\/\/edublog.educastur.es\/ixuxu\/wp-json\/wp\/v2\/types\/post"}],"author":[{"embeddable":true,"href":"https:\/\/edublog.educastur.es\/ixuxu\/wp-json\/wp\/v2\/users\/117"}],"replies":[{"embeddable":true,"href":"https:\/\/edublog.educastur.es\/ixuxu\/wp-json\/wp\/v2\/comments?post=6587"}],"version-history":[{"count":12,"href":"https:\/\/edublog.educastur.es\/ixuxu\/wp-json\/wp\/v2\/posts\/6587\/revisions"}],"predecessor-version":[{"id":6611,"href":"https:\/\/edublog.educastur.es\/ixuxu\/wp-json\/wp\/v2\/posts\/6587\/revisions\/6611"}],"wp:attachment":[{"href":"https:\/\/edublog.educastur.es\/ixuxu\/wp-json\/wp\/v2\/media?parent=6587"}],"wp:term":[{"taxonomy":"category","embeddable":true,"href":"https:\/\/edublog.educastur.es\/ixuxu\/wp-json\/wp\/v2\/categories?post=6587"},{"taxonomy":"post_tag","embeddable":true,"href":"https:\/\/edublog.educastur.es\/ixuxu\/wp-json\/wp\/v2\/tags?post=6587"}],"curies":[{"name":"wp","href":"https:\/\/api.w.org\/{rel}","templated":true}]}}