{"id":65874,"date":"2026-01-10T09:00:53","date_gmt":"2026-01-10T07:00:53","guid":{"rendered":"https:\/\/edublog.educastur.es\/ixuxu\/?p=65874"},"modified":"2026-01-12T20:41:18","modified_gmt":"2026-01-12T18:41:18","slug":"2026-anu-internacional-de-los-pacionales-y-el-pastores","status":"publish","type":"post","link":"https:\/\/edublog.educastur.es\/ixuxu\/2026\/01\/2026-anu-internacional-de-los-pacionales-y-el-pastores\/","title":{"rendered":"2026: A\u00f1u Internacional de los Pacionales y el Pastores."},"content":{"rendered":"<div dir=\"auto\" style=\"text-align: center\"><a href=\"https:\/\/pbs.twimg.com\/profile_banners\/2189873852\/1765459035\/1500x500\"><img loading=\"lazy\" decoding=\"async\" class=\"aligncenter size-large\" src=\"https:\/\/pbs.twimg.com\/profile_banners\/2189873852\/1765459035\/1500x500\" width=\"1500\" height=\"500\" \/><\/a><\/div>\n<div dir=\"auto\"><\/div>\n<div dir=\"auto\"><span class=\"html-span xdj266r x14z9mp xat24cr x1lziwak xexx8yu xyri2b x18d9i69 x1c1uobl x1hl2dhg x16tdsg8 x1vvkbs\"><a class=\"x1i10hfl xjbqb8w x1ejq31n x18oe1m7 x1sy0etr xstzfhl x972fbf x10w94by x1qhh985 x14e42zd x9f619 x1ypdohk xt0psk2 x3ct3a4 xdj266r x14z9mp xat24cr x1lziwak xexx8yu xyri2b x18d9i69 x1c1uobl x16tdsg8 x1hl2dhg xggy1nq x1a2a7pz xkrqix3 x1sur9pj x1fey0fg x1s688f\" role=\"link\" href=\"https:\/\/www.facebook.com\/hashtag\/iyrp2026?__eep__=6&amp;__cft__[0]=AZbLv0DBuLixLTrur4cJB9SwjvZW6T41q7prWuFF2RDXqinh1HZl7njvTZ8qJg1RNt4cdkp0w3-QcAjKlmnpdumJWcRBto69iXphoCM8wUqsmKZAnDiGT0q09qVcaFaaPJJREjA8bXj3Fu9jS53zNJZwGU11ITxz2yNn__j0iNolPKTApAr1LdrepSuDHdzAgeysbH5TFZg2q4mUjXb8CsDg&amp;__tn__=*NK-y-R\">#IYRP2026<\/a><\/span> <span class=\"html-span xdj266r x14z9mp xat24cr x1lziwak xexx8yu xyri2b x18d9i69 x1c1uobl x1hl2dhg x16tdsg8 x1vvkbs\"><a class=\"x1i10hfl xjbqb8w x1ejq31n x18oe1m7 x1sy0etr xstzfhl x972fbf x10w94by x1qhh985 x14e42zd x9f619 x1ypdohk xt0psk2 x3ct3a4 xdj266r x14z9mp xat24cr x1lziwak xexx8yu xyri2b x18d9i69 x1c1uobl x16tdsg8 x1hl2dhg xggy1nq x1a2a7pz xkrqix3 x1sur9pj x1fey0fg x1s688f\" role=\"link\" href=\"https:\/\/www.facebook.com\/hashtag\/a%C3%B1opastizalesypastores?__eep__=6&amp;__cft__[0]=AZbLv0DBuLixLTrur4cJB9SwjvZW6T41q7prWuFF2RDXqinh1HZl7njvTZ8qJg1RNt4cdkp0w3-QcAjKlmnpdumJWcRBto69iXphoCM8wUqsmKZAnDiGT0q09qVcaFaaPJJREjA8bXj3Fu9jS53zNJZwGU11ITxz2yNn__j0iNolPKTApAr1LdrepSuDHdzAgeysbH5TFZg2q4mUjXb8CsDg&amp;__tn__=*NK-y-R\">#A\u00f1oPastizalesYPastores <\/a><\/span><span class=\"html-span xexx8yu xyri2b x18d9i69 x1c1uobl x1hl2dhg x16tdsg8 x1vvkbs x3nfvp2 x1j61x8r x1fcty0u xdj266r xat24cr xm2jcoa x1mpyi22 xxymvpz xlup9mm x1kky2od\"><img loading=\"lazy\" decoding=\"async\" class=\"xz74otr x15mokao x1ga7v0g x16uus16 xbiv7yw\" src=\"https:\/\/static.xx.fbcdn.net\/images\/emoji.php\/v9\/t3c\/2\/16\/1f33e.png\" alt=\"\ud83c\udf3e\" width=\"16\" height=\"16\" \/><\/span><span class=\"html-span xexx8yu xyri2b x18d9i69 x1c1uobl x1hl2dhg x16tdsg8 x1vvkbs x3nfvp2 x1j61x8r x1fcty0u xdj266r xat24cr xm2jcoa x1mpyi22 xxymvpz xlup9mm x1kky2od\"><img loading=\"lazy\" decoding=\"async\" class=\"xz74otr x15mokao x1ga7v0g x16uus16 xbiv7yw\" src=\"https:\/\/static.xx.fbcdn.net\/images\/emoji.php\/v9\/tb\/2\/16\/1f411.png\" alt=\"\ud83d\udc11\" width=\"16\" height=\"16\" \/><\/span> En 2026 cel\u00e9brase l&#8217;A\u00f1u Internacional de los Pacionales y el Pastores. Una oportunid\u00e1 para concenciar sobro esti binomiu, promoviendo m\u00e1s inversi\u00f3n responsable y pol\u00edtiques afeches al sector. <span class=\"html-span xexx8yu xyri2b x18d9i69 x1c1uobl x1hl2dhg x16tdsg8 x1vvkbs x3nfvp2 x1j61x8r x1fcty0u xdj266r xat24cr xm2jcoa x1mpyi22 xxymvpz xlup9mm x1kky2od\"><img loading=\"lazy\" decoding=\"async\" class=\"xz74otr x15mokao x1ga7v0g x16uus16 xbiv7yw\" src=\"https:\/\/static.xx.fbcdn.net\/images\/emoji.php\/v9\/t52\/2\/16\/1f517.png\" alt=\"\ud83d\udd17\" width=\"16\" height=\"16\" \/> <a href=\"https:\/\/x.com\/FAOenEspanol\">(8) FAO en espa\u00f1ol (@FAOenEspanol) \/ X<\/a> <\/span><span class=\"html-span xexx8yu xyri2b x18d9i69 x1c1uobl x1hl2dhg x16tdsg8 x1vvkbs x3nfvp2 x1j61x8r x1fcty0u xdj266r xat24cr xm2jcoa x1mpyi22 xxymvpz xlup9mm x1kky2od\"><img loading=\"lazy\" decoding=\"async\" class=\"xz74otr x15mokao x1ga7v0g x16uus16 xbiv7yw\" src=\"https:\/\/static.xx.fbcdn.net\/images\/emoji.php\/v9\/tf0\/2\/16\/1f449.png\" alt=\"\ud83d\udc49\" width=\"16\" height=\"16\" \/><\/span> M\u00e1s en <span class=\"html-span xdj266r x14z9mp xat24cr x1lziwak xexx8yu xyri2b x18d9i69 x1c1uobl x1hl2dhg x16tdsg8 x1vvkbs\"><a class=\"x1i10hfl xjbqb8w x1ejq31n x18oe1m7 x1sy0etr xstzfhl x972fbf x10w94by x1qhh985 x14e42zd x9f619 x1ypdohk xt0psk2 x3ct3a4 xdj266r x14z9mp xat24cr x1lziwak xexx8yu xyri2b x18d9i69 x1c1uobl x16tdsg8 x1hl2dhg xggy1nq x1a2a7pz xkrqix3 x1sur9pj x1fey0fg x1s688f\" role=\"link\" href=\"https:\/\/www.fao.org\/rangelands-pastoralists-2026\/es?fbclid=IwZXh0bgNhZW0CMTAAYnJpZBExbklHc3VwenBWbUNOaEE3SXNydGMGYXBwX2lkEDIyMjAzOTE3ODgyMDA4OTIAAR6m32fsOCCKuiLs1tP58wTyg75OpqgkAIeTcqcGNHd_I109QLl6m5CX2up0ug_aem_CslDHS1NiZies3fF8s02uA\" target=\"_blank\" rel=\"nofollow noopener\">www.fao.org\/rangelands-pastoralists-2026\/es<\/a><\/span><\/div>\n<div dir=\"auto\"><\/div>\n<div dir=\"auto\" style=\"text-align: center\">\n<!-- iframe plugin v.6.0 wordpress.org\/plugins\/iframe\/ -->\n<iframe loading=\"lazy\" width=\"546\" height=\"364\" src=\"https:\/\/www.youtube.com\/embed\/29MVYiTuWAk\" title=\"A\u00f1o Internacional de los Pastizales y los Pastores 2026\" frameborder=\"0\" allow=\"accelerometer; autoplay; clipboard-write; encrypted-media; gyroscope; picture-in-picture; web-share\" referrerpolicy=\"strict-origin-when-cross-origin\" 0=\"allowfullscreen\" 1=\"\/iframe\" scrolling=\"yes\" class=\"iframe-class\"><\/iframe>\n<\/div>\n<div dir=\"auto\"><\/div>\n<div dir=\"auto\" style=\"text-align: center\"><a href=\"https:\/\/www.fao.org\/images\/corporatelibraries\/logos\/fao-80\/fao80_logo-blue_v1.svg?sfvrsn=6f47c671_1\"><img loading=\"lazy\" decoding=\"async\" class=\"aligncenter size-large\" src=\"https:\/\/www.fao.org\/images\/corporatelibraries\/logos\/fao-80\/fao80_logo-blue_v1.svg?sfvrsn=6f47c671_1\" width=\"300\" height=\"102\" \/><\/a><\/div>\n","protected":false},"excerpt":{"rendered":"<p>#IYRP2026 #A\u00f1oPastizalesYPastores En 2026 cel\u00e9brase l&#8217;A\u00f1u Internacional de los Pacionales y el Pastores. Una oportunid\u00e1 para concenciar sobro esti binomiu, promoviendo m\u00e1s inversi\u00f3n responsable y pol\u00edtiques afeches al sector. (8) FAO en espa\u00f1ol (@FAOenEspanol) \/ X M\u00e1s en www.fao.org\/rangelands-pastoralists-2026\/es<\/p>\n","protected":false},"author":117,"featured_media":0,"comment_status":"closed","ping_status":"closed","sticky":false,"template":"","format":"standard","meta":{"footnotes":""},"categories":[1],"tags":[],"class_list":["post-65874","post","type-post","status-publish","format-standard","hentry","category-sin-categoria"],"_links":{"self":[{"href":"https:\/\/edublog.educastur.es\/ixuxu\/wp-json\/wp\/v2\/posts\/65874","targetHints":{"allow":["GET"]}}],"collection":[{"href":"https:\/\/edublog.educastur.es\/ixuxu\/wp-json\/wp\/v2\/posts"}],"about":[{"href":"https:\/\/edublog.educastur.es\/ixuxu\/wp-json\/wp\/v2\/types\/post"}],"author":[{"embeddable":true,"href":"https:\/\/edublog.educastur.es\/ixuxu\/wp-json\/wp\/v2\/users\/117"}],"replies":[{"embeddable":true,"href":"https:\/\/edublog.educastur.es\/ixuxu\/wp-json\/wp\/v2\/comments?post=65874"}],"version-history":[{"count":3,"href":"https:\/\/edublog.educastur.es\/ixuxu\/wp-json\/wp\/v2\/posts\/65874\/revisions"}],"predecessor-version":[{"id":65877,"href":"https:\/\/edublog.educastur.es\/ixuxu\/wp-json\/wp\/v2\/posts\/65874\/revisions\/65877"}],"wp:attachment":[{"href":"https:\/\/edublog.educastur.es\/ixuxu\/wp-json\/wp\/v2\/media?parent=65874"}],"wp:term":[{"taxonomy":"category","embeddable":true,"href":"https:\/\/edublog.educastur.es\/ixuxu\/wp-json\/wp\/v2\/categories?post=65874"},{"taxonomy":"post_tag","embeddable":true,"href":"https:\/\/edublog.educastur.es\/ixuxu\/wp-json\/wp\/v2\/tags?post=65874"}],"curies":[{"name":"wp","href":"https:\/\/api.w.org\/{rel}","templated":true}]}}