{"id":65886,"date":"2026-01-13T11:24:48","date_gmt":"2026-01-13T09:24:48","guid":{"rendered":"https:\/\/edublog.educastur.es\/ixuxu\/?p=65886"},"modified":"2026-01-13T11:25:26","modified_gmt":"2026-01-13T09:25:26","slug":"apoyu-a-fontes-diviernu-pa-reforciar-el-so-interes-deportivu-y-turisticu","status":"publish","type":"post","link":"https:\/\/edublog.educastur.es\/ixuxu\/2026\/01\/apoyu-a-fontes-diviernu-pa-reforciar-el-so-interes-deportivu-y-turisticu\/","title":{"rendered":"Apoyu a Fontes d\u2019Iviernu pa reforciar el so inter\u00e9s deportivu y tur\u00edsticu"},"content":{"rendered":"<p>Cultura calti\u00e9n l\u2019apoyu a Fontes d\u2019Iviernu con una propuesta pa reforciar el so inter\u00e9s deportivu y tur\u00edsticu tol a\u00f1u. <a href=\"https:\/\/actualidad.asturias.es\/-\/fuentesdeinvierno1201?redirect=%2Fnoticias\">Actualid\u00e1<\/a>El proyectu quier doblar el n\u00famberu de quil\u00f3metros de pistes d\u2019esqu\u00ed, al pasar de los 8,7 actuales a 16, asina como instalar cinco telesqu\u00edes nuevos.<\/p>\n<p style=\"text-align: center\"><a href=\"https:\/\/actualidad.asturias.es\/documents\/537115\/3019220\/Infografia+Fuentes+120x120+cm.jpg\/0df5ddb3-aba1-b724-ecd7-b8f29f77da30?t=1768225417131\"><img loading=\"lazy\" decoding=\"async\" class=\"aligncenter \" src=\"https:\/\/actualidad.asturias.es\/documents\/537115\/3019220\/Infografia+Fuentes+120x120+cm.jpg\/0df5ddb3-aba1-b724-ecd7-b8f29f77da30?t=1768225417131\" width=\"608\" height=\"608\" \/><\/a><\/p>\n<p><!--more--><\/p>\n<ul>\n<li class=\"Entradilla\"><strong>El documentu detalla actuaciones pa garantizar la viabilid\u00e1 del complexu nel contestu de camb\u00e9u clim\u00e1ticu y potenciar la so conex\u00f3n futura con San Isidro<\/strong><\/li>\n<\/ul>\n<p>La conseyera de Cultura, Pol\u00edtica Lling\u00fc\u00edstica y Deporte, Vanessa Guti\u00e9rrez, present\u00f3 g\u00fcei al alcalde d\u2019Ayer, Juan Carlos Iglesias, un proyectu pa reforciar el potencial deportivu y tur\u00edsticu de la estaci\u00f3n de monte de Fontes d\u2019Iviernu a lo llargo de tol a\u00f1u, y non solo na temporada de nieve. Ente otres iniciatives, el Gobiernu de Asturies quier doblar el n\u00famberu de quil\u00f3metros de les pistes d\u2019esqu\u00ed: pasar\u00eden de los 8,7 actuales a 16.<\/p>\n<p>La propuesta d\u2019aprovechamientu integral y sostenible del dominiu esquiable de Fontes d\u2019Iviernu, que va sometese nos d\u00edes pr\u00f3ximos a informaci\u00f3n p\u00fablica y ta pendiente de la so tramitaci\u00f3n ambiental,\u00a0 enm\u00e1rcase na estratexa auton\u00f3mica pa consolidar les estaciones de monte como un referente tur\u00edsticu y deportivu tol a\u00f1u. L\u2019oxetivu ye reforciar la competitivid\u00e1 de Fontes, incrementar la calid\u00e1 del serviciu y asegurar la so viabilid\u00e1 nel contestu de camb\u00e9u clim\u00e1ticu, am\u00e1s d\u2019atender les demandes nueves del sector.<\/p>\n<p>Con esta mira, la propuesta, tov\u00eda nuna fase inicial, incluye delles acciones posibles. Por exemplu, una tresformaci\u00f3n integral que, ensin aumentar el dominiu esquiable actual, va dexar cuntar con 16 quil\u00f3metros de pistes, balizaos y acondicionaos. Esta midida, am\u00e1s d\u2019incrementar la ufierta, amenorgar\u00eda los riesgos asociaos al esqu\u00ed fuera de pista. Am\u00e1s, prev\u00e9 la posibilid\u00e1 d\u2019instalar cinco telesqu\u00edes nuevos, que diben desconxestionar les \u00e1rees pa debutantes y facilitar la movilid\u00e1 na estaci\u00f3n, incluyida la conex\u00f3n futura con San Isidro.<\/p>\n<p>Otru aspectu clave ye la meyora medioambiental. El proyectu prev\u00e9 la restauraci\u00f3n integral de la redolada con revexetaci\u00f3n y mid\u00edes correctores que van garantizar la sostenibilid\u00e1 y la integraci\u00f3n paisax\u00edstica. De la mesma, contempla la posibilid\u00e1 d\u2019habilitar una balsa y instalar ca\u00f1ones de nieve artificial, esenciales p\u2019asegurar l\u2019apertura en temporaes con precipitaciones escases y enllargar la duraci\u00f3n de la nieve nes pistes.<\/p>\n<p>Tocante a los servicios, la propuesta respuende a demandes hist\u00f3riques de les persones usuaries, como la posibilid\u00e1 de construyir un edificiu que valga de cafeter\u00eda y aseos na base intermedia, lo qu\u2019evitar\u00eda desplazamientos innecesarios hasta la zona baxa. Tami\u00e9n proyecta la posibilid\u00e1 de crear un hangar y talleres na base de la estaci\u00f3n pal caltenimientu de maquinaria y remontes, lo que va contribuyir a amenorgar la buelga de carbonu de les m\u00e1quines citaes. Am\u00e1s, incluye la posibilid\u00e1 d\u2019ampliar l\u2019edificiu d\u2019usos m\u00faltiples cola mira d\u2019ameyorar la escuela d\u2019esqu\u00ed, les oficines y l\u2019espaciu destin\u00e1u al arriendu de material.<\/p>\n<p>La iniciativa de la conseyer\u00eda tami\u00e9n apuesta por desestacionalizar el complexu deportivu y dexar la so apertura fuera de el periodu d\u2019iviernu p\u2019actividaes recreatives como senderismu, ciclismu o pruebes deportives. Esta midida va contribuyir a dinamizar el turismu nel conceyu d\u2019Ayer y en tol valle nel restu del a\u00f1u, al travi\u00e9s de la xeneraci\u00f3n d\u2019oportunidaes econ\u00f3miques y sociales nueves.<\/p>\n<p>Cola so propuesta, el Princip\u00e1u avanza nel so compromisu con un modelu de xesti\u00f3n sostenible que combina la protecci\u00f3n del mediu ambiente col desenvolvimientu econ\u00f3micu y social. Fontes d\u2019Iviernu consol\u00eddase asina como un recursu estrat\u00e9xicu pal turismu activu y la pr\u00e1ctica deportiva n\u2019Asturies, con una visi\u00f3n de futuru que garantiza la so competitivid\u00e1 y encantu.<\/p>\n<p style=\"text-align: center\"><a href=\"https:\/\/actualidad.asturias.es\/documents\/537115\/3019220\/2025_01_12+Fuentes+Invierno+proyecto+2.jpeg\/80f5669c-11ad-3615-0f3c-58f7cb3ff223?t=1768225416869\"><img loading=\"lazy\" decoding=\"async\" class=\"aligncenter size-large\" src=\"https:\/\/actualidad.asturias.es\/documents\/537115\/3019220\/2025_01_12+Fuentes+Invierno+proyecto+2.jpeg\/80f5669c-11ad-3615-0f3c-58f7cb3ff223?t=1768225416869\" width=\"1600\" height=\"1200\" \/><\/a><\/p>\n<p class=\"Subttulo1\"><strong>Alcuerdu cola Diputaci\u00f3n de Lli\u00f3n<\/strong><\/p>\n<p>Dientro de la meyora medioambiental de la estaci\u00f3n incl\u00fayese tami\u00e9n l\u2019alcuerdu firm\u00e1u ente\u2019l Gobiernu d\u2019Asturies y la Diputaci\u00f3n de Lli\u00f3n, una collaboraci\u00f3n que va garantizar el suministru el\u00e9ctricu necesariu pa modernizar la estaci\u00f3n. Esti alcuerdu dexa aprovechar la infraestructura existente en San Isidro y asegurar el serviciu completu al complexu ayer\u00e1n. La estaci\u00f3n va ganar n\u2019eficiencia enerx\u00e9tica y competitivid\u00e1.<\/p>\n<p>La cooperaci\u00f3n ente Asturies y Lli\u00f3n abre la puerta a la integraci\u00f3n de dambos dominios esquiables, cola mira de crear un gran espaciu deportivu. La electrificaci\u00f3n ye, por eso, el primer finxu d\u2019una estratexa com\u00fan qu\u2019apuesta pola sostenibilid\u00e1, la innovaci\u00f3n y el desenvolvimientu conxuntu de les estaciones de monte.<\/p>\n","protected":false},"excerpt":{"rendered":"<p>Cultura calti\u00e9n l\u2019apoyu a Fontes d\u2019Iviernu con una propuesta pa reforciar el so inter\u00e9s deportivu y tur\u00edsticu tol a\u00f1u. Actualid\u00e1El proyectu quier doblar el n\u00famberu de quil\u00f3metros de pistes d\u2019esqu\u00ed, al pasar de los 8,7 actuales a 16, asina como instalar cinco telesqu\u00edes nuevos.<\/p>\n","protected":false},"author":117,"featured_media":0,"comment_status":"closed","ping_status":"closed","sticky":false,"template":"","format":"standard","meta":{"footnotes":""},"categories":[311],"tags":[],"class_list":["post-65886","post","type-post","status-publish","format-standard","hentry","category-montes"],"_links":{"self":[{"href":"https:\/\/edublog.educastur.es\/ixuxu\/wp-json\/wp\/v2\/posts\/65886","targetHints":{"allow":["GET"]}}],"collection":[{"href":"https:\/\/edublog.educastur.es\/ixuxu\/wp-json\/wp\/v2\/posts"}],"about":[{"href":"https:\/\/edublog.educastur.es\/ixuxu\/wp-json\/wp\/v2\/types\/post"}],"author":[{"embeddable":true,"href":"https:\/\/edublog.educastur.es\/ixuxu\/wp-json\/wp\/v2\/users\/117"}],"replies":[{"embeddable":true,"href":"https:\/\/edublog.educastur.es\/ixuxu\/wp-json\/wp\/v2\/comments?post=65886"}],"version-history":[{"count":3,"href":"https:\/\/edublog.educastur.es\/ixuxu\/wp-json\/wp\/v2\/posts\/65886\/revisions"}],"predecessor-version":[{"id":65889,"href":"https:\/\/edublog.educastur.es\/ixuxu\/wp-json\/wp\/v2\/posts\/65886\/revisions\/65889"}],"wp:attachment":[{"href":"https:\/\/edublog.educastur.es\/ixuxu\/wp-json\/wp\/v2\/media?parent=65886"}],"wp:term":[{"taxonomy":"category","embeddable":true,"href":"https:\/\/edublog.educastur.es\/ixuxu\/wp-json\/wp\/v2\/categories?post=65886"},{"taxonomy":"post_tag","embeddable":true,"href":"https:\/\/edublog.educastur.es\/ixuxu\/wp-json\/wp\/v2\/tags?post=65886"}],"curies":[{"name":"wp","href":"https:\/\/api.w.org\/{rel}","templated":true}]}}