{"id":65906,"date":"2026-01-13T14:48:04","date_gmt":"2026-01-13T12:48:04","guid":{"rendered":"https:\/\/edublog.educastur.es\/ixuxu\/?p=65906"},"modified":"2026-01-13T14:50:13","modified_gmt":"2026-01-13T12:50:13","slug":"30-aniversariu-da-irmandade-das-estrelas-de-carlos-nunez","status":"publish","type":"post","link":"https:\/\/edublog.educastur.es\/ixuxu\/2026\/01\/30-aniversariu-da-irmandade-das-estrelas-de-carlos-nunez\/","title":{"rendered":"30 aniversariu d&#8217;A Irmandade das Estrelas, de Carlos N\u00fa\u00f1ez"},"content":{"rendered":"<div class=\"html-div xdj266r x14z9mp xat24cr x1lziwak xexx8yu xyri2b x18d9i69 x1c1uobl\" dir=\"auto\">\n<div class=\"html-div xdj266r x14z9mp xat24cr x1lziwak xexx8yu xyri2b x18d9i69 x1c1uobl\" data-ad-rendering-role=\"story_message\">\n<div id=\"_r_62_\" class=\"x1l90r2v x1iorvi4 x1g0dm76 xpdmqnj\" data-ad-comet-preview=\"message\" data-ad-preview=\"message\">\n<div class=\"x78zum5 xdt5ytf xz62fqu x16ldp7u\">\n<div class=\"xu06os2 x1ok221b\">\n<p style=\"text-align: center\">\n<!-- iframe plugin v.6.0 wordpress.org\/plugins\/iframe\/ -->\n<iframe data-testid=\"embed-iframe\" style=\"border-radius:12px\" src=\"https:\/\/open.spotify.com\/embed\/album\/3YbfLYguBE74jyIaG87Iq8?utm_source=generator\" width=\"100%\" height=\"352\" frameborder=\"0\" allowfullscreen allow=\"autoplay; clipboard-write; encrypted-media; fullscreen; picture-in-picture\" loading=\"lazy\" 0=\"\/iframe\" scrolling=\"yes\" class=\"iframe-class\"><\/iframe>\n<\/p>\n<p><a href=\"https:\/\/es.wikipedia.org\/wiki\/Carlos_N%C3%BA%C3%B1ez_Mu%C3%B1oz\"><span style=\"color: #008080\"><strong>Carlos N\u00fa\u00f1ez<\/strong><\/span><\/a>, consider\u00e1u&#8217;l Jimi Hendrix de la gaita, celebra&#8217;l 30 aniversariu d&#8217;<strong><span style=\"color: #008080\">A Irmandade das Estrelas<\/span><\/strong>, el discu que revolucion\u00f3 la m\u00fasica celta y marc\u00f3 un antes y un dempu\u00e9s nes nueses m\u00fasiques tradicionales. Acomp\u00e1\u00f1anos a vivir esta esperiencia \u00fanica na que vamos esfrutar de tr\u00e9s d\u00e9cades de viaxes y aventures, afayando conexones sorprendentes y creando una nueva hermand\u00e1 alredor del mundu, enllena de m\u00fasica, maxa y emoci\u00f3n. <a href=\"https:\/\/www.carlosnunez.com\/\">Web Carlos N\u00fa\u00f1ez<\/a><\/p>\n<ul>\n<li><strong>Teatru Xovellanos, 17 de xineru a les 20:30 hores.<\/strong><\/li>\n<\/ul>\n<p style=\"text-align: center\"><a href=\"http:\/\/www.diariofolk.com\/wp-content\/uploads\/2022\/12\/Carlos-Nu%C3%B1ez.jpg\"><img loading=\"lazy\" decoding=\"async\" class=\"aligncenter \" src=\"http:\/\/www.diariofolk.com\/wp-content\/uploads\/2022\/12\/Carlos-Nu%C3%B1ez.jpg\" width=\"560\" height=\"392\" \/><\/a><\/p>\n<\/div>\n<\/div>\n<\/div>\n<\/div>\n<\/div>\n","protected":false},"excerpt":{"rendered":"<p>Carlos N\u00fa\u00f1ez, consider\u00e1u&#8217;l Jimi Hendrix de la gaita, celebra&#8217;l 30 aniversariu d&#8217;A Irmandade das Estrelas, el discu que revolucion\u00f3 la m\u00fasica celta y marc\u00f3 un antes y un dempu\u00e9s nes nueses m\u00fasiques tradicionales. Acomp\u00e1\u00f1anos a vivir esta esperiencia \u00fanica na que vamos esfrutar de tr\u00e9s d\u00e9cades de viaxes y aventures, afayando conexones sorprendentes y creando [&hellip;]<\/p>\n","protected":false},"author":117,"featured_media":0,"comment_status":"closed","ping_status":"closed","sticky":false,"template":"","format":"standard","meta":{"footnotes":""},"categories":[425,35],"tags":[],"class_list":["post-65906","post","type-post","status-publish","format-standard","hentry","category-gaita","category-musica"],"_links":{"self":[{"href":"https:\/\/edublog.educastur.es\/ixuxu\/wp-json\/wp\/v2\/posts\/65906","targetHints":{"allow":["GET"]}}],"collection":[{"href":"https:\/\/edublog.educastur.es\/ixuxu\/wp-json\/wp\/v2\/posts"}],"about":[{"href":"https:\/\/edublog.educastur.es\/ixuxu\/wp-json\/wp\/v2\/types\/post"}],"author":[{"embeddable":true,"href":"https:\/\/edublog.educastur.es\/ixuxu\/wp-json\/wp\/v2\/users\/117"}],"replies":[{"embeddable":true,"href":"https:\/\/edublog.educastur.es\/ixuxu\/wp-json\/wp\/v2\/comments?post=65906"}],"version-history":[{"count":3,"href":"https:\/\/edublog.educastur.es\/ixuxu\/wp-json\/wp\/v2\/posts\/65906\/revisions"}],"predecessor-version":[{"id":65909,"href":"https:\/\/edublog.educastur.es\/ixuxu\/wp-json\/wp\/v2\/posts\/65906\/revisions\/65909"}],"wp:attachment":[{"href":"https:\/\/edublog.educastur.es\/ixuxu\/wp-json\/wp\/v2\/media?parent=65906"}],"wp:term":[{"taxonomy":"category","embeddable":true,"href":"https:\/\/edublog.educastur.es\/ixuxu\/wp-json\/wp\/v2\/categories?post=65906"},{"taxonomy":"post_tag","embeddable":true,"href":"https:\/\/edublog.educastur.es\/ixuxu\/wp-json\/wp\/v2\/tags?post=65906"}],"curies":[{"name":"wp","href":"https:\/\/api.w.org\/{rel}","templated":true}]}}