{"id":65928,"date":"2026-01-13T19:00:10","date_gmt":"2026-01-13T17:00:10","guid":{"rendered":"https:\/\/edublog.educastur.es\/ixuxu\/?p=65928"},"modified":"2026-01-13T21:33:29","modified_gmt":"2026-01-13T19:33:29","slug":"la-superficie-quemada-nasturies-la-mas-elevada-dende-2020","status":"publish","type":"post","link":"https:\/\/edublog.educastur.es\/ixuxu\/2026\/01\/la-superficie-quemada-nasturies-la-mas-elevada-dende-2020\/","title":{"rendered":"La superficie quemada n&#8217;Asturies, la m\u00e1s elevada dende 2020"},"content":{"rendered":"<div class=\"padding-t-35\">\n<p class=\"font-size-xxl margin-b-5 font-weight-b color-b-050 letter-spacing--1 fuente-corporativa\">La superficie desaniciada poles quemes forestales n&#8217;Asturies xubi\u00f3 un 84,8% en 2025. La superficie quemada n&#8217;Asturies foi l&#8217;a\u00f1u pas\u00e1u la m\u00e1s elevada dende 2020. <a href=\"https:\/\/www.rtpa.es\/noticias-asturias-ast\/2026-01-12\/La-superficie-desaniciada-poles-quemes-forestales-n'Asturies-xubio-un-84,8-en-2025_111768218279.html\">TPA<\/a><\/p>\n<\/div>\n<div class=\"padding-t-0 padding-b-20\"><\/div>\n<div id=\"multimedia\" class=\"capa_imagen_player img-det-not\">\n<div id=\"mediaplayer\">\n<div id=\"video-a-reproducir3894232646\" class=\"video-js vjs-default-skin vjs-16-9 vjs-big-play-centered vjs-paused vjs-fluid video-a-reproducir3894232646-dimensions vjs-controls-enabled vjs-workinghover vjs-v8 vjs-user-active vjs-layout-medium vjs-hls-quality-selector\" lang=\"es\" role=\"region\" aria-label=\"Reproductor de Video\">\n<div class=\"vjs-poster\"><img decoding=\"async\" class=\"aligncenter\" src=\"https:\/\/www.rtpa.es\/fotos\/\/24\/02\/20240208202903_RTPA4577690.jpg\" alt=\"\" \/><\/div>\n<div class=\"vjs-text-track-display\" aria-live=\"off\">\n<div><\/div>\n<\/div>\n<\/div>\n<\/div>\n<\/div>\n<div id=\"noticiacompleta\" class=\"parragraph-padding font-c-conent\">\n<p>Les quemes forestales quemaron el pas\u00e1u a\u00f1u n&#8217;Asturies un total de 7.958 hect\u00e1rees, lo que sup\u00f3n un aumentu del 84,8 por cientu al respective de 2024, seg\u00fan los datos espublizaos pola Socied\u00e1 Asturiana d&#8217;Estudios Econ\u00f3micos y Industriales (Sadei).<\/p>\n<p>Esta medr\u00eda de la superficie diose a pesar de que&#8217;l n\u00famberu de quemes solo medr\u00f3 un 7,6 por cientu, al pasar de los 512 de 2024 a los 551 rexistraos el pas\u00e1u a\u00f1u. L&#8217;aumentu de la superficie quemada ye pola montonera de quemes del pas\u00e1u mes d&#8217;agostu, cuando se contabilizaron 83 fueos que quemaron 5.908 hect\u00e1rees.<\/p>\n<p>&nbsp;<\/p>\n<\/div>\n","protected":false},"excerpt":{"rendered":"<p>La superficie desaniciada poles quemes forestales n&#8217;Asturies xubi\u00f3 un 84,8% en 2025. La superficie quemada n&#8217;Asturies foi l&#8217;a\u00f1u pas\u00e1u la m\u00e1s elevada dende 2020. TPA Les quemes forestales quemaron el pas\u00e1u a\u00f1u n&#8217;Asturies un total de 7.958 hect\u00e1rees, lo que sup\u00f3n un aumentu del 84,8 por cientu al respective de 2024, seg\u00fan los datos espublizaos [&hellip;]<\/p>\n","protected":false},"author":117,"featured_media":0,"comment_status":"closed","ping_status":"closed","sticky":false,"template":"","format":"standard","meta":{"footnotes":""},"categories":[287],"tags":[],"class_list":["post-65928","post","type-post","status-publish","format-standard","hentry","category-incendios"],"_links":{"self":[{"href":"https:\/\/edublog.educastur.es\/ixuxu\/wp-json\/wp\/v2\/posts\/65928","targetHints":{"allow":["GET"]}}],"collection":[{"href":"https:\/\/edublog.educastur.es\/ixuxu\/wp-json\/wp\/v2\/posts"}],"about":[{"href":"https:\/\/edublog.educastur.es\/ixuxu\/wp-json\/wp\/v2\/types\/post"}],"author":[{"embeddable":true,"href":"https:\/\/edublog.educastur.es\/ixuxu\/wp-json\/wp\/v2\/users\/117"}],"replies":[{"embeddable":true,"href":"https:\/\/edublog.educastur.es\/ixuxu\/wp-json\/wp\/v2\/comments?post=65928"}],"version-history":[{"count":1,"href":"https:\/\/edublog.educastur.es\/ixuxu\/wp-json\/wp\/v2\/posts\/65928\/revisions"}],"predecessor-version":[{"id":65929,"href":"https:\/\/edublog.educastur.es\/ixuxu\/wp-json\/wp\/v2\/posts\/65928\/revisions\/65929"}],"wp:attachment":[{"href":"https:\/\/edublog.educastur.es\/ixuxu\/wp-json\/wp\/v2\/media?parent=65928"}],"wp:term":[{"taxonomy":"category","embeddable":true,"href":"https:\/\/edublog.educastur.es\/ixuxu\/wp-json\/wp\/v2\/categories?post=65928"},{"taxonomy":"post_tag","embeddable":true,"href":"https:\/\/edublog.educastur.es\/ixuxu\/wp-json\/wp\/v2\/tags?post=65928"}],"curies":[{"name":"wp","href":"https:\/\/api.w.org\/{rel}","templated":true}]}}