{"id":65931,"date":"2026-01-14T08:30:54","date_gmt":"2026-01-14T06:30:54","guid":{"rendered":"https:\/\/edublog.educastur.es\/ixuxu\/?p=65931"},"modified":"2026-01-14T09:56:10","modified_gmt":"2026-01-14T07:56:10","slug":"el-tiempu-el-comercio-234","status":"publish","type":"post","link":"https:\/\/edublog.educastur.es\/ixuxu\/2026\/01\/el-tiempu-el-comercio-234\/","title":{"rendered":"El tiempu (El Comercio)"},"content":{"rendered":"<p style=\"text-align: center\"><a href=\"https:\/\/s3.ppllstatics.com\/elcomercio\/www\/multimedia\/2026\/01\/13\/prevision-tiempo-asturias-kjZH-U2302588077118HVD-1200x870@El%20Comercio.jpg\"><img loading=\"lazy\" decoding=\"async\" class=\"aligncenter size-large\" src=\"https:\/\/s3.ppllstatics.com\/elcomercio\/www\/multimedia\/2026\/01\/13\/prevision-tiempo-asturias-kjZH-U2302588077118HVD-1200x870@El%20Comercio.jpg\" width=\"1200\" height=\"870\" \/><\/a><\/p>\n<p>Esperamos una xornada estable en ll\u00ednees xenerales. <strong>Vamos amanecer<\/strong> con cierta nubosidad pero r\u00e1pido van abrise grandes claros. El sol va cobrar protagonismu a lo llargo de la ma\u00f1ana. <strong>A partir del mediud\u00eda<\/strong> van entrar nubes medies pel oeste que se van dir moviendo escontra l&#8217;oriente pero ensin llegar a cubrir los cielos por completu. Estes nubes van dexar precipitaciones en neng\u00fan momentu del d\u00eda. <strong>Los vientos<\/strong> van ser fluexos, anque <strong>mientres la segunda parte del d\u00eda<\/strong> prevense raches moderaes de componente oeste na mari\u00f1a.<strong> Les temperatures m\u00e1ximes<\/strong> van baxar hasta 3 o 4 \u00baC menos que&#8217;l martes, salvu nel cordal y nel terciu oriental onde apenes van variar. <strong>Les m\u00ednimes<\/strong>, sicas\u00ed, van baxar nel centru y nel oriente, ente que nel sector occidental van ser bien similares.<\/p>\n<p><!--more--><\/p>\n<p><strong>El xueves<\/strong> va ser un d\u00eda airosu pela ma\u00f1ana con raches fuertes de componente sur. Pela tarde los vientos van abocanar, van afitase de componente oeste facilitando la entrada de nubosid\u00e1 abondosa que va dexar precipitaciones part\u00edes per Asturies. Les temperatures m\u00e1ximes van xubir llixeramente gracies a los vientos de sur. Am\u00e1s, na mar esperen foles d&#8217;hasta 5 metros d&#8217;altor.<\/p>\n","protected":false},"excerpt":{"rendered":"<p>Esperamos una xornada estable en ll\u00ednees xenerales. Vamos amanecer con cierta nubosidad pero r\u00e1pido van abrise grandes claros. El sol va cobrar protagonismu a lo llargo de la ma\u00f1ana. A partir del mediud\u00eda van entrar nubes medies pel oeste que se van dir moviendo escontra l&#8217;oriente pero ensin llegar a cubrir los cielos por completu. [&hellip;]<\/p>\n","protected":false},"author":117,"featured_media":0,"comment_status":"closed","ping_status":"closed","sticky":false,"template":"","format":"standard","meta":{"footnotes":""},"categories":[5],"tags":[],"class_list":["post-65931","post","type-post","status-publish","format-standard","hentry","category-tiempu"],"_links":{"self":[{"href":"https:\/\/edublog.educastur.es\/ixuxu\/wp-json\/wp\/v2\/posts\/65931","targetHints":{"allow":["GET"]}}],"collection":[{"href":"https:\/\/edublog.educastur.es\/ixuxu\/wp-json\/wp\/v2\/posts"}],"about":[{"href":"https:\/\/edublog.educastur.es\/ixuxu\/wp-json\/wp\/v2\/types\/post"}],"author":[{"embeddable":true,"href":"https:\/\/edublog.educastur.es\/ixuxu\/wp-json\/wp\/v2\/users\/117"}],"replies":[{"embeddable":true,"href":"https:\/\/edublog.educastur.es\/ixuxu\/wp-json\/wp\/v2\/comments?post=65931"}],"version-history":[{"count":3,"href":"https:\/\/edublog.educastur.es\/ixuxu\/wp-json\/wp\/v2\/posts\/65931\/revisions"}],"predecessor-version":[{"id":65934,"href":"https:\/\/edublog.educastur.es\/ixuxu\/wp-json\/wp\/v2\/posts\/65931\/revisions\/65934"}],"wp:attachment":[{"href":"https:\/\/edublog.educastur.es\/ixuxu\/wp-json\/wp\/v2\/media?parent=65931"}],"wp:term":[{"taxonomy":"category","embeddable":true,"href":"https:\/\/edublog.educastur.es\/ixuxu\/wp-json\/wp\/v2\/categories?post=65931"},{"taxonomy":"post_tag","embeddable":true,"href":"https:\/\/edublog.educastur.es\/ixuxu\/wp-json\/wp\/v2\/tags?post=65931"}],"curies":[{"name":"wp","href":"https:\/\/api.w.org\/{rel}","templated":true}]}}