{"id":65935,"date":"2026-01-13T09:00:57","date_gmt":"2026-01-13T07:00:57","guid":{"rendered":"https:\/\/edublog.educastur.es\/ixuxu\/?p=65935"},"modified":"2026-01-15T12:46:13","modified_gmt":"2026-01-15T10:46:13","slug":"dia-mundial-de-la-llucha-contra-la-depresion","status":"publish","type":"post","link":"https:\/\/edublog.educastur.es\/ixuxu\/2026\/01\/dia-mundial-de-la-llucha-contra-la-depresion\/","title":{"rendered":"D\u00eda Mundial de la Llucha contra la Depresi\u00f3n"},"content":{"rendered":"<p>&nbsp;<\/p>\n<p style=\"text-align: center\"><a href=\"http:\/\/cdn.shopify.com\/s\/files\/1\/1397\/4145\/articles\/Dia-mundial-de-la-lucha-contra-la-depresion-2_1024x1024.png?v=1673636619\"><img loading=\"lazy\" decoding=\"async\" class=\"aligncenter size-large\" src=\"http:\/\/cdn.shopify.com\/s\/files\/1\/1397\/4145\/articles\/Dia-mundial-de-la-lucha-contra-la-depresion-2_1024x1024.png?v=1673636619\" width=\"1024\" height=\"683\" \/><\/a><\/p>\n<p>Casi 60.000 persones carecen n&#8217;Asturies un cuadru depresivu mayor, seg\u00fan datos del INE. Cuasi 60.000 persones sufren n&#8217;Asturies un cuadru depresivu mayor. Miguel Aguilera desendolca un esperimentu social pa tratar d&#8217;ayudar a les persones que sufren depresi\u00f3n. <a href=\"https:\/\/www.rtpa.es\/noticias-asturias-ast\/2026-01-13\/Cuasi-60.000-persones-sufren-n'Asturies-un-cuadru-depresivu-mayor_111768306136.html\">TPA<\/a><\/p>\n<p><!--more--><\/p>\n<p style=\"text-align: center\"><a href=\"https:\/\/www.rtpa.es\/fotos\/\/26\/01\/20260113131028_RTPA7580592.webp\"><img loading=\"lazy\" decoding=\"async\" class=\"aligncenter size-large\" src=\"https:\/\/www.rtpa.es\/fotos\/\/26\/01\/20260113131028_RTPA7580592.webp\" width=\"853\" height=\"480\" \/><\/a><\/p>\n<p><strong>Les m\u00e1s, son muyeres, cuasi\u2019l 70%<\/strong>. A esto hai que sumar otres 57.500 persones con dalg\u00fan tipu de cuadru depresivu. M\u00e1s del 10% de la poblaci\u00f3n asturiana sufre dalg\u00fan tipu de depresi\u00f3n.<\/p>\n<p>Sobre esti problema TPA Noticies fal\u00f3 con Miguel Aguilera, creador de conten\u00edos. Desendolca un esperimentu social en redes pa tratar d\u2019ayudar a les persones que sufren esti problema.<\/p>\n<p style=\"text-align: center\">\n<!-- iframe plugin v.6.0 wordpress.org\/plugins\/iframe\/ -->\n<iframe loading=\"lazy\" src=\"https:\/\/www.facebook.com\/plugins\/post.php?href=https%3A%2F%2Fwww.facebook.com%2Fmundoazultea%2Fposts%2Fpfbid0314Y8iQQ9YWp28bmQs7MdrZ74LmpoAJCk7WfYfWzCNWigbHUBGANdWXgBeGckxPRXl&#038;show_text=false&#038;width=500\" width=\"500\" height=\"497\" style=\"border:none;overflow:hidden\" scrolling=\"no\" frameborder=\"0\" allowfullscreen=\"true\" allow=\"autoplay; clipboard-write; encrypted-media; picture-in-picture; web-share\" 0=\"\/iframe\" class=\"iframe-class\"><\/iframe>\n<\/p>\n<p>Una fecha para visibilizar una condici\u00f3n de sal\u00fa mental qu&#8217;<strong>afecta a m\u00e1s de 300 millones de persones nel mundu<\/strong>, seg\u00fan la Organizaci\u00f3n Mundial de la Sal\u00fa (OMS), y que ye una de les principales causes de discapacid\u00e1 a nivel global.<\/p>\n<p>La depresi\u00f3n nun ye debilid\u00e1 nin falta de volunt\u00e1. Ye una enfermed\u00e1 real que <strong>puede manifestase con murnia fonda, escosamientu emocional, perda d&#8217;inter\u00e9s, alteraciones del sua\u00f1u y sentimientos d&#8217;esperecimientu, afectando seriamente la calid\u00e1 de vida .<\/strong><\/p>\n<p>\ud83d\udc49 Nel autismu, la depresi\u00f3n ye una realid\u00e1 munches vegaes invisible. Les persones autistes tienen mayor riesgu de desenvolver depresi\u00f3n, especialmente adolescentes y adultos, por cuenta de factores como la incomprensi\u00f3n social, el masking (despintar traces para encaxar), l&#8217;acoso, la sobrecarga sensorial y la falta de sofitos fayadizos. En munchos casos, la depresi\u00f3n nel autismu nun se reconoz a tiempu porque se confunde con \u201ctraces del espectru\u201d ..<\/p>\n<p style=\"text-align: center\"><a href=\"https:\/\/dearpandemic.org\/wp-content\/uploads\/2023\/01\/lucha-contra-depresion.jpeg\"><img loading=\"lazy\" decoding=\"async\" class=\"aligncenter size-large\" src=\"https:\/\/dearpandemic.org\/wp-content\/uploads\/2023\/01\/lucha-contra-depresion.jpeg\" width=\"1080\" height=\"1350\" \/><\/a><\/p>\n","protected":false},"excerpt":{"rendered":"<p>&nbsp; Casi 60.000 persones carecen n&#8217;Asturies un cuadru depresivu mayor, seg\u00fan datos del INE. Cuasi 60.000 persones sufren n&#8217;Asturies un cuadru depresivu mayor. Miguel Aguilera desendolca un esperimentu social pa tratar d&#8217;ayudar a les persones que sufren depresi\u00f3n. TPA<\/p>\n","protected":false},"author":117,"featured_media":0,"comment_status":"closed","ping_status":"closed","sticky":false,"template":"","format":"standard","meta":{"footnotes":""},"categories":[6,48],"tags":[],"class_list":["post-65935","post","type-post","status-publish","format-standard","hentry","category-dia-de","category-salu"],"_links":{"self":[{"href":"https:\/\/edublog.educastur.es\/ixuxu\/wp-json\/wp\/v2\/posts\/65935","targetHints":{"allow":["GET"]}}],"collection":[{"href":"https:\/\/edublog.educastur.es\/ixuxu\/wp-json\/wp\/v2\/posts"}],"about":[{"href":"https:\/\/edublog.educastur.es\/ixuxu\/wp-json\/wp\/v2\/types\/post"}],"author":[{"embeddable":true,"href":"https:\/\/edublog.educastur.es\/ixuxu\/wp-json\/wp\/v2\/users\/117"}],"replies":[{"embeddable":true,"href":"https:\/\/edublog.educastur.es\/ixuxu\/wp-json\/wp\/v2\/comments?post=65935"}],"version-history":[{"count":5,"href":"https:\/\/edublog.educastur.es\/ixuxu\/wp-json\/wp\/v2\/posts\/65935\/revisions"}],"predecessor-version":[{"id":66013,"href":"https:\/\/edublog.educastur.es\/ixuxu\/wp-json\/wp\/v2\/posts\/65935\/revisions\/66013"}],"wp:attachment":[{"href":"https:\/\/edublog.educastur.es\/ixuxu\/wp-json\/wp\/v2\/media?parent=65935"}],"wp:term":[{"taxonomy":"category","embeddable":true,"href":"https:\/\/edublog.educastur.es\/ixuxu\/wp-json\/wp\/v2\/categories?post=65935"},{"taxonomy":"post_tag","embeddable":true,"href":"https:\/\/edublog.educastur.es\/ixuxu\/wp-json\/wp\/v2\/tags?post=65935"}],"curies":[{"name":"wp","href":"https:\/\/api.w.org\/{rel}","templated":true}]}}