{"id":65939,"date":"2026-01-14T12:43:21","date_gmt":"2026-01-14T10:43:21","guid":{"rendered":"https:\/\/edublog.educastur.es\/ixuxu\/?p=65939"},"modified":"2026-01-14T12:43:21","modified_gmt":"2026-01-14T10:43:21","slug":"65939","status":"publish","type":"post","link":"https:\/\/edublog.educastur.es\/ixuxu\/2026\/01\/65939\/","title":{"rendered":""},"content":{"rendered":"<div class=\"padding-t-35\">\n<p class=\"font-size-xxl margin-b-5 font-weight-b color-b-050 letter-spacing--1 fuente-corporativa\">L&#8217;Aeropuertu d&#8217;Asturies marca un nuevu r\u00e9cor con 2.051.342 pasaxeros en 2025. <a href=\"https:\/\/www.rtpa.es\/noticias-asturias-ast\/2026-01-13\/L'Aeropuertu-d'Asturies-marca-un-nuevu-recor-con-2.051.342-pasaxeros-en-2025_111768304199.html\">TPA\u00a0<\/a>L&#8217;aer\u00f3dromu xestion\u00f3 15.783 operaciones de despegue y aterrizaxe.<\/p>\n<\/div>\n<figure class=\"position-r hover-zoom\"><img decoding=\"async\" class=\"img-responsive position-a top-0 left-0 width-0100\" src=\"https:\/\/www.rtpa.es\/fotos\/\/25\/08\/20250831125922_RTPA7048808.webp\" alt=\"Aeropuerto de Asturias\" \/> <\/figure>\n<div id=\"noticiacompleta\" class=\"parragraph-padding font-c-conent\">\n<p>L\u2019Aeropuertu recibi\u00f3 l\u2019a\u00f1u pas\u00e1u un total de 2.051.342 pasaxeros, <strong>lo que sup\u00f3n una medr\u00eda del 2,9 por cientu al respective de 2024<\/strong> y el tercer r\u00e9cor hist\u00f3ricu a\u00f1al sigu\u00edu, inform\u00f3 esti martes Aena.<\/p>\n<ul>\n<li>Per primer vegada na so historia, l\u2019aeropuertu<strong> algam\u00f3 los dos millones de pasaxeros nun a\u00f1u<\/strong>, un llogru que tuvo llugar el 18 d\u2019avientu pas\u00e1u.<\/li>\n<li>De los 2.045.172 pasaxeros qu\u2019usaron vuelos comerciales, 1.586.190 fici\u00e9ronlo con orixe o dest\u00edn nacional, un 2,5% m\u00e1s qu\u2019en 2024, mientres que 458.982 correspondieron a tr\u00e1ficu internacional, un 4,1% m\u00e1s.<\/li>\n<li>L\u2019a\u00f1u pas\u00e1u,\u00a0 xestion\u00f3 15.783 operaciones de despegue y aterrizaxe, un 2 por cientu m\u00e1s qu\u2019en 2024, de les que 14.971 tuvieron calter comercial.<\/li>\n<\/ul>\n<\/div>\n","protected":false},"excerpt":{"rendered":"<p>L&#8217;Aeropuertu d&#8217;Asturies marca un nuevu r\u00e9cor con 2.051.342 pasaxeros en 2025. TPA\u00a0L&#8217;aer\u00f3dromu xestion\u00f3 15.783 operaciones de despegue y aterrizaxe. L\u2019Aeropuertu recibi\u00f3 l\u2019a\u00f1u pas\u00e1u un total de 2.051.342 pasaxeros, lo que sup\u00f3n una medr\u00eda del 2,9 por cientu al respective de 2024 y el tercer r\u00e9cor hist\u00f3ricu a\u00f1al sigu\u00edu, inform\u00f3 esti martes Aena. Per primer vegada [&hellip;]<\/p>\n","protected":false},"author":117,"featured_media":0,"comment_status":"closed","ping_status":"closed","sticky":false,"template":"","format":"standard","meta":{"footnotes":""},"categories":[232],"tags":[],"class_list":["post-65939","post","type-post","status-publish","format-standard","hentry","category-tresportes"],"_links":{"self":[{"href":"https:\/\/edublog.educastur.es\/ixuxu\/wp-json\/wp\/v2\/posts\/65939","targetHints":{"allow":["GET"]}}],"collection":[{"href":"https:\/\/edublog.educastur.es\/ixuxu\/wp-json\/wp\/v2\/posts"}],"about":[{"href":"https:\/\/edublog.educastur.es\/ixuxu\/wp-json\/wp\/v2\/types\/post"}],"author":[{"embeddable":true,"href":"https:\/\/edublog.educastur.es\/ixuxu\/wp-json\/wp\/v2\/users\/117"}],"replies":[{"embeddable":true,"href":"https:\/\/edublog.educastur.es\/ixuxu\/wp-json\/wp\/v2\/comments?post=65939"}],"version-history":[{"count":1,"href":"https:\/\/edublog.educastur.es\/ixuxu\/wp-json\/wp\/v2\/posts\/65939\/revisions"}],"predecessor-version":[{"id":65940,"href":"https:\/\/edublog.educastur.es\/ixuxu\/wp-json\/wp\/v2\/posts\/65939\/revisions\/65940"}],"wp:attachment":[{"href":"https:\/\/edublog.educastur.es\/ixuxu\/wp-json\/wp\/v2\/media?parent=65939"}],"wp:term":[{"taxonomy":"category","embeddable":true,"href":"https:\/\/edublog.educastur.es\/ixuxu\/wp-json\/wp\/v2\/categories?post=65939"},{"taxonomy":"post_tag","embeddable":true,"href":"https:\/\/edublog.educastur.es\/ixuxu\/wp-json\/wp\/v2\/tags?post=65939"}],"curies":[{"name":"wp","href":"https:\/\/api.w.org\/{rel}","templated":true}]}}