{"id":65945,"date":"2026-01-14T14:54:03","date_gmt":"2026-01-14T12:54:03","guid":{"rendered":"https:\/\/edublog.educastur.es\/ixuxu\/?p=65945"},"modified":"2026-01-15T12:52:36","modified_gmt":"2026-01-15T10:52:36","slug":"subvenciones-pa-la-difusion-estudiu-y-puesta-en-valor-del-patrimoniu-cultural-asturianu","status":"publish","type":"post","link":"https:\/\/edublog.educastur.es\/ixuxu\/2026\/01\/subvenciones-pa-la-difusion-estudiu-y-puesta-en-valor-del-patrimoniu-cultural-asturianu\/","title":{"rendered":"Subvenciones pal patrimoniu cultural asturianu"},"content":{"rendered":"<p style=\"text-align: center\"><a href=\"https:\/\/musicasturiana.com\/wp-content\/uploads\/2026\/01\/semeya-vieya-recursu.jpg\"><img loading=\"lazy\" decoding=\"async\" class=\"aligncenter size-large\" src=\"https:\/\/musicasturiana.com\/wp-content\/uploads\/2026\/01\/semeya-vieya-recursu.jpg\" width=\"1200\" height=\"600\" \/><\/a><\/p>\n<p>La <span class=\"html-span xdj266r x14z9mp xat24cr x1lziwak xexx8yu xyri2b x18d9i69 x1c1uobl x1hl2dhg x16tdsg8 x1vvkbs\"><a class=\"x1i10hfl xjbqb8w x1ejq31n x18oe1m7 x1sy0etr xstzfhl x972fbf x10w94by x1qhh985 x14e42zd x9f619 x1ypdohk xt0psk2 x3ct3a4 xdj266r x14z9mp xat24cr x1lziwak xexx8yu xyri2b x18d9i69 x1c1uobl x16tdsg8 x1hl2dhg xggy1nq x1a2a7pz xkrqix3 x1sur9pj x1fey0fg x1s688f\" role=\"link\" href=\"https:\/\/www.facebook.com\/culturaAST?__cft__[0]=AZZX7FDSMRasxNaDf-So_T3oA3K8AOVfZ_DuhMaQZtobNv_UO7Sqi7OdX4PjHeJ_K1a0kq_TBL59lTxpnJy6Bs4m50EsJylYYgI0dXJcj2ZGDlFtZfcgwO2mkb53TWo04WjTO1p1umTJ5HBvKXVk8Q8TujafVCxq82AsNIVDH-0c0Rx3Wanh_i60-yWESEa26pGcK-xmKgPMIbDvFRgXSRWZ&amp;__tn__=-]K-y-R\"><span class=\"xt0psk2\"><span class=\"xjp7ctv\">Conseyer\u00eda de Cultura, Pol\u00edtica Lling\u00fc\u00edstica y Deporte<\/span><\/span><\/a><\/span> convoc\u00f3 ayeri les<span style=\"color: #008080\"><strong> subvenciones pa la difusi\u00f3n, estudiu y puesta en valor del patrimoniu cultural asturianu<\/strong><\/span>, una llinia d\u2019ayudes d\u2019especial inter\u00e9s pa iniciatives venceyaes a la m\u00fasica tradicional, la tradici\u00f3n oral y el patrimoniu cultural inmaterial <span class=\"html-span xexx8yu xyri2b x18d9i69 x1c1uobl x1hl2dhg x16tdsg8 x1vvkbs x3nfvp2 x1j61x8r x1fcty0u xdj266r xat24cr xm2jcoa x1mpyi22 xxymvpz xlup9mm x1kky2od\"><img loading=\"lazy\" decoding=\"async\" class=\"xz74otr x15mokao x1ga7v0g x16uus16 xbiv7yw\" src=\"https:\/\/static.xx.fbcdn.net\/images\/emoji.php\/v9\/tdf\/1\/16\/1f4b5.png\" alt=\"\ud83d\udcb5\" width=\"16\" height=\"16\" \/><\/span> La convocatoria tien un presupuestu total de 140.000 euros, concede un m\u00e1ximu de 6.000 euros por proyectu y el plazu pa pidir estes ayudes -a travi\u00e9s de la sede electr\u00f3nica del Princip\u00e1u -remata\u2019l 27 de xineru. <a class=\"x1i10hfl xjbqb8w x1ejq31n x18oe1m7 x1sy0etr xstzfhl x972fbf x10w94by x1qhh985 x14e42zd x9f619 x1ypdohk xt0psk2 x3ct3a4 xdj266r x14z9mp xat24cr x1lziwak xexx8yu xyri2b x18d9i69 x1c1uobl x16tdsg8 x1hl2dhg xggy1nq x1a2a7pz xkrqix3 x1sur9pj xzsf02u x1s688f\" role=\"link\" href=\"https:\/\/www.facebook.com\/musicasturiana?__cft__[0]=AZZX7FDSMRasxNaDf-So_T3oA3K8AOVfZ_DuhMaQZtobNv_UO7Sqi7OdX4PjHeJ_K1a0kq_TBL59lTxpnJy6Bs4m50EsJylYYgI0dXJcj2ZGDlFtZfcgwO2mkb53TWo04WjTO1p1umTJ5HBvKXVk8Q8TujafVCxq82AsNIVDH-0c0Rx3Wanh_i60-yWESEa26pGcK-xmKgPMIbDvFRgXSRWZ&amp;__tn__=-UC%2CP-y-R\"><b class=\"html-b xdj266r x14z9mp xat24cr x1lziwak xexx8yu xyri2b x18d9i69 x1c1uobl x1hl2dhg x16tdsg8 x1vvkbs x1s688f\"><span class=\"html-span xdj266r x14z9mp xat24cr x1lziwak xexx8yu xyri2b x18d9i69 x1c1uobl x1hl2dhg x16tdsg8 x1vvkbs\">musicasturiana.com<\/span><\/b><\/a><\/p>\n<p><!--more--><\/p>\n<p>Ayeri public\u00f3se nel\u00a0<strong><a href=\"https:\/\/miprincipado.asturias.es\/bopa\/2026\/01\/13\/2026-00052.pdf\" target=\"_blank\" rel=\"noreferrer noopener\">BOPA\u00a0<\/a><\/strong>la convocatoria de\u00a0<strong>subvenciones pa la difusi\u00f3n, estudiu y puesta en valor del patrimoniu cultural asturianu<\/strong>, una llinia d\u2019ayudes d\u2019especial inter\u00e9s pa iniciatives venceyaes a la\u00a0<strong>m\u00fasica tradicional, la tradici\u00f3n oral y el patrimoniu cultural inmaterial<\/strong>. La convocatoria tien un presupuestu total de\u00a0<strong>140.000 euros<\/strong>, concede un<strong>\u00a0m\u00e1ximu de 6.000\u00a0<\/strong>euros por proyectu y el\u00a0<strong>plazu pa pidir estes ayudes<\/strong>\u00a0-a travi\u00e9s de la\u00a0<a href=\"https:\/\/miprincipado.asturias.es\/ast\/\" target=\"_blank\" rel=\"noopener\">sede electr\u00f3nica<\/a>\u00a0del Princip\u00e1u -remata\u2019l\u00a0<strong>27 de xineru<\/strong>.<\/p>\n<p>Esta convocatoria de subvenciones que naci\u00f3 en 2021 tien\u00a0<strong>cuatro llinies d\u2019ayuda<\/strong>, diferenciaes seg\u00fan el tipu de beneficiarios y la naturaleza material o inmaterial de los proyectos. Nel \u00e1mbitu que m\u00e1s afecta a la m\u00fasica asturiana, destaquen les\u00a0<strong>llinies 3 y 4<\/strong>, destinaes a proyectos de\u00a0<strong>patrimoniu cultural inmaterial y archivos de tradici\u00f3n oral<\/strong>. La llinia 3 ye pa\u00a0<strong>entidaes ensin \u00e1nimu de llucru y particulares<\/strong>\u00a0y la llinia 4 pa\u00a0<strong>empreses<\/strong>.<\/p>\n<p>Tal y como recueyen les<strong><a href=\"https:\/\/miprincipado.asturias.es\/bopa\/2021\/08\/20\/2021-07888.pdf\" target=\"_blank\" rel=\"noreferrer noopener\">\u00a0bases d\u2019estes ayudes<\/a><\/strong>, los proyectos subvencionables han tar centraos na\u00a0<strong>difusi\u00f3n, investigaci\u00f3n, promoci\u00f3n y tresmisi\u00f3n del patrimoniu cultural asturianu<\/strong>, incluyendo iniciatives que fomenten el conocimientu social de los valores culturales venceyaos a la tradici\u00f3n oral, la m\u00fasica popular, la recoyida d\u2019archivos sonoros o la conservaci\u00f3n d\u2019espresiones culturales inmateriales. El plazu d\u2019execuci\u00f3n podr\u00e1 estendese hasta\u2019l\u00a0<strong>31 de xineru de 2027<\/strong>, fecha llende tami\u00e9n pa la xustificaci\u00f3n de les ayudes.<\/p>\n<div class=\"wp-block-spacer\" aria-hidden=\"true\"><\/div>\n<h2 class=\"wp-block-heading\"><mark class=\"has-inline-color\">Solicit\u00fa<\/mark><\/h2>\n<p>El 27 de xineru remata\u2019l plazu pa pidir estes ayudes. Na<strong>\u00a0<a href=\"https:\/\/miprincipado.asturias.es\/ast\/\" target=\"_blank\" rel=\"noopener\">sede electr\u00f3nica<\/a><\/strong>\u00a0del Princip\u00e1u ta publicada la fueya de serviciu: c\u00f3digu AYUD0357T01 pa la Llinia 1; AYUD0357T02 pa la Llinia 2; AYUD0357T03 pa la Llinia 3 y AYUD0357T04 pa la Llinia 4. Tami\u00e9n pue alcontrase\u2019l\u00a0<strong>testu \u00edntegru<\/strong>\u00a0de la Resoluci\u00f3n,\u00a0<strong>informaci\u00f3n\u00a0<\/strong>complementaria, el\u00a0<strong>formulariu\u00a0<\/strong>normaliz\u00e1u de solicit\u00fa y la posibilid\u00e1 d\u2019iniciar electr\u00f3nicamente la\u00a0<strong>solicit\u00fa<\/strong>.<\/p>\n","protected":false},"excerpt":{"rendered":"<p>La Conseyer\u00eda de Cultura, Pol\u00edtica Lling\u00fc\u00edstica y Deporte convoc\u00f3 ayeri les subvenciones pa la difusi\u00f3n, estudiu y puesta en valor del patrimoniu cultural asturianu, una llinia d\u2019ayudes d\u2019especial inter\u00e9s pa iniciatives venceyaes a la m\u00fasica tradicional, la tradici\u00f3n oral y el patrimoniu cultural inmaterial La convocatoria tien un presupuestu total de 140.000 euros, concede un [&hellip;]<\/p>\n","protected":false},"author":117,"featured_media":0,"comment_status":"closed","ping_status":"closed","sticky":false,"template":"","format":"standard","meta":{"footnotes":""},"categories":[418],"tags":[],"class_list":["post-65945","post","type-post","status-publish","format-standard","hentry","category-ayudes"],"_links":{"self":[{"href":"https:\/\/edublog.educastur.es\/ixuxu\/wp-json\/wp\/v2\/posts\/65945","targetHints":{"allow":["GET"]}}],"collection":[{"href":"https:\/\/edublog.educastur.es\/ixuxu\/wp-json\/wp\/v2\/posts"}],"about":[{"href":"https:\/\/edublog.educastur.es\/ixuxu\/wp-json\/wp\/v2\/types\/post"}],"author":[{"embeddable":true,"href":"https:\/\/edublog.educastur.es\/ixuxu\/wp-json\/wp\/v2\/users\/117"}],"replies":[{"embeddable":true,"href":"https:\/\/edublog.educastur.es\/ixuxu\/wp-json\/wp\/v2\/comments?post=65945"}],"version-history":[{"count":2,"href":"https:\/\/edublog.educastur.es\/ixuxu\/wp-json\/wp\/v2\/posts\/65945\/revisions"}],"predecessor-version":[{"id":65947,"href":"https:\/\/edublog.educastur.es\/ixuxu\/wp-json\/wp\/v2\/posts\/65945\/revisions\/65947"}],"wp:attachment":[{"href":"https:\/\/edublog.educastur.es\/ixuxu\/wp-json\/wp\/v2\/media?parent=65945"}],"wp:term":[{"taxonomy":"category","embeddable":true,"href":"https:\/\/edublog.educastur.es\/ixuxu\/wp-json\/wp\/v2\/categories?post=65945"},{"taxonomy":"post_tag","embeddable":true,"href":"https:\/\/edublog.educastur.es\/ixuxu\/wp-json\/wp\/v2\/tags?post=65945"}],"curies":[{"name":"wp","href":"https:\/\/api.w.org\/{rel}","templated":true}]}}