{"id":65961,"date":"2026-01-14T20:31:25","date_gmt":"2026-01-14T18:31:25","guid":{"rendered":"https:\/\/edublog.educastur.es\/ixuxu\/?p=65961"},"modified":"2026-01-14T21:06:50","modified_gmt":"2026-01-14T19:06:50","slug":"unu-de-los-arboles-mas-pimpanos-dasturies","status":"publish","type":"post","link":"https:\/\/edublog.educastur.es\/ixuxu\/2026\/01\/unu-de-los-arboles-mas-pimpanos-dasturies\/","title":{"rendered":"Unu de los \u00e1rboles m\u00e1s pimpanos d&#8217;Asturies: El texu de Bermiego"},"content":{"rendered":"<p>Unu de los \u00e1rboles m\u00e1s pimpanos d&#8217;Asturies ta al pie d&#8217;una pintoresca ermita y tien m\u00e1s de 1000 a\u00f1os. <a href=\"https:\/\/okdiario.com\/naturaleza\/uno-arboles-mas-imponentes-asturias-esta-pie-pintoresca-ermita-tiene-mas-1000-anos-16058674\">OK Diario<\/a><\/p>\n<p style=\"text-align: center\"><a href=\"https:\/\/okdiario.com\/img\/2026\/01\/12\/tejo-de-bermiego-635x358.jpg\"><img loading=\"lazy\" decoding=\"async\" class=\"aligncenter size-large\" src=\"https:\/\/okdiario.com\/img\/2026\/01\/12\/tejo-de-bermiego-635x358.jpg\" width=\"635\" height=\"358\" \/><\/a><\/p>\n<p>Texu de *Bermiego al pie de la ermita. Semeya: Elfo del monte en Wikimedia Commons.<br \/>\n<!--more--><br \/>\nEspa\u00f1a alluga dalgunos de los espacios naturales m\u00e1s reconoc\u00edos de toa Europa, y ente ellos fuelguen dellos exemplares arb\u00f3reos que sobrevivieron al pasu del tiempu. Dientro d&#8217;esti contestu, figuren de forma destacada los \u00e1rboles m\u00e1s pimpanos d&#8217;Asturies, y\u00e1 que<strong> formen parte del patrimoniu natural protex\u00edu pola so singularid\u00e1 biol\u00f3xica y el so valor cultural.<\/strong><\/p>\n<p>En zones rurales del interior asturianu, munchos d&#8217;estos \u00e1rboles apaecen acomu\u00f1aos a ilesies, ermites o antiguos asentamientos humanos. Esa relaci\u00f3n ente naturaleza y usu social caltiense visible angua\u00f1o y esplica por qu\u00e9 dellos exemplares siguen siendo oxetu d&#8217;estudios, planes de caltenimientu y referencies hist\u00f3riques *documentadas.<\/p>\n<p>\u00bfCu\u00e1l ye unu de los \u00e1rboles m\u00e1s pimpanos d&#8217;Asturies y que tien m\u00e1s de 1000 a\u00f1os? Na localid\u00e1 de Bermiego, a unos 750 metros d&#8217;altit\u00fa y na falda occidental de la sierra del Aramo, at\u00f3pase unu de los \u00e1rboles m\u00e1s pimpanos d&#8217;Asturies.<\/p>\n<p>Tr\u00e1tase d&#8217;un texu de la especie Taxus baccata, allug\u00e1u dientro de la cortil de la ilesia de Santa Mar\u00eda y llixeramente separ\u00e1u del n\u00facleu del pueblu. <strong>El texu de Bermiego foi declar\u00e1u Monumentu Natural el 27 d&#8217;abril de 1995<\/strong>, quedando asina incluy\u00edu nel Plan de Recursos Naturales del Princip\u00e1u.<\/p>\n<p>Anque nun esisten estudios definitivos que confirmen la so ed\u00e1 esacta, distintes estimaciones <strong>asitien el so orixe en redol al mileniu de vida, lo que lo asitia como uno de los m\u00e1s antiguos non solo d&#8217;Asturies, sin\u00f3n tami\u00e9n del contestu europ\u00e9u. <\/strong>Podr\u00eda afirmase asina que la solombra qu&#8217;otorga esti texu foi llugar de xunta sagrada dende tiempos celtes.<\/p>\n<p><strong>Caracter\u00edstiques.\u00a0<\/strong><\/p>\n<p>Por empezar, esti texu <strong>destaca por unes proporciones poco habituales<\/strong>. El so altor ronda los 11 a 13 metros, ente que&#8217;l per\u00edmetru del tueru algama ente 6,5 y 7 metros. La copa, casi circular, esti\u00e9ndese hasta los 15 metros de di\u00e1metru, xenerando xuna cobertoria vexetal amplia y bien definida.<\/p>\n<p>La morfolox\u00eda del \u00e1rbol foi descrita como equilibrada, con un tueru de crecedera lenta y un sistema radicular superficial. Esta postrera caracter\u00edstica esplica la necesid\u00e1 de protexer el suelu circundante, y\u00e1 que la compactaci\u00f3n de la tierra puede afectar de forma directa al so est\u00e1u de caltenimientu.<\/p>\n<p>L&#8217;exemplar ye conoc\u00edu popularmente como \u2018Teixu l\u2019Ilesia\u2019, denominaci\u00f3n amestada a la so proximid\u00e1 al templu parroquial.<\/p>\n<p><strong>Protecci\u00f3n y actuaciones pa caltenelu.<\/strong> L&#8217;est\u00e1u de caltenimientu de los \u00e1rboles m\u00e1s pimpanos d&#8217;Asturies esixe intervenciones peri\u00f3diques, especialmente naquellos con gran arribaci\u00f3n de visitantes. Nel casu del texu de Bermiego, t\u00e9cnicos del Parque Natural de Les Ubi\u00f1as-La Mesa llevaron a cabo trabayos\u00a0 espec\u00edficos p&#8217;ameyorar la so redolada inmediata.<\/p>\n<p>Les actuaciones incluyeron el ventil\u00e1u del suelu, la eliminaci\u00f3n de hiedras y maleza, y l&#8217;instalaci\u00f3n d&#8217;un zarru perimetral m\u00e1s ampliu y non invasivo. Esti vall\u00e1u, se\u00f1aliz\u00e1u y ensin perforaciones nel terr\u00e9n, busca evitar l&#8217;apatayo sigu\u00edu y protexer los raiga\u00f1os, especialmente sensibles.<\/p>\n<p>Nun s&#8217;a\u00f1edi\u00f3 tierra nueva pa nun aumentar la compactaci\u00f3n y reforz\u00f3se la carteler\u00eda informativa empobinada a la preservaci\u00f3n del espaciu.<\/p>\n<p>Am\u00e1s, el Conceyu de Quir\u00f3s preve la roza de finques colindantes y l&#8217;instalaci\u00f3n d&#8217;accesos controlaos pa torgar la entrada de veh\u00edculos a la redoma del \u00e1rbol, una pr\u00e1ctica detectada nos \u00faltimos a\u00f1os.<\/p>\n<p><strong>Hestoria, simbolismu y contestu cultural. <\/strong>La relevancia d&#8217;esti exemplar espl\u00edcase pol so contestu hist\u00f3ricu. La primer referencia documental a Bermiego data del a\u00f1u 857, lo que suxure que&#8217;l texu pudo ser testigu directu de la evoluci\u00f3n de la parroquia mientres siquier un mileniu.<\/p>\n<p>Nes cercan\u00edes alcontr\u00e1ronse nicios d&#8217;una cortil castre\u00f1o, el Cantu de lo Maedos, acomu\u00f1\u00e1u a antiguos llugares de cultu prerromanos.<\/p>\n<p>De la mesma, el texu foi consider\u00e1u un \u00e1rbol simb\u00f3licu en diverses cultures europees. Nel \u00e1mbitu asturianu, la so presencia al pie de ermites refuerza la continuid\u00e1 ente espacios paganos y cristianos.<\/p>\n<p>Toles partes del Taxus baccata, sacantes l&#8217;arilo del frutu, contienen taxina, una sustanza t\u00f3xico qu&#8217;aliment\u00f3 interpretaciones hist\u00f3riques sobro&#8217;l so usu ritual y militar.<\/p>\n<p>G\u00fcei, el texu de Bermiego sigui formando parte del paisaxe social del conceyu y concentra bona parte de l&#8217;atenci\u00f3n de visitantes y estudiosos.<\/p>\n","protected":false},"excerpt":{"rendered":"<p>Unu de los \u00e1rboles m\u00e1s pimpanos d&#8217;Asturies ta al pie d&#8217;una pintoresca ermita y tien m\u00e1s de 1000 a\u00f1os. OK Diario Texu de *Bermiego al pie de la ermita. Semeya: Elfo del monte en Wikimedia Commons.<\/p>\n","protected":false},"author":117,"featured_media":0,"comment_status":"closed","ping_status":"closed","sticky":false,"template":"","format":"standard","meta":{"footnotes":""},"categories":[1],"tags":[],"class_list":["post-65961","post","type-post","status-publish","format-standard","hentry","category-sin-categoria"],"_links":{"self":[{"href":"https:\/\/edublog.educastur.es\/ixuxu\/wp-json\/wp\/v2\/posts\/65961","targetHints":{"allow":["GET"]}}],"collection":[{"href":"https:\/\/edublog.educastur.es\/ixuxu\/wp-json\/wp\/v2\/posts"}],"about":[{"href":"https:\/\/edublog.educastur.es\/ixuxu\/wp-json\/wp\/v2\/types\/post"}],"author":[{"embeddable":true,"href":"https:\/\/edublog.educastur.es\/ixuxu\/wp-json\/wp\/v2\/users\/117"}],"replies":[{"embeddable":true,"href":"https:\/\/edublog.educastur.es\/ixuxu\/wp-json\/wp\/v2\/comments?post=65961"}],"version-history":[{"count":3,"href":"https:\/\/edublog.educastur.es\/ixuxu\/wp-json\/wp\/v2\/posts\/65961\/revisions"}],"predecessor-version":[{"id":65964,"href":"https:\/\/edublog.educastur.es\/ixuxu\/wp-json\/wp\/v2\/posts\/65961\/revisions\/65964"}],"wp:attachment":[{"href":"https:\/\/edublog.educastur.es\/ixuxu\/wp-json\/wp\/v2\/media?parent=65961"}],"wp:term":[{"taxonomy":"category","embeddable":true,"href":"https:\/\/edublog.educastur.es\/ixuxu\/wp-json\/wp\/v2\/categories?post=65961"},{"taxonomy":"post_tag","embeddable":true,"href":"https:\/\/edublog.educastur.es\/ixuxu\/wp-json\/wp\/v2\/tags?post=65961"}],"curies":[{"name":"wp","href":"https:\/\/api.w.org\/{rel}","templated":true}]}}