{"id":65967,"date":"2026-01-14T22:30:43","date_gmt":"2026-01-14T20:30:43","guid":{"rendered":"https:\/\/edublog.educastur.es\/ixuxu\/?p=65967"},"modified":"2026-01-15T12:41:48","modified_gmt":"2026-01-15T10:41:48","slug":"el-xueves-una-cicloxenesis","status":"publish","type":"post","link":"https:\/\/edublog.educastur.es\/ixuxu\/2026\/01\/el-xueves-una-cicloxenesis\/","title":{"rendered":"El xueves, una ciclox\u00e9nesis"},"content":{"rendered":"<p>Los meteor\u00f3logos ponen el focu na ciclox\u00e9nesis del xueves: vientu de 100 km\/h y ag\u00fces nestes zones d&#8217;Espa\u00f1a.<\/p>\n<p style=\"text-align: center\"><a href=\"https:\/\/services.meteored.com\/img\/article\/los-meteorologos-ponen-el-foco-en-la-ciclogenesis-del-jueves-viento-de-100-km-h-y-lluvias-en-estas-zonas-de-espana-1768340262164_1024.png\"><img loading=\"lazy\" decoding=\"async\" class=\"aligncenter size-large\" src=\"https:\/\/services.meteored.com\/img\/article\/los-meteorologos-ponen-el-foco-en-la-ciclogenesis-del-jueves-viento-de-100-km-h-y-lluvias-en-estas-zonas-de-espana-1768340262164_1024.png\" width=\"1024\" height=\"714\" \/><\/a><!--more--><\/p>\n<p style=\"text-align: center\">\n<!-- iframe plugin v.6.0 wordpress.org\/plugins\/iframe\/ -->\n<iframe loading=\"lazy\" src=\"https:\/\/www.facebook.com\/plugins\/post.php?href=https%3A%2F%2Fwww.facebook.com%2FMovilidadAsturias%2Fposts%2Fpfbid0G5pR6y7Yn5vsWkQsjBTWu4gTvUVpZet8XvqZYYaHq5Xjh4dXT9aLUdvMaoW5GWeQl&#038;show_text=false&#038;width=500\" width=\"500\" height=\"419\" style=\"border:none;overflow:hidden\" scrolling=\"no\" frameborder=\"0\" allowfullscreen=\"true\" allow=\"autoplay; clipboard-write; encrypted-media; picture-in-picture; web-share\" 0=\"\/iframe\" class=\"iframe-class\"><\/iframe>\n<\/p>\n<p>Un frente bastante activu va barrer la nuesa xeograf\u00eda. Vientos de 100 km\/h o m\u00e1s, \u00a0vientu del sur arreciar\u00e1 dende la ma\u00f1ana en Galicia, <strong>Asturies<\/strong>, Cantabria, Pa\u00eds Vascu y Navarra, tantu n&#8217;\u00e1rees costeres espuestes como en collaes o cumes del Cordal Cant\u00e1bricu, Montes Vascos y Pirin\u00e9u navarru.<\/p>\n<p>&nbsp;<\/p>\n<p style=\"text-align: center\"><a href=\"https:\/\/services.meteored.com\/img\/article\/los-meteorologos-ponen-el-foco-en-la-ciclogenesis-del-jueves-viento-de-100-km-h-y-lluvias-en-estas-zonas-de-espana-1768340367559_1024.png\"><img loading=\"lazy\" decoding=\"async\" class=\"aligncenter size-large\" src=\"https:\/\/services.meteored.com\/img\/article\/los-meteorologos-ponen-el-foco-en-la-ciclogenesis-del-jueves-viento-de-100-km-h-y-lluvias-en-estas-zonas-de-espana-1768340367559_1024.png\" width=\"1024\" height=\"714\" \/><\/a><\/p>\n<p><strong> Na aguada cant\u00e1brica va ser m\u00e1s irregulares pol predominiu del vientu del sur.<\/strong> Ye posible que se produzan delles nubes y bastios intensos alcontraos. A \u00faltimes hores el frente va algamar l&#8217;interior de les comunidaes mediterr\u00e1nees, partiendo delles ag\u00fces d\u00e9biles.<\/p>\n<p>El vienres van entrar nueves precipitaciones dende l&#8217;oeste, y a partir d&#8217;ende <strong>un importante descuelgue d&#8217;aire polar va asitiase sobro la vertical peninsular mientres la fin de selmana<\/strong>, dexando un ambiente de plenu iviernu, con xelaes m\u00e1s estenses, precipitaciones y nieve en cotes m\u00e1s baxes.<\/p>\n<p>Domingu<\/p>\n<p style=\"text-align: center\"><a href=\"https:\/\/services.meteored.com\/img\/article\/el-mediterraneo-podria-rugir-a-partir-del-domingo-posible-borrasca-con-lluvias-nieve-viento-y-mala-mar-1768255539725_1024.png\"><img loading=\"lazy\" decoding=\"async\" class=\"aligncenter size-large\" src=\"https:\/\/services.meteored.com\/img\/article\/el-mediterraneo-podria-rugir-a-partir-del-domingo-posible-borrasca-con-lluvias-nieve-viento-y-mala-mar-1768255539725_1024.png\" width=\"1024\" height=\"714\" \/><\/a><\/p>\n<p>Llunes: n&#8217;altor va siguir llegando aire fr\u00edo dende llatit\u00faes septentrionales ya inclusive puede formase otra baxa na redoma del noroeste, con delles ag\u00fces y nevaes n&#8217;otres rexones del oeste y norte.<\/p>\n<p style=\"text-align: center\"><a href=\"https:\/\/services.meteored.com\/img\/article\/el-mediterraneo-podria-rugir-a-partir-del-domingo-posible-borrasca-con-lluvias-nieve-viento-y-mala-mar-1768293017073_1024.png\"><img loading=\"lazy\" decoding=\"async\" class=\"aligncenter size-large\" src=\"https:\/\/services.meteored.com\/img\/article\/el-mediterraneo-podria-rugir-a-partir-del-domingo-posible-borrasca-con-lluvias-nieve-viento-y-mala-mar-1768293017073_1024.png\" width=\"1024\" height=\"714\" \/><\/a><\/p>\n","protected":false},"excerpt":{"rendered":"<p>Los meteor\u00f3logos ponen el focu na ciclox\u00e9nesis del xueves: vientu de 100 km\/h y ag\u00fces nestes zones d&#8217;Espa\u00f1a.<\/p>\n","protected":false},"author":117,"featured_media":0,"comment_status":"closed","ping_status":"closed","sticky":false,"template":"","format":"standard","meta":{"footnotes":""},"categories":[5],"tags":[],"class_list":["post-65967","post","type-post","status-publish","format-standard","hentry","category-tiempu"],"_links":{"self":[{"href":"https:\/\/edublog.educastur.es\/ixuxu\/wp-json\/wp\/v2\/posts\/65967","targetHints":{"allow":["GET"]}}],"collection":[{"href":"https:\/\/edublog.educastur.es\/ixuxu\/wp-json\/wp\/v2\/posts"}],"about":[{"href":"https:\/\/edublog.educastur.es\/ixuxu\/wp-json\/wp\/v2\/types\/post"}],"author":[{"embeddable":true,"href":"https:\/\/edublog.educastur.es\/ixuxu\/wp-json\/wp\/v2\/users\/117"}],"replies":[{"embeddable":true,"href":"https:\/\/edublog.educastur.es\/ixuxu\/wp-json\/wp\/v2\/comments?post=65967"}],"version-history":[{"count":4,"href":"https:\/\/edublog.educastur.es\/ixuxu\/wp-json\/wp\/v2\/posts\/65967\/revisions"}],"predecessor-version":[{"id":66009,"href":"https:\/\/edublog.educastur.es\/ixuxu\/wp-json\/wp\/v2\/posts\/65967\/revisions\/66009"}],"wp:attachment":[{"href":"https:\/\/edublog.educastur.es\/ixuxu\/wp-json\/wp\/v2\/media?parent=65967"}],"wp:term":[{"taxonomy":"category","embeddable":true,"href":"https:\/\/edublog.educastur.es\/ixuxu\/wp-json\/wp\/v2\/categories?post=65967"},{"taxonomy":"post_tag","embeddable":true,"href":"https:\/\/edublog.educastur.es\/ixuxu\/wp-json\/wp\/v2\/tags?post=65967"}],"curies":[{"name":"wp","href":"https:\/\/api.w.org\/{rel}","templated":true}]}}