{"id":65970,"date":"2026-01-15T08:30:26","date_gmt":"2026-01-15T06:30:26","guid":{"rendered":"https:\/\/edublog.educastur.es\/ixuxu\/?p=65970"},"modified":"2026-01-15T21:30:45","modified_gmt":"2026-01-15T19:30:45","slug":"el-tiempu-el-comercio-235","status":"publish","type":"post","link":"https:\/\/edublog.educastur.es\/ixuxu\/2026\/01\/el-tiempu-el-comercio-235\/","title":{"rendered":"El tiempu (El Comercio)"},"content":{"rendered":"<p style=\"text-align: center\"><a href=\"https:\/\/s2.ppllstatics.com\/elcomercio\/www\/multimedia\/2026\/01\/14\/prevision-tiempo-asturias-kBgH-U2302588077118HVD-1200x870@El%20Comercio.jpg\"><img loading=\"lazy\" decoding=\"async\" class=\"aligncenter size-large\" src=\"https:\/\/s2.ppllstatics.com\/elcomercio\/www\/multimedia\/2026\/01\/14\/prevision-tiempo-asturias-kBgH-U2302588077118HVD-1200x870@El%20Comercio.jpg\" width=\"1200\" height=\"870\" \/><\/a><\/p>\n<p>Esperamos una xornada marcada polos vientos de componente sur. <strong>Mientres la ma\u00f1ana y les hores centrales del d\u00eda<\/strong> preven vientos moderaos con intervalos fuertes o bien fuertes en zones altes del occidente y tami\u00e9n del cordal. <strong>A lo llargo de la tarde,<\/strong> y sobremanera al anochecer, los vientos van dir claramente abocanando. L&#8217;Axencia Estatal de Meteorolox\u00eda va tener activ\u00e1u hasta les 18:00 hores l&#8217;avisu nel cordal por raches d&#8217;hasta 90 km\/h en cotes altes de dichu sector. Igualmente, va destacar el vientu na mar. <strong>A partir de les 17:00 hores<\/strong> de la tarde na mari\u00f1a occidental y a partir de les 18:00 hores na oriental, va activase l&#8217;avisu mariellu por fuertes vientos (fuerza 7) y foles que podr\u00eden algamar los 5 metros d&#8217;altor.<strong><!--more--> Les temperatures m\u00e1ximes<\/strong> van baxar nel oriente hasta 2 o 3 \u00baC menos que&#8217;l mi\u00e9rcoles, ente que nel occidente van caltener ensin grandes cambeos. Les m\u00ednimes apenes van variar. En cuanto al est\u00e1u de los cielos, prevense intervalos de nubes medies y altes pela ma\u00f1ana con encl\u00edn a apaecer nubes m\u00e1s baxes mientres la segunda met\u00e1 del d\u00eda que van dexar precipitaciones pel oeste que se van dir moviendo escontra l&#8217;oriente. La cota de nieve va dir baxando dende los 1800\/2000 metros hasta los 1200\/1400 metros mientres la tarde.<\/p>\n<p style=\"text-align: center\">\n<!-- iframe plugin v.6.0 wordpress.org\/plugins\/iframe\/ -->\n<iframe loading=\"lazy\" src=\"https:\/\/www.facebook.com\/plugins\/video.php?height=476&#038;href=https%3A%2F%2Fwww.facebook.com%2Freel%2F1362377455638142%2F&#038;show_text=false&#038;width=476&#038;t=0\" width=\"476\" height=\"476\" style=\"border:none;overflow:hidden\" scrolling=\"no\" frameborder=\"0\" allowfullscreen=\"true\" allow=\"autoplay; clipboard-write; encrypted-media; picture-in-picture; web-share\" 0=\"\/iframe\" class=\"iframe-class\"><\/iframe>\n<\/p>\n<p><strong> El vienres<\/strong> preven cielos nublos con posibilid\u00e1 de precipitaciones que van dexar nieve a partir de los 900 metros. Para la fin de selmana, ent\u00e1 hai cierta incertidume pero tou paez indicar que les condiciones meteorol\u00f3xiques van presentase abondo m\u00e1s estables de lo que se prev\u00eda nun primer momentu.<\/p>\n<p style=\"text-align: center\">\n<!-- iframe plugin v.6.0 wordpress.org\/plugins\/iframe\/ -->\n<iframe loading=\"lazy\" src=\"https:\/\/www.facebook.com\/plugins\/video.php?height=476&#038;href=https%3A%2F%2Fwww.facebook.com%2Freel%2F1362377455638142%2F&#038;show_text=false&#038;width=476&#038;t=0\" width=\"476\" height=\"476\" style=\"border:none;overflow:hidden\" scrolling=\"no\" frameborder=\"0\" allowfullscreen=\"true\" allow=\"autoplay; clipboard-write; encrypted-media; picture-in-picture; web-share\" 0=\"\/iframe\" class=\"iframe-class\"><\/iframe>\n<\/p>\n","protected":false},"excerpt":{"rendered":"<p>Esperamos una xornada marcada polos vientos de componente sur. Mientres la ma\u00f1ana y les hores centrales del d\u00eda preven vientos moderaos con intervalos fuertes o bien fuertes en zones altes del occidente y tami\u00e9n del cordal. A lo llargo de la tarde, y sobremanera al anochecer, los vientos van dir claramente abocanando. L&#8217;Axencia Estatal de [&hellip;]<\/p>\n","protected":false},"author":117,"featured_media":0,"comment_status":"closed","ping_status":"closed","sticky":false,"template":"","format":"standard","meta":{"footnotes":""},"categories":[5],"tags":[],"class_list":["post-65970","post","type-post","status-publish","format-standard","hentry","category-tiempu"],"_links":{"self":[{"href":"https:\/\/edublog.educastur.es\/ixuxu\/wp-json\/wp\/v2\/posts\/65970","targetHints":{"allow":["GET"]}}],"collection":[{"href":"https:\/\/edublog.educastur.es\/ixuxu\/wp-json\/wp\/v2\/posts"}],"about":[{"href":"https:\/\/edublog.educastur.es\/ixuxu\/wp-json\/wp\/v2\/types\/post"}],"author":[{"embeddable":true,"href":"https:\/\/edublog.educastur.es\/ixuxu\/wp-json\/wp\/v2\/users\/117"}],"replies":[{"embeddable":true,"href":"https:\/\/edublog.educastur.es\/ixuxu\/wp-json\/wp\/v2\/comments?post=65970"}],"version-history":[{"count":3,"href":"https:\/\/edublog.educastur.es\/ixuxu\/wp-json\/wp\/v2\/posts\/65970\/revisions"}],"predecessor-version":[{"id":66045,"href":"https:\/\/edublog.educastur.es\/ixuxu\/wp-json\/wp\/v2\/posts\/65970\/revisions\/66045"}],"wp:attachment":[{"href":"https:\/\/edublog.educastur.es\/ixuxu\/wp-json\/wp\/v2\/media?parent=65970"}],"wp:term":[{"taxonomy":"category","embeddable":true,"href":"https:\/\/edublog.educastur.es\/ixuxu\/wp-json\/wp\/v2\/categories?post=65970"},{"taxonomy":"post_tag","embeddable":true,"href":"https:\/\/edublog.educastur.es\/ixuxu\/wp-json\/wp\/v2\/tags?post=65970"}],"curies":[{"name":"wp","href":"https:\/\/api.w.org\/{rel}","templated":true}]}}