{"id":65972,"date":"2026-01-15T08:55:15","date_gmt":"2026-01-15T06:55:15","guid":{"rendered":"https:\/\/edublog.educastur.es\/ixuxu\/?p=65972"},"modified":"2026-01-15T12:07:47","modified_gmt":"2026-01-15T10:07:47","slug":"queden-menos-de-7-meses-para-leclis-total-de-sol","status":"publish","type":"post","link":"https:\/\/edublog.educastur.es\/ixuxu\/2026\/01\/queden-menos-de-7-meses-para-leclis-total-de-sol\/","title":{"rendered":"\u00a1Queden menos de 7 meses para l&#8217;ecl\u00eds total de Sol"},"content":{"rendered":"<div class=\"xu06os2 x1ok221b\">\n<div class=\"html-div xdj266r x14z9mp xat24cr x1lziwak xexx8yu xyri2b x18d9i69 x1c1uobl\" data-ad-rendering-role=\"profile_name\">\n<ul>\n<li class=\"html-h3 x14z9mp xat24cr x1lziwak xexx8yu xyri2b x18d9i69 x1c1uobl x1vvkbs x1heor9g x1qlqyl8 x1pd3egz x1a2a7pz x1gslohp x1yc453h\"><span class=\"x1lliihq x6ikm8r x10wlt62 x1n2onr6\"><span class=\"xt0psk2\"><span class=\"xjp7ctv\"><a class=\"x1i10hfl xjbqb8w x1ejq31n x18oe1m7 x1sy0etr xstzfhl x972fbf x10w94by x1qhh985 x14e42zd x9f619 x1ypdohk xt0psk2 x3ct3a4 xdj266r x14z9mp xat24cr x1lziwak xexx8yu xyri2b x18d9i69 x1c1uobl x16tdsg8 x1hl2dhg xggy1nq x1a2a7pz xkrqix3 x1sur9pj xzsf02u x1s688f\" role=\"link\" href=\"https:\/\/www.facebook.com\/tiempoyradarEspana?__cft__[0]=AZbQF3FQ3RtDy0VU27WuxJgkaPFO04HA4ndVrlMnkM8xmw8Gn8M1r5XEsn35VKfSrLUCnQJ010JAOpxKzPCEKzdJY7EsITk8M8RRF3_VDIG2ihscZlg08eDKszphg5nACeqvoGYnUyoxVeOOF5fbOZeTAx9zErbBnUN3W2CYb2w8lv308YOd47LWxpE3PRDVU2dHINlz8i30VVEGrlOK5n7p&amp;__tn__=-UC%2CP-y-R\"><b class=\"html-b xdj266r x14z9mp xat24cr x1lziwak xexx8yu xyri2b x18d9i69 x1c1uobl x1hl2dhg x16tdsg8 x1vvkbs x1s688f\"><span class=\"html-span xdj266r x14z9mp xat24cr x1lziwak xexx8yu xyri2b x18d9i69 x1c1uobl x1hl2dhg x16tdsg8 x1vvkbs\">Tiempo &amp; Radar Espa\u00f1a<\/span><\/b><\/a><\/span><\/span><\/span>\/ <span class=\"html-span xdj266r x14z9mp xat24cr x1lziwak xexx8yu xyri2b x18d9i69 x1c1uobl x1hl2dhg x16tdsg8 x1vvkbs\"><a class=\"x1i10hfl xjbqb8w x1ejq31n x18oe1m7 x1sy0etr xstzfhl x972fbf x10w94by x1qhh985 x14e42zd x9f619 x1ypdohk xt0psk2 x3ct3a4 xdj266r x14z9mp xat24cr x1lziwak xexx8yu xyri2b x18d9i69 x1c1uobl x16tdsg8 x1hl2dhg xggy1nq x1a2a7pz xkrqix3 x1sur9pj x1fey0fg x1s688f\" role=\"link\" href=\"https:\/\/l.facebook.com\/l.php?u=https%3A%2F%2Fapp.tiempoyradar.es%2FU13Q%2Fudmpxbh9%3Ffbclid%3DIwZXh0bgNhZW0CMTAAYnJpZBEwamF1bjMyU0VpdDFwSEVvRHNydGMGYXBwX2lkEDIyMjAzOTE3ODgyMDA4OTIAAR7t44HmfHcHKwvWmY0t1dSpUB98njvkwxQH6N30gkIyI4hF7wKiCObmT6rXjw_aem_YQtS2ZDrG0OkipUZFVmknw&amp;h=AT1UvjzRkw3yhWvisuupI3O7FwQ49-Hr3mUs7nLoBQt1ukxN3OxtEDsrV4R1ogAB19qIlO75GjNKqr1LTZQ1RBH9qPctL-MsEURyyPy1BwZWiNxkf1DA4rqqVBrUm6KJZPKxocdyFC5P1A&amp;__tn__=-UK-y-R&amp;c[0]=AT39RVzYEVgIj_68krBo9hy65riCruF-BBnWTxv4TmwBpSryMbuBTnJZ2s2RjfKFD2VNkIeth3bywSF7T3cfwPcoEyR5yGHpFAqWVl7UfQhqLJvMTsuHKaeOaHUwOodUuCllVMLUT_G3-d6E34U040PVV2gvm-k7teYzEvbQ6cJQWi9LKkKN1fuIQOzKxZKmD1D0XNg7gFJTx1ZXWmn0BQcZ3rAbJ8JLDQz6lPQjBHfH_F7x\" target=\"_blank\" rel=\"nofollow noopener noreferrer\">https:\/\/app.tiempoyradar.es\/U13Q\/udmpxbh9<\/a><\/span><\/li>\n<\/ul>\n<\/div>\n<\/div>\n<div class=\"xu06os2 x1ok221b\">\u00a1Queden menos de 7 meses para l&#8217;ecl\u00eds total de Sol! Va Ser visible en munches zones d&#8217;Espa\u00f1a. <a href=\"https:\/\/www.lne.es\/asturias\/2026\/01\/14\/increible-boom-asturias-ansiado-eclipse-125672062.html?fbclid=IwY2xjawPVmJVleHRuA2FlbQIxMABicmlkETBqYXVuMzJTRWl0MXBIRW9Ec3J0YwZhcHBfaWQQMjIyMDM5MTc4ODIwMDg5MgABHrT_k2Ee7eM8T3Gt3S2QapiyLa_GjRAzyedleF0lGOfyFIjxvj41d9MZCLcl_aem_SeXCfzqEsjftZCR-gXOfAQ&amp;utm_campaign=mrf-facebook-nuevaespana&amp;mrfcid=202601146967d1172ad764186da24036\">LNE<\/a>\/ <span class=\"html-span xdj266r x14z9mp xat24cr x1lziwak xexx8yu xyri2b x18d9i69 x1c1uobl x1hl2dhg x16tdsg8 x1vvkbs\"><a class=\"x1i10hfl xjbqb8w x1ejq31n x18oe1m7 x1sy0etr xstzfhl x972fbf x10w94by x1qhh985 x14e42zd x9f619 x1ypdohk xt0psk2 x3ct3a4 xdj266r x14z9mp xat24cr x1lziwak xexx8yu xyri2b x18d9i69 x1c1uobl x16tdsg8 x1hl2dhg xggy1nq x1a2a7pz xkrqix3 x1sur9pj x1fey0fg x1s688f\" role=\"link\" href=\"https:\/\/www.facebook.com\/hashtag\/eclipse?__eep__=6&amp;__cft__[0]=AZbQF3FQ3RtDy0VU27WuxJgkaPFO04HA4ndVrlMnkM8xmw8Gn8M1r5XEsn35VKfSrLUCnQJ010JAOpxKzPCEKzdJY7EsITk8M8RRF3_VDIG2ihscZlg08eDKszphg5nACeqvoGYnUyoxVeOOF5fbOZeTAx9zErbBnUN3W2CYb2w8lv308YOd47LWxpE3PRDVU2dHINlz8i30VVEGrlOK5n7p&amp;__tn__=*NK-y-R\">#Eclipse<\/a><\/span> <span class=\"html-span xdj266r x14z9mp xat24cr x1lziwak xexx8yu xyri2b x18d9i69 x1c1uobl x1hl2dhg x16tdsg8 x1vvkbs\"><a class=\"x1i10hfl xjbqb8w x1ejq31n x18oe1m7 x1sy0etr xstzfhl x972fbf x10w94by x1qhh985 x14e42zd x9f619 x1ypdohk xt0psk2 x3ct3a4 xdj266r x14z9mp xat24cr x1lziwak xexx8yu xyri2b x18d9i69 x1c1uobl x16tdsg8 x1hl2dhg xggy1nq x1a2a7pz xkrqix3 x1sur9pj x1fey0fg x1s688f\" role=\"link\" href=\"https:\/\/www.facebook.com\/hashtag\/astronom%C3%ADa?__eep__=6&amp;__cft__[0]=AZbQF3FQ3RtDy0VU27WuxJgkaPFO04HA4ndVrlMnkM8xmw8Gn8M1r5XEsn35VKfSrLUCnQJ010JAOpxKzPCEKzdJY7EsITk8M8RRF3_VDIG2ihscZlg08eDKszphg5nACeqvoGYnUyoxVeOOF5fbOZeTAx9zErbBnUN3W2CYb2w8lv308YOd47LWxpE3PRDVU2dHINlz8i30VVEGrlOK5n7p&amp;__tn__=*NK-y-R\">#Astronom\u00eda<\/a><\/span> <span class=\"html-span xdj266r x14z9mp xat24cr x1lziwak xexx8yu xyri2b x18d9i69 x1c1uobl x1hl2dhg x16tdsg8 x1vvkbs\"><a class=\"x1i10hfl xjbqb8w x1ejq31n x18oe1m7 x1sy0etr xstzfhl x972fbf x10w94by x1qhh985 x14e42zd x9f619 x1ypdohk xt0psk2 x3ct3a4 xdj266r x14z9mp xat24cr x1lziwak xexx8yu xyri2b x18d9i69 x1c1uobl x16tdsg8 x1hl2dhg xggy1nq x1a2a7pz xkrqix3 x1sur9pj x1fey0fg x1s688f\" role=\"link\" href=\"https:\/\/www.facebook.com\/hashtag\/tiempoyradar?__eep__=6&amp;__cft__[0]=AZbQF3FQ3RtDy0VU27WuxJgkaPFO04HA4ndVrlMnkM8xmw8Gn8M1r5XEsn35VKfSrLUCnQJ010JAOpxKzPCEKzdJY7EsITk8M8RRF3_VDIG2ihscZlg08eDKszphg5nACeqvoGYnUyoxVeOOF5fbOZeTAx9zErbBnUN3W2CYb2w8lv308YOd47LWxpE3PRDVU2dHINlz8i30VVEGrlOK5n7p&amp;__tn__=*NK-y-R\">#TiempoyRadar<\/a><\/span><\/div>\n<div style=\"text-align: center\">\n<!-- iframe plugin v.6.0 wordpress.org\/plugins\/iframe\/ -->\n<iframe loading=\"lazy\" src=\"https:\/\/www.facebook.com\/plugins\/post.php?href=https%3A%2F%2Fwww.facebook.com%2FtiempoyradarEspana%2Fposts%2Fpfbid02gd3SugHE22e8wdiJXaDaBikvWCJ7ChdVUKD74cmDc2oNPzrVRbdyFpSq4qQbnD96l&#038;show_text=false&#038;width=500\" width=\"500\" height=\"498\" style=\"border:none;overflow:hidden\" scrolling=\"no\" frameborder=\"0\" allowfullscreen=\"true\" allow=\"autoplay; clipboard-write; encrypted-media; picture-in-picture; web-share\" 0=\"\/iframe\" class=\"iframe-class\"><\/iframe>\n<\/div>\n<div><\/div>\n<p><!--more--><\/p>\n<div>L&#8217;incre\u00edble \u00ab*boom\u00bb n&#8217;Asturies pol allamp\u00e1u ecl\u00eds solar: agospiamientos casi llenos (inclusive barcos) y 950 euros per nueche \u00abYe&#8217;l fen\u00f3menu del a\u00f1u\u00bb, constaten los empresarios del sector, que destaquen el tir\u00f3n ente los visitantes estranxeros pa guardar dende la rex\u00f3n n&#8217;agostu un fen\u00f3menu \u00fanicu.<\/div>\n<div><a href=\"https:\/\/estaticos-cdn.prensaiberica.es\/clip\/ddbff74c-71a8-488f-b99a-13479c70e883_16-9-discover-aspect-ratio_default_0.webp\"><img loading=\"lazy\" decoding=\"async\" class=\"aligncenter size-large\" src=\"https:\/\/estaticos-cdn.prensaiberica.es\/clip\/ddbff74c-71a8-488f-b99a-13479c70e883_16-9-discover-aspect-ratio_default_0.webp\" width=\"1200\" height=\"675\" \/><\/a><\/div>\n<div>Places escoses o a puntu. Reserves con m\u00e1s d&#8217;un a\u00f1u d&#8217;antelaci\u00f3n. Precios disparaos, llegando la nueche a superar los 950 euros&#8230; Ye la descripci\u00f3n del est\u00e1u de los agospiamientos n&#8217;Asturies para les feches en redol al pr\u00f3ximu 12 d&#8217;agostu. \u00bfQu\u00e9 va pasar esi d\u00eda?<strong> va producise un ecl\u00eds solar total (la lluna tapa por completu al sol), un acontecimientu que n&#8217;Espa\u00f1a nun se ve dende 1905.<\/strong> Coles mesmes, especialistes y aficionaos a l&#8217;Astronom\u00eda, pero tami\u00e9n el p\u00fablicu polo xeneral, nun quieren perd\u00e9-ylo.<\/div>\n<div><\/div>\n<div>El Princip\u00e1u va ser unu de los llugares m\u00e1s privilexaos del pa\u00eds -va haber que cruciar los deos por que esi d\u00eda nun nos visiten les habituales nubes branices nel cielu \u00e1stur- <strong>para contemplar el fen\u00f3menu, que va durar ente 45 segundos o dos minutos, en funci\u00f3n d&#8217;onde tea&#8217;l puntu d&#8217;observaci\u00f3n.<\/strong> D&#8217;ende que les places p&#8217;agospiase na rex\u00f3n esi d\u00eda y los d&#8217;alredor, dende albergues a hoteles, pasando inclusive por barcos dende los qu&#8217;esfrutar del ecl\u00eds nel mar, tean acutaes dende va muncho tiempu o se cunten con cuentagotes siete meses antes.<\/div>\n<div>\n<p>Y ye qu&#8217;<strong>Espa\u00f1a ye l&#8217;\u00fanicu pa\u00eds del mundu onde va poder vese con garant\u00edes l&#8217;ecl\u00eds total de 2026<\/strong>. \u00abLa primer vegada que me falaron del ecl\u00eds foi l&#8217;a\u00f1u pas\u00e1u, na estaci\u00f3n de Valgrande-Payares, onde y\u00e1 hab\u00eda persones procedentes d&#8217;Estaos Xun\u00edos interesaes na visita, precisamente pola singularid\u00e1 de la situaci\u00f3n de Cuitu Negru\u00bb, esplica Jaime Garc\u00eda, presidente de l&#8217;Asociaci\u00f3n d&#8217;Agospiamientos Rurales d&#8217;Asturies (ARCA). \u00abS\u00ed qu&#8217;hai reserves, y am\u00e1s con bastante antelaci\u00f3n, inclusive de barcos para reparalo dende la mari\u00f1a, que paez ser que se ve meyor\u00bb, a\u00f1ede l&#8217;empresariu.<\/p>\n<p>Isaac Su\u00e1rez tien viviendes de turismu en Somao (Pravia) y El Castiellu (Sotu&#8217;l Barcu). Tami\u00e9n foi un estranxeru, americanu, el primeru que lu punxo en sobreaviso del ecl\u00eds. \u00abLlam\u00f3me un veceru va faer m\u00e1s d&#8217;a\u00f1u para preguntar polos agospiamientos y sosprendi\u00f3me. Depu\u00e9s esplic\u00f3me para qu\u00e9 yera\u00bb, esplica l&#8217;empresariu. Nel so casu tien los agospiamientos y\u00e1 completos para xunetu y agostu.<\/p>\n<\/div>\n","protected":false},"excerpt":{"rendered":"<p>Tiempo &amp; Radar Espa\u00f1a\/ https:\/\/app.tiempoyradar.es\/U13Q\/udmpxbh9 \u00a1Queden menos de 7 meses para l&#8217;ecl\u00eds total de Sol! Va Ser visible en munches zones d&#8217;Espa\u00f1a. LNE\/ #Eclipse #Astronom\u00eda #TiempoyRadar<\/p>\n","protected":false},"author":117,"featured_media":0,"comment_status":"closed","ping_status":"closed","sticky":false,"template":"","format":"standard","meta":{"footnotes":""},"categories":[223],"tags":[],"class_list":["post-65972","post","type-post","status-publish","format-standard","hentry","category-astronomia"],"_links":{"self":[{"href":"https:\/\/edublog.educastur.es\/ixuxu\/wp-json\/wp\/v2\/posts\/65972","targetHints":{"allow":["GET"]}}],"collection":[{"href":"https:\/\/edublog.educastur.es\/ixuxu\/wp-json\/wp\/v2\/posts"}],"about":[{"href":"https:\/\/edublog.educastur.es\/ixuxu\/wp-json\/wp\/v2\/types\/post"}],"author":[{"embeddable":true,"href":"https:\/\/edublog.educastur.es\/ixuxu\/wp-json\/wp\/v2\/users\/117"}],"replies":[{"embeddable":true,"href":"https:\/\/edublog.educastur.es\/ixuxu\/wp-json\/wp\/v2\/comments?post=65972"}],"version-history":[{"count":3,"href":"https:\/\/edublog.educastur.es\/ixuxu\/wp-json\/wp\/v2\/posts\/65972\/revisions"}],"predecessor-version":[{"id":65986,"href":"https:\/\/edublog.educastur.es\/ixuxu\/wp-json\/wp\/v2\/posts\/65972\/revisions\/65986"}],"wp:attachment":[{"href":"https:\/\/edublog.educastur.es\/ixuxu\/wp-json\/wp\/v2\/media?parent=65972"}],"wp:term":[{"taxonomy":"category","embeddable":true,"href":"https:\/\/edublog.educastur.es\/ixuxu\/wp-json\/wp\/v2\/categories?post=65972"},{"taxonomy":"post_tag","embeddable":true,"href":"https:\/\/edublog.educastur.es\/ixuxu\/wp-json\/wp\/v2\/tags?post=65972"}],"curies":[{"name":"wp","href":"https:\/\/api.w.org\/{rel}","templated":true}]}}