{"id":65989,"date":"2026-01-15T12:16:14","date_gmt":"2026-01-15T10:16:14","guid":{"rendered":"https:\/\/edublog.educastur.es\/ixuxu\/?p=65989"},"modified":"2026-01-16T21:41:50","modified_gmt":"2026-01-16T19:41:50","slug":"mitoloxia-por-maestrin-astur","status":"publish","type":"post","link":"https:\/\/edublog.educastur.es\/ixuxu\/2026\/01\/mitoloxia-por-maestrin-astur\/","title":{"rendered":"\u00abMitolox\u00eda \u00bb por Maestr\u00edn Astur"},"content":{"rendered":"<p style=\"text-align: center\"><strong>Maestr\u00edn Astur<\/strong>: <a href=\"https:\/\/www.instagram.com\/maestrinastur\/\">Instagram<\/a> \/<a href=\"https:\/\/www.youtube.com\/@maestrinastur\"> Youtube<\/a><\/p>\n<p style=\"text-align: center\"><span class=\"x193iq5w xeuugli x13faqbe x1vvkbs xt0psk2 x1i0vuye xvs91rp xo1l8bm x5n08af x10wh9bi xpm28yp x8viiok x1o7cslx x126k92a\"><span class=\"html-span xexx8yu x4uap5 x18d9i69 xkhd6sd x1hl2dhg x16tdsg8 x1vvkbs x3nfvp2 x1j61x8r x1fcty0u xdj266r xat24cr xgzva0m xhhsvwb xxymvpz xlup9mm x1kky2od\">\n<!-- iframe plugin v.6.0 wordpress.org\/plugins\/iframe\/ -->\n<iframe loading=\"lazy\" src=\"https:\/\/www.instagram.com\/reel\/DTfnXICE1mD\/embed\" width=\"360\" height=\"545\" 0=\"\/iframe\" scrolling=\"yes\" class=\"iframe-class\" frameborder=\"0\"><\/iframe>\n<\/span><\/span><\/p>\n<ul>\n<li><a href=\"https:\/\/www.instagram.com\/p\/DTfnXICE1mD\/\"><strong>El Dia\u00f1u Burll\u00f3n<\/strong><\/a> \ud83d\ude08 | El duende traviesu de la mitolox\u00eda asturiana. Ye un ser de la mitolox\u00eda asturiana conoc\u00edu poles sos chancies, enga\u00f1os y travesuras. Nun busca faer da\u00f1u, sin\u00f3n confundir y rise de quien se crucien nel so cam\u00edn, record\u00e1ndonos que non tolo misterioso ye malinu, sin\u00f3n tami\u00e9n p\u00edcaru y xuguet\u00f3n.<\/li>\n<\/ul>\n<p><!--more--><\/p>\n<p style=\"text-align: center\"><span class=\"x193iq5w xeuugli x13faqbe x1vvkbs xt0psk2 x1i0vuye xvs91rp xo1l8bm x5n08af x10wh9bi xpm28yp x8viiok x1o7cslx x126k92a\"><span class=\"html-span xexx8yu x4uap5 x18d9i69 xkhd6sd x1hl2dhg x16tdsg8 x1vvkbs x3nfvp2 x1j61x8r x1fcty0u xdj266r xat24cr xgzva0m xhhsvwb xxymvpz xlup9mm x1kky2od\">\n<!-- iframe plugin v.6.0 wordpress.org\/plugins\/iframe\/ -->\n<iframe loading=\"lazy\" src=\"https:\/\/www.instagram.com\/reel\/DTTPbWCE4bq\/embed\" width=\"360\" height=\"545\" 0=\"\/iframe\" scrolling=\"yes\" class=\"iframe-class\" frameborder=\"0\"><\/iframe>\n<\/span><\/span><\/p>\n<ul>\n<li><a href=\"https:\/\/www.instagram.com\/p\/DTTPbWCE4bq\/\"><strong>La Guaxa<\/strong><\/a> \ud83c\udf19 | El misteriu terror\u00edfico de la mitolox\u00eda asturiana. Ye unu de los seres m\u00e1s esmolecedores de la mitolox\u00eda asturiana. Seg\u00fan la tradici\u00f3n, apaez de nueche y acom\u00fa\u00f1ase a antig\u00fces creencies populares qu&#8217;entemecen mieu, misteriu y alvertencia. Nesti short te cuntamos qui\u00e9n ye la Guaxa, c\u00f3mo apaez nes lleendes y qu\u00e9 signific\u00e1u ten\u00eda dientro del imaxinariu tradicional asturianu.<\/li>\n<\/ul>\n<p style=\"text-align: center\"><span class=\"x193iq5w xeuugli x13faqbe x1vvkbs xt0psk2 x1i0vuye xvs91rp xo1l8bm x5n08af x10wh9bi xpm28yp x8viiok x1o7cslx x126k92a\"><span class=\"html-span xexx8yu x4uap5 x18d9i69 xkhd6sd x1hl2dhg x16tdsg8 x1vvkbs x3nfvp2 x1j61x8r x1fcty0u xdj266r xat24cr xgzva0m xhhsvwb xxymvpz xlup9mm x1kky2od\">\n<!-- iframe plugin v.6.0 wordpress.org\/plugins\/iframe\/ -->\n<iframe loading=\"lazy\" src=\"https:\/\/www.instagram.com\/reel\/DSumpyJEz97\/embed\" width=\"360\" height=\"545\" 0=\"\/iframe\" scrolling=\"yes\" class=\"iframe-class\" frameborder=\"0\"><\/iframe>\n<\/span><\/span><\/p>\n<ul>\n<li><a href=\"https:\/\/www.instagram.com\/p\/DSumpyJEz97\/\"><strong>\ud83c\udf32 Busgosu<\/strong> <\/a>| El guardi\u00e1n de los montes na mitolox\u00eda asturiana.Ye unu de los seres m\u00e1s fascinantes de la mitolox\u00eda asturiana: met\u00e1 home, met\u00e1 cabra, protector de los montes y de la naturaleza. Puede ayudar a quien respeta&#8217;l monte\u2026 o desorientar a quien lo estropien. Nesti reel te cuntamos qui\u00e9n ye, \u00f3nde apaez nes lleendes y qu\u00e9 valores tresmite esta figura tan amestada a la redolada natural.<\/li>\n<\/ul>\n<p style=\"text-align: center\"><span class=\"x193iq5w xeuugli x13faqbe x1vvkbs xt0psk2 x1i0vuye xvs91rp xo1l8bm x5n08af x10wh9bi xpm28yp x8viiok x1o7cslx x126k92a\"><span class=\"html-span xexx8yu x4uap5 x18d9i69 xkhd6sd x1hl2dhg x16tdsg8 x1vvkbs x3nfvp2 x1j61x8r x1fcty0u xdj266r xat24cr xgzva0m xhhsvwb xxymvpz xlup9mm x1kky2od\">\n<!-- iframe plugin v.6.0 wordpress.org\/plugins\/iframe\/ -->\n<iframe loading=\"lazy\" src=\"https:\/\/www.instagram.com\/reel\/DS2hZzSE37D\/embed\" width=\"360\" height=\"545\" 0=\"\/iframe\" scrolling=\"yes\" class=\"iframe-class\" frameborder=\"0\"><\/iframe>\n<\/span><\/span><\/p>\n<ul>\n<li><a href=\"https:\/\/www.instagram.com\/p\/DS2hZzSE37D\/\"><strong>\ud83c\udf2b\ufe0f La G\u00fcestia<\/strong><\/a> | El cortexu d&#8217;almes de la mitolox\u00eda asturiana. Ye una de les lleendes m\u00e1s estelantes de la mitolox\u00eda asturiana. Dizse que ye una procesi\u00f3n d&#8217;almes en pena que percuerre los caminos de nueche, anunciando desgracies o la muerte a quien la ven.<\/li>\n<\/ul>\n<p style=\"text-align: center\"><span class=\"x193iq5w xeuugli x13faqbe x1vvkbs xt0psk2 x1i0vuye xvs91rp xo1l8bm x5n08af x10wh9bi xpm28yp x8viiok x1o7cslx x126k92a\"><span class=\"html-span xexx8yu x4uap5 x18d9i69 xkhd6sd x1hl2dhg x16tdsg8 x1vvkbs x3nfvp2 x1j61x8r x1fcty0u xdj266r xat24cr xgzva0m xhhsvwb xxymvpz xlup9mm x1kky2od\">\n<!-- iframe plugin v.6.0 wordpress.org\/plugins\/iframe\/ -->\n<iframe loading=\"lazy\" src=\"https:\/\/www.instagram.com\/reel\/DSc1at_E2um\/embed\" width=\"360\" height=\"545\" 0=\"\/iframe\" scrolling=\"yes\" class=\"iframe-class\" frameborder=\"0\"><\/iframe>\n<\/span><\/span><\/p>\n<ul>\n<li>\ud83c\udf29\ufe0f<a href=\"https:\/\/www.instagram.com\/p\/DSc1at_E2um\/\"><strong> El Nuberu<\/strong> <\/a>| El se\u00f1or de les nubes na mitolox\u00eda asturiana. Sa\u00edes que na mitolox\u00eda asturiana esiste un ser capaz d&#8217;apoderar les nubes, el truenu y l&#8217;agua? El Nuberu ye una figura llexendaria rellacionada coles nubes y el clima, bien presente na tradici\u00f3n oral d&#8217;Asturies. Nesti short te cuntamos qui\u00e9n ye, qu\u00e9 simboliza y por qu\u00e9 yera tan tarrec\u00edu (y respet\u00e1u) pol pueblu.<\/li>\n<\/ul>\n<p style=\"text-align: center\"><span class=\"x193iq5w xeuugli x13faqbe x1vvkbs xt0psk2 x1i0vuye xvs91rp xo1l8bm x5n08af x10wh9bi xpm28yp x8viiok x1o7cslx x126k92a\"><span class=\"html-span xexx8yu x4uap5 x18d9i69 xkhd6sd x1hl2dhg x16tdsg8 x1vvkbs x3nfvp2 x1j61x8r x1fcty0u xdj266r xat24cr xgzva0m xhhsvwb xxymvpz xlup9mm x1kky2od\">\n<!-- iframe plugin v.6.0 wordpress.org\/plugins\/iframe\/ -->\n<iframe loading=\"lazy\" src=\"https:\/\/www.instagram.com\/reel\/DSVSksSE7WV\/embed\" width=\"360\" height=\"545\" 0=\"\/iframe\" scrolling=\"yes\" class=\"iframe-class\" frameborder=\"0\"><\/iframe>\n<\/span><\/span><\/p>\n<ul>\n<li><a href=\"https:\/\/www.instagram.com\/p\/DSVSksSE7WV\/\"><strong>\u2728 El Trasgu<\/strong><\/a> | El duende traviesu de la mitolox\u00eda asturiana. Ye unu de los seres m\u00e1s populares de la mitolox\u00eda asturiana: un peque\u00f1u duende bien traviesu qu&#8217;apaez en cases y cortes, mueve oxetos, fai ruios y nunca dexa les xeres bien feches.<\/li>\n<\/ul>\n<p style=\"text-align: center\"><span class=\"x193iq5w xeuugli x13faqbe x1vvkbs xt0psk2 x1i0vuye xvs91rp xo1l8bm x5n08af x10wh9bi xpm28yp x8viiok x1o7cslx x126k92a\"><span class=\"html-span xexx8yu x4uap5 x18d9i69 xkhd6sd x1hl2dhg x16tdsg8 x1vvkbs x3nfvp2 x1j61x8r x1fcty0u xdj266r xat24cr xgzva0m xhhsvwb xxymvpz xlup9mm x1kky2od\">\n<!-- iframe plugin v.6.0 wordpress.org\/plugins\/iframe\/ -->\n<iframe loading=\"lazy\" src=\"https:\/\/www.instagram.com\/reel\/DSQPcj8k-PZ\/embed\" width=\"360\" height=\"545\" 0=\"\/iframe\" scrolling=\"yes\" class=\"iframe-class\" frameborder=\"0\"><\/iframe>\n<\/span><\/span><\/p>\n<ul>\n<li>\ud83d\udc09<a href=\"https:\/\/www.instagram.com\/p\/DSQPcj8k-PZ\/\"><strong> El Cu\u00e9lebre<\/strong><\/a> | El drag\u00f3n de la mitolox\u00eda asturiana. Ye unu de los seres m\u00e1s impresionantes de la mitolox\u00eda asturiana: un gran drag\u00f3n o culiebra alada qu&#8217;habita cueves, montes y fontes, curiando ayalgues y protexendo a les Xanes. \ud83c\udf04\ud83d\udc8e Nesti reel te cunto qui\u00e9n ye, qu\u00e9 poderes tien y por qu\u00e9 forma parte de les lleendes m\u00e1s fascinantes d&#8217;Asturies.<\/li>\n<\/ul>\n<p style=\"text-align: center\"><span class=\"x193iq5w xeuugli x13faqbe x1vvkbs xt0psk2 x1i0vuye xvs91rp xo1l8bm x5n08af x10wh9bi xpm28yp x8viiok x1o7cslx x126k92a\"><span class=\"html-span xexx8yu x4uap5 x18d9i69 xkhd6sd x1hl2dhg x16tdsg8 x1vvkbs x3nfvp2 x1j61x8r x1fcty0u xdj266r xat24cr xgzva0m xhhsvwb xxymvpz xlup9mm x1kky2od\">\n<!-- iframe plugin v.6.0 wordpress.org\/plugins\/iframe\/ -->\n<iframe loading=\"lazy\" src=\"https:\/\/www.instagram.com\/reel\/DSK1KmpE4AP\/embed\" width=\"360\" height=\"545\" 0=\"\/iframe\" scrolling=\"yes\" class=\"iframe-class\" frameborder=\"0\"><\/iframe>\n<\/span><\/span><\/p>\n<ul>\n<li><a href=\"https:\/\/www.instagram.com\/p\/DSK1KmpE4AP\/\"><strong>\ud83e\uddda\u200d\u2640\ufe0f Les Xanes<\/strong><\/a> | La maxa escondida na mitolox\u00eda asturiana. Les Xanes, unu de los seres mitol\u00f3xicos m\u00e1s quer\u00edos d&#8217;Asturies, habiten en r\u00edos, fontes y manantiales. \ud83c\udf3f\ud83d\udca7Nesti reel te cunto qui\u00e9n son y c\u00f3mo formen parte de la tradici\u00f3n oral asturiana dende va sieglos.<\/li>\n<\/ul>\n","protected":false},"excerpt":{"rendered":"<p>Maestr\u00edn Astur: Instagram \/ Youtube El Dia\u00f1u Burll\u00f3n \ud83d\ude08 | El duende traviesu de la mitolox\u00eda asturiana. Ye un ser de la mitolox\u00eda asturiana conoc\u00edu poles sos chancies, enga\u00f1os y travesuras. Nun busca faer da\u00f1u, sin\u00f3n confundir y rise de quien se crucien nel so cam\u00edn, record\u00e1ndonos que non tolo misterioso ye malinu, sin\u00f3n tami\u00e9n [&hellip;]<\/p>\n","protected":false},"author":117,"featured_media":0,"comment_status":"closed","ping_status":"closed","sticky":false,"template":"","format":"standard","meta":{"footnotes":""},"categories":[488,226],"tags":[],"class_list":["post-65989","post","type-post","status-publish","format-standard","hentry","category-maestrin-astur","category-mitoloxia"],"_links":{"self":[{"href":"https:\/\/edublog.educastur.es\/ixuxu\/wp-json\/wp\/v2\/posts\/65989","targetHints":{"allow":["GET"]}}],"collection":[{"href":"https:\/\/edublog.educastur.es\/ixuxu\/wp-json\/wp\/v2\/posts"}],"about":[{"href":"https:\/\/edublog.educastur.es\/ixuxu\/wp-json\/wp\/v2\/types\/post"}],"author":[{"embeddable":true,"href":"https:\/\/edublog.educastur.es\/ixuxu\/wp-json\/wp\/v2\/users\/117"}],"replies":[{"embeddable":true,"href":"https:\/\/edublog.educastur.es\/ixuxu\/wp-json\/wp\/v2\/comments?post=65989"}],"version-history":[{"count":7,"href":"https:\/\/edublog.educastur.es\/ixuxu\/wp-json\/wp\/v2\/posts\/65989\/revisions"}],"predecessor-version":[{"id":66000,"href":"https:\/\/edublog.educastur.es\/ixuxu\/wp-json\/wp\/v2\/posts\/65989\/revisions\/66000"}],"wp:attachment":[{"href":"https:\/\/edublog.educastur.es\/ixuxu\/wp-json\/wp\/v2\/media?parent=65989"}],"wp:term":[{"taxonomy":"category","embeddable":true,"href":"https:\/\/edublog.educastur.es\/ixuxu\/wp-json\/wp\/v2\/categories?post=65989"},{"taxonomy":"post_tag","embeddable":true,"href":"https:\/\/edublog.educastur.es\/ixuxu\/wp-json\/wp\/v2\/tags?post=65989"}],"curies":[{"name":"wp","href":"https:\/\/api.w.org\/{rel}","templated":true}]}}