{"id":66020,"date":"2026-01-15T13:03:34","date_gmt":"2026-01-15T11:03:34","guid":{"rendered":"https:\/\/edublog.educastur.es\/ixuxu\/?p=66020"},"modified":"2026-02-03T11:27:24","modified_gmt":"2026-02-03T09:27:24","slug":"el-desconociu-pueblu-dasturies-con-mas-obres-darte-quhabitantes-villaoril","status":"publish","type":"post","link":"https:\/\/edublog.educastur.es\/ixuxu\/2026\/01\/el-desconociu-pueblu-dasturies-con-mas-obres-darte-quhabitantes-villaoril\/","title":{"rendered":"El desconoc\u00edu pueblu d&#8217;Asturies con m\u00e1s obres d&#8217;arte qu&#8217;habitantes: Villaoril"},"content":{"rendered":"<p>El desconoc\u00edu pueblu d&#8217;Asturies con m\u00e1s obres d&#8217;arte qu&#8217;habitantes: el dest\u00edn perfectu para afayar esti iviernu Escond\u00edu ente montes y silencios, esti enclave del conceyu d&#8217;Ibias tresform\u00f3se nun mus\u00e9u al campu gracies a una vecina con vocaci\u00f3n art\u00edstica, amor polo cotidiano y fondo conex\u00f3n cola so tierra. <a href=\"https:\/\/www.huffingtonpost.es\/life\/viajes\/en-pueblo-asturias-hay-mas-obras-arte-habitantes-conviven-arte-tradicion-naturaleza-f202602.html\">Huffintong Post<\/a> \/ <a href=\"https:\/\/www.instagram.com\/carloartspain\/\">IG<\/a> \/ <a href=\"https:\/\/www.elconfidencial.com\/viajes\/2026-01-13\/pueblo-asturias-obras-arte-vecinos-1tna-1qrt_4282895\/?fbclid=IwY2xjawPVpu5leHRuA2FlbQIxMQBzcnRjBmFwcF9pZBAyMjIwMzkxNzg4MjAwODkyAAEeGDBLSoo9N1l_J65RbApF2z8rp6ENV_N45xsCea2CrlGXQQivilgdTmUCbQc_aem_NZJpcgZsY4oAXJ9EoNNZrg\">El Confidencial<\/a><\/p>\n<p style=\"text-align: center\"><a href=\"https:\/\/images.ecestaticos.com\/0np6kGH4gEkWHXmBfuXH3YbBDUs=\/33x1:989x718\/557x418\/filters:fill(white):format(jpg)\/f.elconfidencial.com%2Foriginal%2Ffee%2F1cf%2F327%2Ffee1cf32712a94c0d47d59ce2c56f27f.jpg\"><img loading=\"lazy\" decoding=\"async\" class=\"alignnone size-large\" src=\"https:\/\/images.ecestaticos.com\/0np6kGH4gEkWHXmBfuXH3YbBDUs=\/33x1:989x718\/557x418\/filters:fill(white):format(jpg)\/f.elconfidencial.com%2Foriginal%2Ffee%2F1cf%2F327%2Ffee1cf32712a94c0d47d59ce2c56f27f.jpg\" width=\"557\" height=\"418\" \/><\/a><\/p>\n<p><a href=\"http:\/\/www.artemariadelroxo.com\">www.artemariadelroxo.com<\/a><br \/>\n<a class=\"x1i10hfl xjbqb8w x1ejq31n x18oe1m7 x1sy0etr xstzfhl x972fbf x10w94by x1qhh985 x14e42zd x9f619 x1ypdohk xt0psk2 x3ct3a4 xdj266r x14z9mp xat24cr x1lziwak xexx8yu xyri2b x18d9i69 x1c1uobl x16tdsg8 x1hl2dhg xggy1nq x1a2a7pz _aa9_ _a6hd\" role=\"link\" href=\"https:\/\/www.instagram.com\/explore\/tags\/eraseunavezvillaoril\/\">#eraseunavezvillaoril<\/a><br \/>\n<a class=\"x1i10hfl xjbqb8w x1ejq31n x18oe1m7 x1sy0etr xstzfhl x972fbf x10w94by x1qhh985 x14e42zd x9f619 x1ypdohk xt0psk2 x3ct3a4 xdj266r x14z9mp xat24cr x1lziwak xexx8yu xyri2b x18d9i69 x1c1uobl x16tdsg8 x1hl2dhg xggy1nq x1a2a7pz _aa9_ _a6hd\" role=\"link\" href=\"https:\/\/www.instagram.com\/explore\/tags\/ibias\/\">#ibias<\/a><br \/>\n<a class=\"x1i10hfl xjbqb8w x1ejq31n x18oe1m7 x1sy0etr xstzfhl x972fbf x10w94by x1qhh985 x14e42zd x9f619 x1ypdohk xt0psk2 x3ct3a4 xdj266r x14z9mp xat24cr x1lziwak xexx8yu xyri2b x18d9i69 x1c1uobl x16tdsg8 x1hl2dhg xggy1nq x1a2a7pz _aa9_ _a6hd\" role=\"link\" href=\"https:\/\/www.instagram.com\/explore\/tags\/ibiasellejanooeste\/\">#ibiasellejanooeste<\/a><br \/>\n<a class=\"x1i10hfl xjbqb8w x1ejq31n x18oe1m7 x1sy0etr xstzfhl x972fbf x10w94by x1qhh985 x14e42zd x9f619 x1ypdohk xt0psk2 x3ct3a4 xdj266r x14z9mp xat24cr x1lziwak xexx8yu xyri2b x18d9i69 x1c1uobl x16tdsg8 x1hl2dhg xggy1nq x1a2a7pz _aa9_ _a6hd\" role=\"link\" href=\"https:\/\/www.instagram.com\/explore\/tags\/artecomunitario\/\">#artecomunitario<\/a><br \/>\n<a class=\"x1i10hfl xjbqb8w x1ejq31n x18oe1m7 x1sy0etr xstzfhl x972fbf x10w94by x1qhh985 x14e42zd x9f619 x1ypdohk xt0psk2 x3ct3a4 xdj266r x14z9mp xat24cr x1lziwak xexx8yu xyri2b x18d9i69 x1c1uobl x16tdsg8 x1hl2dhg xggy1nq x1a2a7pz _aa9_ _a6hd\" role=\"link\" href=\"https:\/\/www.instagram.com\/explore\/tags\/proyectodeartecomunitario\/\">#proyectodeartecomunitario<\/a><br \/>\n<a class=\"x1i10hfl xjbqb8w x1ejq31n x18oe1m7 x1sy0etr xstzfhl x972fbf x10w94by x1qhh985 x14e42zd x9f619 x1ypdohk xt0psk2 x3ct3a4 xdj266r x14z9mp xat24cr x1lziwak xexx8yu xyri2b x18d9i69 x1c1uobl x16tdsg8 x1hl2dhg xggy1nq x1a2a7pz _aa9_ _a6hd\" role=\"link\" href=\"https:\/\/www.instagram.com\/explore\/tags\/mariadelroxo\/\">#mariadelroxo<\/a><br \/>\n<a class=\"x1i10hfl xjbqb8w x1ejq31n x18oe1m7 x1sy0etr xstzfhl x972fbf x10w94by x1qhh985 x14e42zd x9f619 x1ypdohk xt0psk2 x3ct3a4 xdj266r x14z9mp xat24cr x1lziwak xexx8yu xyri2b x18d9i69 x1c1uobl x16tdsg8 x1hl2dhg xggy1nq x1a2a7pz _aa9_ _a6hd\" role=\"link\" href=\"https:\/\/www.instagram.com\/explore\/tags\/arterural\/\">#arterural<\/a><\/p>\n<p><!--more--><\/p>\n<p>Villaoril, una pequena aldega nel conceyu d&#8217;Ibias, convirti\u00f3se nun inesper\u00e1u dest\u00edn d&#8217;iviernu gracies a <strong>un proyectu art\u00edsticu qu&#8217;enllen\u00f3 les sos cases de murales rurales y escultures que rinden homenaxe a los sos vecinos.<\/strong> Con solu dolce habitantes y m\u00e1s obres que persones censaes, esti rinc\u00f3n d&#8217;Asturies ye y\u00e1 un mus\u00e9u al campu en plenu monte.<\/p>\n<p>A g\u00fceyu, l&#8217;aldega paez otra m\u00e1s del occidente asturianu, colos sos teyaos de cayuela negra, horros tradicionales y un silenciu apenes rotu pol vientu. Pero al percorrer les sos cais, lo qu&#8217;apaez en puertes, ventanes y fachaes sospriende inclusive al visitante m\u00e1s sollerte: semeyes realistes, escenes dom\u00e9stiques y figures humanes que paecen formar parte del paisaxe. <strong>L&#8217;autora d&#8217;estes intervenciones ye Mar\u00eda del Roxo, una artista con raiga\u00f1os nel pueblu que tresform\u00f3 Villaoril nun escenariu art\u00edsticu \u00fanicu.<\/strong><\/p>\n<p><strong>Murales que cunten hestories<\/strong>.\u00a0Tou empez\u00f3 en 2008, cuando l&#8217;artista decidi\u00f3 enguapecer el llateral d&#8217;un garaxe con un mural dedic\u00e1u a los sos padres y otros vecinos. A\u00f1os dempu\u00e9s, la so iniciativa tom\u00f3 forma como proyectu colectivu sol t\u00edtulu <strong>\u00c9rase una vegada en Villaoril.<\/strong> De magar, pint\u00f3 a muyeres barriendo, paisanos apruc\u00edos a puertes part\u00edes o ne\u00f1es que reparen dende una falsa ventana, integrando la memoria viva del llugar con un estilu \u00edntimo y respetuoso.<\/p>\n<p>Les obres nun busquen l&#8217;impactu de los grandes murales urbanos, sin\u00f3n una integraci\u00f3n natural na arquitectura local. <strong>Tr\u00e1tase\u00a0 d&#8217;intervenciones pequenes, realizaes sobro madera o directamente nos murios, siempres utilizando materiales sostenibles.<\/strong> L&#8217;oxetivu nun ye solo atraer turismu rural, sin\u00f3n faer que l&#8217;aldega caltenga la so alma habitada, inclusive mientres los fr\u00edos meses d&#8217;iviernu.<\/p>\n<p>Arte, tradici\u00f3n y naturaleza n&#8217;Ibias<\/p>\n<p>Villaoril forma parte del conceyu d&#8217;Ibias, <strong>una zona poco transitada, pero rica en cultura, hestoria y paisaxes<\/strong>. Esti enclave fronterizu con Galicia y Lli\u00f3n foi territoriu aur\u00edfero del Imperiu romanu y caltien elementos etnogr\u00e1ficos \u00fanicos, como les palloces, les muertes de la cultura cunqueira o los vi\u00f1eos d&#8217;altu monte. Am\u00e1s, parte del so territoriu pertenez a la Reserva de la Biosfera Fuentes del Narcea, Dega\u00f1a y Ibias.<\/p>\n<p>Les rutes de senderismu, como la del Dolmen de Seroiro o l&#8217;Escobiu de Bustel\u00edn, sumense al curiosu cultural qu&#8217;agora ufierta Villaoril. Anque l&#8217;accesu nun ye inmediatu \u2014dos hores dende Uvi\u00e9u pola CL-626\u2014, el pagu ye un viaxe al coraz\u00f3n d&#8217;un pueblu que supo reinventase dende la so propia memoria. Y f\u00edzolo con pinceles, puertes abiertes y arte fechu a escala humana.<\/p>\n<p>La intervenci\u00f3n convirti\u00f3 a Villaoril nun dest\u00edn ivernizu alternativu. A tan solo dos hores aprosimao d&#8217;Uvi\u00e9u pola CL-626, el <strong>pueblu ufierta una visita que combina patrimoniu etnogr\u00e1ficu, arte y naturaleza<\/strong>. El conceyu d&#8217;Ibias, fronterizu con Galicia y Lli\u00f3n, forma parte de la contorna incluyida na Reserva de la Biosfera Fuentes del Narcea, Dega\u00f1a y Ibias, polo que tami\u00e9n ufierta un territoriu de gran riqueza natural y cultural para conocer.<\/p>\n<p>Para los impulsores del proyectu,<strong> la meta nun ye tantu convertir Villaoril nun reclamu masivu, sin\u00f3n caltener la so alma habitada\u201d<\/strong>, esto ye, que les obres acompa\u00f1en la vida diaria, calteniendo puertes abiertes y conversaciones ente quien siguen viviendo ell\u00ed y quien lleguen de visita.<strong> La resultancia ye un pueblu que supo reinventar la so propia memoria con pinceles y manos locales. Tou un mus\u00e9u pequenu, fechu a la midida de los sos vecinos.<\/strong><\/p>\n","protected":false},"excerpt":{"rendered":"<p>El desconoc\u00edu pueblu d&#8217;Asturies con m\u00e1s obres d&#8217;arte qu&#8217;habitantes: el dest\u00edn perfectu para afayar esti iviernu Escond\u00edu ente montes y silencios, esti enclave del conceyu d&#8217;Ibias tresform\u00f3se nun mus\u00e9u al campu gracies a una vecina con vocaci\u00f3n art\u00edstica, amor polo cotidiano y fondo conex\u00f3n cola so tierra. Huffintong Post \/ IG \/ El Confidencial www.artemariadelroxo.com [&hellip;]<\/p>\n","protected":false},"author":117,"featured_media":0,"comment_status":"closed","ping_status":"closed","sticky":false,"template":"","format":"standard","meta":{"footnotes":""},"categories":[89,22],"tags":[],"class_list":["post-66020","post","type-post","status-publish","format-standard","hentry","category-arte","category-pueblos"],"_links":{"self":[{"href":"https:\/\/edublog.educastur.es\/ixuxu\/wp-json\/wp\/v2\/posts\/66020","targetHints":{"allow":["GET"]}}],"collection":[{"href":"https:\/\/edublog.educastur.es\/ixuxu\/wp-json\/wp\/v2\/posts"}],"about":[{"href":"https:\/\/edublog.educastur.es\/ixuxu\/wp-json\/wp\/v2\/types\/post"}],"author":[{"embeddable":true,"href":"https:\/\/edublog.educastur.es\/ixuxu\/wp-json\/wp\/v2\/users\/117"}],"replies":[{"embeddable":true,"href":"https:\/\/edublog.educastur.es\/ixuxu\/wp-json\/wp\/v2\/comments?post=66020"}],"version-history":[{"count":4,"href":"https:\/\/edublog.educastur.es\/ixuxu\/wp-json\/wp\/v2\/posts\/66020\/revisions"}],"predecessor-version":[{"id":67327,"href":"https:\/\/edublog.educastur.es\/ixuxu\/wp-json\/wp\/v2\/posts\/66020\/revisions\/67327"}],"wp:attachment":[{"href":"https:\/\/edublog.educastur.es\/ixuxu\/wp-json\/wp\/v2\/media?parent=66020"}],"wp:term":[{"taxonomy":"category","embeddable":true,"href":"https:\/\/edublog.educastur.es\/ixuxu\/wp-json\/wp\/v2\/categories?post=66020"},{"taxonomy":"post_tag","embeddable":true,"href":"https:\/\/edublog.educastur.es\/ixuxu\/wp-json\/wp\/v2\/tags?post=66020"}],"curies":[{"name":"wp","href":"https:\/\/api.w.org\/{rel}","templated":true}]}}