{"id":66030,"date":"2026-01-15T10:03:48","date_gmt":"2026-01-15T08:03:48","guid":{"rendered":"https:\/\/edublog.educastur.es\/ixuxu\/?p=66030"},"modified":"2026-01-15T21:23:33","modified_gmt":"2026-01-15T19:23:33","slug":"presentacion-estand-y-la-programacion-quel-principau-lleva-a-fitur-2026","status":"publish","type":"post","link":"https:\/\/edublog.educastur.es\/ixuxu\/2026\/01\/presentacion-estand-y-la-programacion-quel-principau-lleva-a-fitur-2026\/","title":{"rendered":"Presentaci\u00f3n estand y la programaci\u00f3n que&#8217;l Princip\u00e1u lleva a FITUR 2026"},"content":{"rendered":"<p style=\"text-align: center\"><a href=\"https:\/\/actualidad.asturias.es\/documents\/537115\/3026069\/estand+5.jpg\/1451f52a-e77f-f299-ec4e-3c6dc211d1d8?t=1768480871669\"><img loading=\"lazy\" decoding=\"async\" class=\"aligncenter size-large\" src=\"https:\/\/actualidad.asturias.es\/documents\/537115\/3026069\/estand+5.jpg\/1451f52a-e77f-f299-ec4e-3c6dc211d1d8?t=1768480871669\" width=\"1920\" height=\"850\" \/><\/a><\/p>\n<p><a href=\"https:\/\/actualidad.asturias.es\/-\/estandfitur1501?redirect=%2Fnoticias\">Actualid\u00e1<\/a> \/ Asturies va promocionase en Fitur como \u00abdest\u00edn pa los 365 d\u00edes del a\u00f1u\u00bb.\u00a0El Princip\u00e1u celebra en <a href=\"https:\/\/www.ifema.es\/fitur\"><strong>Fitur<\/strong> <\/a>el <strong>40\u00ba aniversariu del turismu rural con un estand qu&#8217;amuesa Asturies como un dest\u00edn diversu, sostenible y curiosu mientres los dolce meses del a\u00f1u.<\/strong> La escenograf\u00eda utiliza materiales sostenibles para representar la cultura sidrera con un llamativu chigre-tienda que compaxina tradici\u00f3n, creativid\u00e1 y proyecci\u00f3n de futuru. RTPA<\/p>\n<p><!--more--><\/p>\n<p>El pabell\u00f3n combina innovaci\u00f3n tecnol\u00f3xica, identid\u00e1 y sofitu al sector con m\u00e1s espaciu para alcuentros profesionales y una programaci\u00f3n con casi mediu centenar d&#8217;actos.<\/p>\n<p>A lo llargo de les cinco xornaes, la cortil va disponer de <strong>dos mostradores d&#8217;informaci\u00f3n de manera permanente, unu sobro conten\u00edu xeneral y otru espec\u00edficu de Ciudaes d&#8217;Asturies.<\/strong><\/p>\n<p>El Gobiernu d&#8217;Asturies <strong>va celebrar na Feria Internacional de Turismu (Fitur) el cuarenta aniversariu del turismu rural con un estand inmersivo d&#8217;altu impactu visual<\/strong> que percuerre los cuatro aparques del a\u00f1u y proxecta una imaxe de dest\u00edn diversu, sostenible y curiosu mientres los dolce meses. La propuesta combina innovaci\u00f3n tecnol\u00f3xica, raiga\u00f1os territoriales y una clara vocaci\u00f3n de serviciu al sector.<\/p>\n<p>\u00abEl turismu rural forma parte del ADN d&#8217;Asturies y foi clave pa xenerar oportunidaes nos nuesos pueblos. En Fitur amosemos esi leg\u00e1u, pero tami\u00e9n c\u00f3mo lo proxectamos escontra&#8217;l futuru, con innovaci\u00f3n y con un apueste claru por un turismu activu tol a\u00f1u\u201d, destac\u00f3 la vicepresidenta del Princip\u00e1u, Gimena Llamedo, que present\u00f3 g\u00fcei el dise\u00f1u del estand y la programaci\u00f3n que&#8217;l Princip\u00e1u lleva a esti eventu de referencia pal turismu internacional, que se va celebrar del 21 al 25 de xineru en Ifema Madrid.<\/p>\n<p>La propuesta rinde homenaxe a cuatro d\u00e9cades de turismu rural como modelu pioneru, vencey\u00e1u al territoriu, a la naturaleza y a les comunidaes locales. Esi leg\u00e1u traducir nun llinguaxe contemporaneu, nel qu&#8217;identid\u00e1, emoci\u00f3n ya innovaci\u00f3n combinar pa proxectar el futuru del dest\u00edn.<\/p>\n<p>El estand incorpora un gran mapa interactivo que dexa esquizar los recursos tur\u00edsticos de tolos conceyos y una gu\u00eda virtual metahumana, denominada NELA Experience, que va interactuar col p\u00fablicu y va personalizar la informaci\u00f3n seg\u00fan los intereses de cada visitante<strong>. Equ\u00ed va dase a conocer el eslogan de la nueva campa\u00f1a de Turismo Asturies, que la so presentaci\u00f3n va abrir la programaci\u00f3n en Fitur 2026.<\/strong><\/p>\n<p>La cultura sidrera va cuntar con un espaciu propiu al travi\u00e9s de la recreaci\u00f3n d&#8217;un chigre-tienda que va ufiertar degustaciones de sidra y una esperiencia de realid\u00e1 virtual desenvuelta en collaboraci\u00f3n cola DOP Sidra d&#8217;Asturies, que va xunir tradici\u00f3n ya innovaci\u00f3n.<\/p>\n<p>Vocaci\u00f3n de serviciu al sector<\/p>\n<p>El dise\u00f1u refuerza tami\u00e9n el so papel como espaciu de trabayu y alcuentru profesional. El \u00e1gora central va acoyer 48 presentaciones a lo llargo del eventu, ente elles, la nueva campa\u00f1a tur\u00edstica del Princip\u00e1u, les nueves conexones a\u00e9rees y les meses redondes dedicaes a los pioneros del turismu rural, la cultura sidrera y los venceyos \u00e1stur-mexicanos, am\u00e1s de les actividaes impulsaes por conceyos, asociaciones y entidaes tur\u00edstiques de tola comunid\u00e1.<\/p>\n<p style=\"text-align: center\"><a href=\"https:\/\/actualidad.asturias.es\/documents\/537115\/3026069\/estand+6.jpg\/7b688f10-6c6f-1581-6964-247cdc2dd35f?t=1768480871576\"><img loading=\"lazy\" decoding=\"async\" class=\"aligncenter size-large\" src=\"https:\/\/actualidad.asturias.es\/documents\/537115\/3026069\/estand+6.jpg\/7b688f10-6c6f-1581-6964-247cdc2dd35f?t=1768480871576\" width=\"1920\" height=\"750\" \/><\/a><\/p>\n<p>L&#8217;accesu al pabell\u00f3n del Princip\u00e1u conc\u00edbese como una gran entrada audiovisual, protagonizada por pantalles LED de gran formatu y otres tresparentes d&#8217;\u00faltima xeneraci\u00f3n, qu&#8217;envolubren al visitante con imaxes de cascaes, sableres, montes y paisaxes nevaos. El percorr\u00edu ufierta un relatu sensorial que convida a afayar Asturies m\u00e1s all\u00e1 de la temporada alta y refuerza l&#8217;oxetivu de desestacionalizaci\u00f3n qu&#8217;emp\u00f3n la estratexa tur\u00edstica del Executivu.<\/p>\n<p><a href=\"https:\/\/actualidad.asturias.es\/documents\/537115\/3026069\/estand+4.jpg\/8a7f87a9-e700-b1b3-a9ff-c89a2cc6ddee?t=1768480871898\"><img loading=\"lazy\" decoding=\"async\" class=\"aligncenter size-large\" src=\"https:\/\/actualidad.asturias.es\/documents\/537115\/3026069\/estand+4.jpg\/8a7f87a9-e700-b1b3-a9ff-c89a2cc6ddee?t=1768480871898\" width=\"1000\" height=\"400\" \/><\/a><\/p>\n<p>La Terraza del Para\u00edsu, concebida como \u00e1rea empresarial, ampl\u00eda angua\u00f1o la so capacid\u00e1 y va dexar allugar xuntes de m\u00e1s de 120 participantes de forma simult\u00e1nea, lo que supera les cifres d&#8217;ediciones anteriores. <strong>La zona as\u00edtiase baxu una gran panera reinterpretada, un chisgo a l&#8217;arquitectura tradicional asturiana dende una mirada contemporanea.<\/strong> Coles mesmes, la \u00e1rea destinada a los medios de comunicaci\u00f3n dobla la so superficie p&#8217;ameyorar les condiciones de trabayu de la prensa acreditada.<\/p>\n<p style=\"text-align: center\"><a href=\"https:\/\/actualidad.asturias.es\/documents\/537115\/3026069\/estand+3.jpg\/197fac0a-8f36-079f-7dca-e3651381014c?t=1768480871749\"><img loading=\"lazy\" decoding=\"async\" class=\"aligncenter size-large\" src=\"https:\/\/actualidad.asturias.es\/documents\/537115\/3026069\/estand+3.jpg\/197fac0a-8f36-079f-7dca-e3651381014c?t=1768480871749\" width=\"1000\" height=\"400\" \/><\/a><\/p>\n<p>Actividaes pal p\u00fablicu y proyecci\u00f3n esterior<\/p>\n<p>Mientres la fin de selmana, la programaci\u00f3n va dirixir al p\u00fablicu xeneral, con actos y participatives como <strong>un roscu p&#8217;afayar Asturies lletra a lletra<\/strong>; demostraciones y degustaciones de productos con IGP (Choscu de Tin\u00e9u, Xata Asturiana y Miel d&#8217;Asturies); actividaes impulsaes pola Asociaci\u00f3n Quirosana de Turismu (Aquitur) en redol a la Sienda del Osu, y El Paxu, xuna esperiencia de realid\u00e1 virtual promovida pol Conceyu de Villaviciosa qu&#8217;avera la identid\u00e1 cultural y gastron\u00f3mico del territoriu al travi\u00e9s d&#8217;imaxes del artista Xurde Margaride.<\/p>\n<p>&nbsp;<\/p>\n<p>L&#8217;axenda va rematar el <strong>23 de xineru cola celebraci\u00f3n del D\u00eda d&#8217;Asturies<\/strong>, una xornada institucional que, al igual que&#8217;l conxuntu de presentaciones, va ser retresmitida en streaming pa reforzar la proyecci\u00f3n esterior como dest\u00edn de la comunid\u00e1 y l&#8217;accesu abiertu a los sos conten\u00edos.<\/p>\n<p>Tola informaci\u00f3n sobro la presencia d&#8217;Asturies en Fitur 2026, axenda actualizada, emisiones en directu y materiales informativos, etc., puede consultase nel siguiente enllaz \u00a0\u00a0<a href=\"https:\/\/www.turismoasturiasprofesional.es\/fitur2026\">www.turismoasturiasprofesional.es<\/a>\u00a0\u00a0y l&#8217;activid\u00e1 en redes sociales va espublizar so la etiqueta AsturiasenFitur.<\/p>\n<p style=\"text-align: center\"><a href=\"https:\/\/actualidad.asturias.es\/documents\/537115\/3026262\/2026_01_15+Vicepresidenta+presentaci%C3%B3n+estand+Fitur+%281%29.jpeg\/a5532959-ae4d-5309-d440-0bfe8f0c0c44?t=1768481133895\"><img loading=\"lazy\" decoding=\"async\" class=\"aligncenter size-large\" src=\"https:\/\/actualidad.asturias.es\/documents\/537115\/3026262\/2026_01_15+Vicepresidenta+presentaci%C3%B3n+estand+Fitur+%281%29.jpeg\/a5532959-ae4d-5309-d440-0bfe8f0c0c44?t=1768481133895\" width=\"1600\" height=\"1200\" \/><\/a><\/p>\n<p>Llamedo, que tuvo acompa\u00f1ada pola viceconseyera de Turismu, Lara Mart\u00ednez, anunci\u00f3 la publicaci\u00f3n de la convocatoria, ma\u00f1ana vienres, del programa de bonos tur\u00edsticos de 2026. Los establecimientos rurales van poder xuntase del 17 de xineru al 1 de febreru, y a partir del 2 de febreru van poder descargase los bonos hasta escosar el creitu disponible.<\/p>\n<p style=\"text-align: center\">\n<!-- iframe plugin v.6.0 wordpress.org\/plugins\/iframe\/ -->\n<iframe loading=\"lazy\" src=\"https:\/\/www.facebook.com\/plugins\/post.php?href=https%3A%2F%2Fwww.facebook.com%2FRTPAoficial%2Fposts%2Fpfbid0QZbFsaghECKFhgTSvYGD9CWE2ejfafJYce5mgid5krf4oHu92yNVtkVwPHbuXirol&#038;show_text=true&#038;width=500\" width=\"500\" height=\"558\" style=\"border:none;overflow:hidden\" scrolling=\"no\" frameborder=\"0\" allowfullscreen=\"true\" allow=\"autoplay; clipboard-write; encrypted-media; picture-in-picture; web-share\" 0=\"\/iframe\" class=\"iframe-class\"><\/iframe>\n<\/p>\n","protected":false},"excerpt":{"rendered":"<p>Actualid\u00e1 \/ Asturies va promocionase en Fitur como \u00abdest\u00edn pa los 365 d\u00edes del a\u00f1u\u00bb.\u00a0El Princip\u00e1u celebra en Fitur el 40\u00ba aniversariu del turismu rural con un estand qu&#8217;amuesa Asturies como un dest\u00edn diversu, sostenible y curiosu mientres los dolce meses del a\u00f1u. La escenograf\u00eda utiliza materiales sostenibles para representar la cultura sidrera con un [&hellip;]<\/p>\n","protected":false},"author":117,"featured_media":0,"comment_status":"closed","ping_status":"closed","sticky":false,"template":"","format":"standard","meta":{"footnotes":""},"categories":[167,18],"tags":[],"class_list":["post-66030","post","type-post","status-publish","format-standard","hentry","category-feries","category-turismu"],"_links":{"self":[{"href":"https:\/\/edublog.educastur.es\/ixuxu\/wp-json\/wp\/v2\/posts\/66030","targetHints":{"allow":["GET"]}}],"collection":[{"href":"https:\/\/edublog.educastur.es\/ixuxu\/wp-json\/wp\/v2\/posts"}],"about":[{"href":"https:\/\/edublog.educastur.es\/ixuxu\/wp-json\/wp\/v2\/types\/post"}],"author":[{"embeddable":true,"href":"https:\/\/edublog.educastur.es\/ixuxu\/wp-json\/wp\/v2\/users\/117"}],"replies":[{"embeddable":true,"href":"https:\/\/edublog.educastur.es\/ixuxu\/wp-json\/wp\/v2\/comments?post=66030"}],"version-history":[{"count":5,"href":"https:\/\/edublog.educastur.es\/ixuxu\/wp-json\/wp\/v2\/posts\/66030\/revisions"}],"predecessor-version":[{"id":66039,"href":"https:\/\/edublog.educastur.es\/ixuxu\/wp-json\/wp\/v2\/posts\/66030\/revisions\/66039"}],"wp:attachment":[{"href":"https:\/\/edublog.educastur.es\/ixuxu\/wp-json\/wp\/v2\/media?parent=66030"}],"wp:term":[{"taxonomy":"category","embeddable":true,"href":"https:\/\/edublog.educastur.es\/ixuxu\/wp-json\/wp\/v2\/categories?post=66030"},{"taxonomy":"post_tag","embeddable":true,"href":"https:\/\/edublog.educastur.es\/ixuxu\/wp-json\/wp\/v2\/tags?post=66030"}],"curies":[{"name":"wp","href":"https:\/\/api.w.org\/{rel}","templated":true}]}}