{"id":66059,"date":"2026-01-16T08:49:33","date_gmt":"2026-01-16T06:49:33","guid":{"rendered":"https:\/\/edublog.educastur.es\/ixuxu\/?p=66059"},"modified":"2026-01-16T09:52:22","modified_gmt":"2026-01-16T07:52:22","slug":"tiempu-nespana","status":"publish","type":"post","link":"https:\/\/edublog.educastur.es\/ixuxu\/2026\/01\/tiempu-nespana\/","title":{"rendered":"Tiempu n&#8217;Espa\u00f1a"},"content":{"rendered":"<p style=\"text-align: center\"><a href=\"https:\/\/services.meteored.com\/img\/article\/nieve-desierto-del-sahara-temporal-mediterraneo-1768456360176_1024.jpg\"><img loading=\"lazy\" decoding=\"async\" class=\"aligncenter size-large\" src=\"https:\/\/services.meteored.com\/img\/article\/nieve-desierto-del-sahara-temporal-mediterraneo-1768456360176_1024.jpg\" width=\"1024\" height=\"720\" \/><\/a><\/p>\n<p>Un poderosu chorru polar intensu y ondul\u00e1u va dexar a gran parte d&#8217;Espa\u00f1a en parte fr\u00eda\u00bb, trayendo socesives umbaes, frentes, vientu, mala mar y precipitaciones, dalgunes en forma de nieve. Esta situaci\u00f3n podr\u00eda dexar nieve nel norte del Sahara y un fuerte temporal mediterr\u00e1neu.<\/p>\n<p><!--more--><\/p>\n<p>Martes<\/p>\n<p style=\"text-align: center\"><a href=\"https:\/\/services.meteored.com\/img\/article\/nieve-desierto-del-sahara-temporal-mediterraneo-1768456794328_1024.png\"><img loading=\"lazy\" decoding=\"async\" class=\"aligncenter size-large\" src=\"https:\/\/services.meteored.com\/img\/article\/nieve-desierto-del-sahara-temporal-mediterraneo-1768456794328_1024.png\" width=\"975\" height=\"602\" \/><\/a><\/p>\n<p style=\"text-align: left\">Precipitaci\u00f3n acumulada hasta&#8217;l 20 de xineru de 2026 12 UTC: enriba, la total, y embaxo, en forma de nieve, seg\u00fan escala de colores. N\u00f3tese que podr\u00eden dase nevaes en zones del ermu norte africanu.<\/p>\n<p style=\"text-align: center\"><a href=\"https:\/\/services.meteored.com\/img\/article\/nieve-desierto-del-sahara-temporal-mediterraneo-1768456807114_1024.png\"><img loading=\"lazy\" decoding=\"async\" class=\"aligncenter size-large\" src=\"https:\/\/services.meteored.com\/img\/article\/nieve-desierto-del-sahara-temporal-mediterraneo-1768456807114_1024.png\" width=\"975\" height=\"602\" \/><\/a><\/p>\n","protected":false},"excerpt":{"rendered":"<p>Un poderosu chorru polar intensu y ondul\u00e1u va dexar a gran parte d&#8217;Espa\u00f1a en parte fr\u00eda\u00bb, trayendo socesives umbaes, frentes, vientu, mala mar y precipitaciones, dalgunes en forma de nieve. Esta situaci\u00f3n podr\u00eda dexar nieve nel norte del Sahara y un fuerte temporal mediterr\u00e1neu.<\/p>\n","protected":false},"author":117,"featured_media":0,"comment_status":"closed","ping_status":"closed","sticky":false,"template":"","format":"standard","meta":{"footnotes":""},"categories":[5],"tags":[],"class_list":["post-66059","post","type-post","status-publish","format-standard","hentry","category-tiempu"],"_links":{"self":[{"href":"https:\/\/edublog.educastur.es\/ixuxu\/wp-json\/wp\/v2\/posts\/66059","targetHints":{"allow":["GET"]}}],"collection":[{"href":"https:\/\/edublog.educastur.es\/ixuxu\/wp-json\/wp\/v2\/posts"}],"about":[{"href":"https:\/\/edublog.educastur.es\/ixuxu\/wp-json\/wp\/v2\/types\/post"}],"author":[{"embeddable":true,"href":"https:\/\/edublog.educastur.es\/ixuxu\/wp-json\/wp\/v2\/users\/117"}],"replies":[{"embeddable":true,"href":"https:\/\/edublog.educastur.es\/ixuxu\/wp-json\/wp\/v2\/comments?post=66059"}],"version-history":[{"count":1,"href":"https:\/\/edublog.educastur.es\/ixuxu\/wp-json\/wp\/v2\/posts\/66059\/revisions"}],"predecessor-version":[{"id":66060,"href":"https:\/\/edublog.educastur.es\/ixuxu\/wp-json\/wp\/v2\/posts\/66059\/revisions\/66060"}],"wp:attachment":[{"href":"https:\/\/edublog.educastur.es\/ixuxu\/wp-json\/wp\/v2\/media?parent=66059"}],"wp:term":[{"taxonomy":"category","embeddable":true,"href":"https:\/\/edublog.educastur.es\/ixuxu\/wp-json\/wp\/v2\/categories?post=66059"},{"taxonomy":"post_tag","embeddable":true,"href":"https:\/\/edublog.educastur.es\/ixuxu\/wp-json\/wp\/v2\/tags?post=66059"}],"curies":[{"name":"wp","href":"https:\/\/api.w.org\/{rel}","templated":true}]}}