{"id":6606,"date":"2021-06-01T09:00:16","date_gmt":"2021-06-01T07:00:16","guid":{"rendered":"https:\/\/edublog.educastur.es\/ixuxu\/?p=6606"},"modified":"2021-06-01T18:35:59","modified_gmt":"2021-06-01T16:35:59","slug":"dia-mundial-de-la-lleche","status":"publish","type":"post","link":"https:\/\/edublog.educastur.es\/ixuxu\/2021\/06\/dia-mundial-de-la-lleche\/","title":{"rendered":"D\u00eda Mundial de la lleche"},"content":{"rendered":"<p style=\"text-align: center\"><a href=\"https:\/\/imgbox.es\/images\/2021\/06\/01\/llecheb6aadc9d415d37b5.jpg\"><img loading=\"lazy\" decoding=\"async\" class=\"alignnone\" src=\"https:\/\/imgbox.es\/images\/2021\/06\/01\/llecheb6aadc9d415d37b5.jpg\" alt=\"\" width=\"495\" height=\"495\" \/><\/a><\/p>\n<p><span class=\"d2edcug0 hpfvmrgz qv66sw1b c1et5uql lr9zc1uh a8c37x1j keod5gw0 nxhoafnm aigsh9s9 d3f4x2em fe6kdd0r mau55g9w c8b282yb iv3no6db jq4qci2q a3bd9o3v knj5qynh oo9gr5id\" dir=\"auto\">G\u00fcei celebramos el d\u00eda d\u00b4esti alimentu b\u00e1sico desque nacemos y que permanez al nuesu llau para siempres. Un alimentu con fuerte vinculaci\u00f3n a la nuesa tierra y al que g\u00fcei rindimos homenaxe y recordamos la so importancia.<\/span><\/p>\n<p><!--more--><\/p>\n<p>El 1 de xunu celebra&#8217;l <span style=\"color: #008080\"><strong>D\u00eda Mundial de la Lleche<\/strong><\/span>, una fecha proclamada pola Organizaci\u00f3n de les Naciones Xun\u00edes para l&#8217;Agricultura y l&#8217;Alimentaci\u00f3n (FAO), coles mires de tratar cuestiones rellacionaes col sector llecheru en tol mundu y para incentivar el consumu de lleche en tol mundu.<\/p>\n<p>La lleche ye un alimentu bien nutritivo qu&#8217;apurre enerx\u00eda, prote\u00ednes y micronutrientes a qui\u00e9n la peracaben, y contrib\u00fai a amenorgar la fame y la desnutrici\u00f3n nel mundu. <span style=\"color: #008080\"><strong>Dizse que ye unu de los alimentos m\u00e1s completos qu&#8217;esisten<\/strong><\/span>. Bastante ye que, ye&#8217;l primer alimentu que tomen los seres humanos al nacer.<\/p>\n<p>Un vasu de lleche apurre aprosimao un 30% de la dosis diaria de calciu encamentada, elementu imprescindible para la formaci\u00f3n y desenvolvimientu de los g\u00fcesos. Am\u00e1s, contien otros nutrientes necesarios para la vida como f\u00f3sforu, magnesiu, cinc, yodu, seleniu y vitamines A, D y del complexu B. Tami\u00e9n contien \u00e1cidos grasos, hidratos de carbonu, prote\u00ednes y agua.<\/p>\n<p><span style=\"color: #008080\"><em>Am\u00e1s de lo m\u00e1s obviu, <span style=\"text-decoration: underline\">son m\u00faltiples los beneficios de consumir lleche y derivaos l\u00e1cteos, como yogures y quesos.<\/span><\/em><\/span><\/p>\n<p><span style=\"color: #008080\"><em>Ayuda a conciliar el sua\u00f1u. Siempres se dixo qu&#8217;un vasu de lleche caliente antes de chase diba bien pa relaxase.<\/em><\/span><br \/>\n<span style=\"color: #008080\"><em>Ye importante pa la hidrataci\u00f3n, y\u00e1 que contien gran cantid\u00e1 d&#8217;agua.<\/em><\/span><br \/>\n<span style=\"color: #008080\"><em>Previen enfermedaes cr\u00f3niques non trasmisibles como la diabetes, la hipertensi\u00f3n o trestornos cardiovasculares.<\/em><\/span><br \/>\n<span style=\"color: #008080\"><em>Ayuda a caltener los g\u00fcesos fuertes y sanos, gracies al calciu y otros elementos.<\/em><\/span><br \/>\n<span style=\"color: #008080\"><em>Previen les afecciones dentarias y bucales.<\/em><\/span><br \/>\n<span style=\"color: #008080\"><em>Neutraliza l&#8217;acidez estomacal y\u00e1 que ye un alimentu alcalino.<\/em><\/span><br \/>\n<span style=\"color: #008080\"><em>Promueve la crecedera de la flora bacteriana intestinal.<\/em><\/span><\/p>\n<p><span style=\"color: #008080\"><em>Encami\u00e9ntase l\u00b4ingesta de siquier tr\u00e9s porciones de l\u00e1cteos o derivaos al d\u00eda, siendo bien importante crear el vezu nos ne\u00f1os.<\/em><\/span><\/p>\n<p style=\"text-align: center\"><img loading=\"lazy\" decoding=\"async\" class=\"alignnone \" src=\"https:\/\/blogicalimentaria.files.wordpress.com\/2016\/06\/leche-de-vaca.jpg\" width=\"563\" height=\"374\" \/><\/p>\n<p style=\"text-align: center\"><a href=\"https:\/\/cadenapolitica.com\/wp-content\/uploads\/2020\/05\/20200528-MSDAH-Postal-Dia-Mundial-de-la-Leche.jpg\"><img loading=\"lazy\" decoding=\"async\" class=\"alignnone\" src=\"https:\/\/cadenapolitica.com\/wp-content\/uploads\/2020\/05\/20200528-MSDAH-Postal-Dia-Mundial-de-la-Leche.jpg\" alt=\"\" width=\"1654\" height=\"2048\" \/><\/a><\/p>\n","protected":false},"excerpt":{"rendered":"<p>G\u00fcei celebramos el d\u00eda d\u00b4esti alimentu b\u00e1sico desque nacemos y que permanez al nuesu llau para siempres. Un alimentu con fuerte vinculaci\u00f3n a la nuesa tierra y al que g\u00fcei rindimos homenaxe y recordamos la so importancia.<\/p>\n","protected":false},"author":117,"featured_media":0,"comment_status":"open","ping_status":"open","sticky":false,"template":"","format":"standard","meta":{"footnotes":""},"categories":[6],"tags":[],"class_list":["post-6606","post","type-post","status-publish","format-standard","hentry","category-dia-de"],"_links":{"self":[{"href":"https:\/\/edublog.educastur.es\/ixuxu\/wp-json\/wp\/v2\/posts\/6606","targetHints":{"allow":["GET"]}}],"collection":[{"href":"https:\/\/edublog.educastur.es\/ixuxu\/wp-json\/wp\/v2\/posts"}],"about":[{"href":"https:\/\/edublog.educastur.es\/ixuxu\/wp-json\/wp\/v2\/types\/post"}],"author":[{"embeddable":true,"href":"https:\/\/edublog.educastur.es\/ixuxu\/wp-json\/wp\/v2\/users\/117"}],"replies":[{"embeddable":true,"href":"https:\/\/edublog.educastur.es\/ixuxu\/wp-json\/wp\/v2\/comments?post=6606"}],"version-history":[{"count":3,"href":"https:\/\/edublog.educastur.es\/ixuxu\/wp-json\/wp\/v2\/posts\/6606\/revisions"}],"predecessor-version":[{"id":6609,"href":"https:\/\/edublog.educastur.es\/ixuxu\/wp-json\/wp\/v2\/posts\/6606\/revisions\/6609"}],"wp:attachment":[{"href":"https:\/\/edublog.educastur.es\/ixuxu\/wp-json\/wp\/v2\/media?parent=6606"}],"wp:term":[{"taxonomy":"category","embeddable":true,"href":"https:\/\/edublog.educastur.es\/ixuxu\/wp-json\/wp\/v2\/categories?post=6606"},{"taxonomy":"post_tag","embeddable":true,"href":"https:\/\/edublog.educastur.es\/ixuxu\/wp-json\/wp\/v2\/tags?post=6606"}],"curies":[{"name":"wp","href":"https:\/\/api.w.org\/{rel}","templated":true}]}}