{"id":66067,"date":"2026-01-16T08:30:07","date_gmt":"2026-01-16T06:30:07","guid":{"rendered":"https:\/\/edublog.educastur.es\/ixuxu\/?p=66067"},"modified":"2026-01-16T10:02:01","modified_gmt":"2026-01-16T08:02:01","slug":"el-tiempu-el-comercio-236","status":"publish","type":"post","link":"https:\/\/edublog.educastur.es\/ixuxu\/2026\/01\/el-tiempu-el-comercio-236\/","title":{"rendered":"El tiempu (El Comercio)"},"content":{"rendered":"<p style=\"text-align: center\"><a href=\"https:\/\/s2.ppllstatics.com\/elcomercio\/www\/multimedia\/2026\/01\/15\/tiempo-asturias-viernes-16-enero-kBLC-U2302588077118HVD-1200x870@El%20Comercio.jpg\"><img loading=\"lazy\" decoding=\"async\" class=\"aligncenter size-large\" src=\"https:\/\/s2.ppllstatics.com\/elcomercio\/www\/multimedia\/2026\/01\/15\/tiempo-asturias-viernes-16-enero-kBLC-U2302588077118HVD-1200x870@El%20Comercio.jpg\" width=\"1200\" height=\"870\" \/><\/a><\/p>\n<p>Vamos tar afectaos pel radiu d&#8217;acci\u00f3n d&#8217;una umbada alcontrada nes Isles Brit\u00e1niques y que se va dir averando a lo llargo de la fin de selmana. Comoquier, en ll\u00ednees xenerales y\u00e1 podemos adelantrar que nun nos espera una recta final de selmana especialmente inestable. Ello ye que esti vienres ye probable que s\u00eda&#8217;l d\u00eda que m\u00e1s precipitaciones se rexistren y asina tou van ser d\u00e9biles. <strong>Estes ag\u00fces<\/strong> van entrar pel oeste y van movese escontra l&#8217;oriente conforme vaiga avanzando la xornada. <strong>La cota de nieve<\/strong> va rondar los 900 metros aprosimao polo que nun se refuguen nevaes de calter d\u00e9bil en zones de monte.<strong> Los vientos<\/strong> van ser fluexos polo xeneral y les temperatures van baxar bien llixeramente nel casu de <strong>les m\u00e1ximes<\/strong> (1 o 2 \u00baC a lo sumo), y de forma daqu\u00e9 m\u00e1s significativa nel casu de <strong>les m\u00ednimes<\/strong> (hasta 4 \u00baC menos qu&#8217;esti xueves). Tocantes a la mar, vamos tar mientres tol d\u00eda n&#8217;avisu mariellu por foles d&#8217;hasta 4 o 5 metros d&#8217;altor.<\/p>\n<p><!--more--><\/p>\n<p><strong>El s\u00e1badu<\/strong>, a pesar de que la umbada va aver\u00e1ndose, esperamos xuna ma\u00f1ana con grandes claros nel cielu. S\u00eda que non, podr\u00eda reparase ciertu encl\u00edn a aumentar les nubes a la fin y nun se refuga dalg\u00fan bastiu con nieve a partir de los 800 metros. Les temperatures m\u00e1ximes van caltenese y les m\u00ednimes van siguir baxando. Vamos Siguir n&#8217;avisu mariellu mientres tol s\u00e1badu por foles d&#8217;hai<\/p>\n","protected":false},"excerpt":{"rendered":"<p>Vamos tar afectaos pel radiu d&#8217;acci\u00f3n d&#8217;una umbada alcontrada nes Isles Brit\u00e1niques y que se va dir averando a lo llargo de la fin de selmana. Comoquier, en ll\u00ednees xenerales y\u00e1 podemos adelantrar que nun nos espera una recta final de selmana especialmente inestable. Ello ye que esti vienres ye probable que s\u00eda&#8217;l d\u00eda que [&hellip;]<\/p>\n","protected":false},"author":117,"featured_media":0,"comment_status":"closed","ping_status":"closed","sticky":false,"template":"","format":"standard","meta":{"footnotes":""},"categories":[5],"tags":[],"class_list":["post-66067","post","type-post","status-publish","format-standard","hentry","category-tiempu"],"_links":{"self":[{"href":"https:\/\/edublog.educastur.es\/ixuxu\/wp-json\/wp\/v2\/posts\/66067","targetHints":{"allow":["GET"]}}],"collection":[{"href":"https:\/\/edublog.educastur.es\/ixuxu\/wp-json\/wp\/v2\/posts"}],"about":[{"href":"https:\/\/edublog.educastur.es\/ixuxu\/wp-json\/wp\/v2\/types\/post"}],"author":[{"embeddable":true,"href":"https:\/\/edublog.educastur.es\/ixuxu\/wp-json\/wp\/v2\/users\/117"}],"replies":[{"embeddable":true,"href":"https:\/\/edublog.educastur.es\/ixuxu\/wp-json\/wp\/v2\/comments?post=66067"}],"version-history":[{"count":3,"href":"https:\/\/edublog.educastur.es\/ixuxu\/wp-json\/wp\/v2\/posts\/66067\/revisions"}],"predecessor-version":[{"id":66070,"href":"https:\/\/edublog.educastur.es\/ixuxu\/wp-json\/wp\/v2\/posts\/66067\/revisions\/66070"}],"wp:attachment":[{"href":"https:\/\/edublog.educastur.es\/ixuxu\/wp-json\/wp\/v2\/media?parent=66067"}],"wp:term":[{"taxonomy":"category","embeddable":true,"href":"https:\/\/edublog.educastur.es\/ixuxu\/wp-json\/wp\/v2\/categories?post=66067"},{"taxonomy":"post_tag","embeddable":true,"href":"https:\/\/edublog.educastur.es\/ixuxu\/wp-json\/wp\/v2\/tags?post=66067"}],"curies":[{"name":"wp","href":"https:\/\/api.w.org\/{rel}","templated":true}]}}