{"id":66071,"date":"2026-01-16T09:00:57","date_gmt":"2026-01-16T07:00:57","guid":{"rendered":"https:\/\/edublog.educastur.es\/ixuxu\/?p=66071"},"modified":"2026-01-16T11:24:44","modified_gmt":"2026-01-16T09:24:44","slug":"dia-internacional-de-la-croqueta-2","status":"publish","type":"post","link":"https:\/\/edublog.educastur.es\/ixuxu\/2026\/01\/dia-internacional-de-la-croqueta-2\/","title":{"rendered":"D\u00eda Internacional de la croqueta"},"content":{"rendered":"<p>Una fecha dedicada a unu de los platos m\u00e1s simples y quer\u00edos de la gastronom\u00eda global. Con una hestoria que traviesa sieglos y fronteres, la croqueta convirtiose en s\u00edmbolu de creativid\u00e1 culinaria, aprovechamientu d&#8217;ingredientes y sabor popular.<\/p>\n<p style=\"text-align: center\"><a href=\"https:\/\/www.mdzol.com\/u\/fotografias\/m\/2023\/2\/18\/f1280x720-1365695_1497370_5050.jpg\"><img loading=\"lazy\" decoding=\"async\" class=\"aligncenter size-large\" src=\"https:\/\/www.mdzol.com\/u\/fotografias\/m\/2023\/2\/18\/f1280x720-1365695_1497370_5050.jpg\" width=\"1200\" height=\"675\" \/><\/a><\/p>\n<p><!--more--><\/p>\n<p>La fecha foi escoyida n&#8217;alusi\u00f3n al <strong>enraigono que la croqueta tien en pa\u00edses como Espa\u00f1a, Francia y delles rexones d&#8217;Am\u00e9rica Llatina<\/strong>, onde ocupa un llugar central tantu na cocina llariega como en chigres y restoranes. <strong>Anque&#8217;l so orixe ye europ\u00e9u,<\/strong> la croqueta tescendi\u00f3&#8217;l so contestu inicial para tresformase n&#8217;una preparaci\u00f3n global, con versiones duces y salaes, rellenos variaos y estilos que reflexen la identid\u00e1 gastron\u00f3mica de cada pa\u00eds.<\/p>\n<p>&nbsp;<\/p>\n<p style=\"text-align: center\">\n<!-- iframe plugin v.6.0 wordpress.org\/plugins\/iframe\/ -->\n<iframe loading=\"lazy\" src=\"https:\/\/www.facebook.com\/plugins\/post.php?href=https%3A%2F%2Fwww.facebook.com%2Falimentosdelparaisonatural%2Fposts%2Fpfbid03113VLPXZWrjxGN4wid1uEp8VsQQEDHsZYXtPARJifWBsqBef5JcGhPWQ6tarwB5Tl&#038;show_text=false&#038;width=500\" width=\"500\" height=\"498\" style=\"border:none;overflow:hidden\" scrolling=\"no\" frameborder=\"0\" allowfullscreen=\"true\" allow=\"autoplay; clipboard-write; encrypted-media; picture-in-picture; web-share\" 0=\"\/iframe\" class=\"iframe-class\"><\/iframe>\n<\/p>\n<p>El t\u00e9rminu \u201ccroqueta\u201d provien del franc\u00e9s croquer, que significa \u201ccruxir\u201d, una referencia directa a la so caracter\u00edstica testura esterior. Les primeres versiones surdieron en Francia mientres el sieglu XVIII, como<strong> una preparaci\u00f3n destinada a reutilizar sobres de carnes y salses.<\/strong><\/p>\n<p style=\"text-align: center\"><a href=\"https:\/\/www.ellitoral.com\/images\/2026\/01\/15\/ZMnyryxfz_1300x655__1.jpg\"><img loading=\"lazy\" decoding=\"async\" class=\"aligncenter size-large\" src=\"https:\/\/www.ellitoral.com\/images\/2026\/01\/15\/ZMnyryxfz_1300x655__1.jpg\" width=\"1300\" height=\"655\" \/><\/a><\/p>\n<p style=\"text-align: center\"><a href=\"https:\/\/i.pinimg.com\/originals\/e8\/28\/34\/e82834c11147d94e0e5660be6baa8048.jpg\"><img loading=\"lazy\" decoding=\"async\" class=\"aligncenter size-large\" src=\"https:\/\/i.pinimg.com\/originals\/e8\/28\/34\/e82834c11147d94e0e5660be6baa8048.jpg\" width=\"1000\" height=\"750\" \/><\/a><\/p>\n","protected":false},"excerpt":{"rendered":"<p>Una fecha dedicada a unu de los platos m\u00e1s simples y quer\u00edos de la gastronom\u00eda global. Con una hestoria que traviesa sieglos y fronteres, la croqueta convirtiose en s\u00edmbolu de creativid\u00e1 culinaria, aprovechamientu d&#8217;ingredientes y sabor popular.<\/p>\n","protected":false},"author":117,"featured_media":0,"comment_status":"closed","ping_status":"closed","sticky":false,"template":"","format":"standard","meta":{"footnotes":""},"categories":[138,6],"tags":[],"class_list":["post-66071","post","type-post","status-publish","format-standard","hentry","category-alimentos","category-dia-de"],"_links":{"self":[{"href":"https:\/\/edublog.educastur.es\/ixuxu\/wp-json\/wp\/v2\/posts\/66071","targetHints":{"allow":["GET"]}}],"collection":[{"href":"https:\/\/edublog.educastur.es\/ixuxu\/wp-json\/wp\/v2\/posts"}],"about":[{"href":"https:\/\/edublog.educastur.es\/ixuxu\/wp-json\/wp\/v2\/types\/post"}],"author":[{"embeddable":true,"href":"https:\/\/edublog.educastur.es\/ixuxu\/wp-json\/wp\/v2\/users\/117"}],"replies":[{"embeddable":true,"href":"https:\/\/edublog.educastur.es\/ixuxu\/wp-json\/wp\/v2\/comments?post=66071"}],"version-history":[{"count":6,"href":"https:\/\/edublog.educastur.es\/ixuxu\/wp-json\/wp\/v2\/posts\/66071\/revisions"}],"predecessor-version":[{"id":66077,"href":"https:\/\/edublog.educastur.es\/ixuxu\/wp-json\/wp\/v2\/posts\/66071\/revisions\/66077"}],"wp:attachment":[{"href":"https:\/\/edublog.educastur.es\/ixuxu\/wp-json\/wp\/v2\/media?parent=66071"}],"wp:term":[{"taxonomy":"category","embeddable":true,"href":"https:\/\/edublog.educastur.es\/ixuxu\/wp-json\/wp\/v2\/categories?post=66071"},{"taxonomy":"post_tag","embeddable":true,"href":"https:\/\/edublog.educastur.es\/ixuxu\/wp-json\/wp\/v2\/tags?post=66071"}],"curies":[{"name":"wp","href":"https:\/\/api.w.org\/{rel}","templated":true}]}}