{"id":66082,"date":"2026-01-16T15:00:21","date_gmt":"2026-01-16T13:00:21","guid":{"rendered":"https:\/\/edublog.educastur.es\/ixuxu\/?p=66082"},"modified":"2026-01-19T13:23:28","modified_gmt":"2026-01-19T11:23:28","slug":"66082","status":"publish","type":"post","link":"https:\/\/edublog.educastur.es\/ixuxu\/2026\/01\/66082\/","title":{"rendered":"XLIV Certame del Quesu Afuega&#8217;l Pitu y concursu casadielles"},"content":{"rendered":"<p>La Foz de Morc\u00edn sigue a\u00f1ediendo cites a l&#8217;axenda gastron\u00f3mica y d&#8217;ociu d&#8217;Asturies. L<strong>a localid\u00e1 va celebrar San Ant\u00f3n.<\/strong> Nel programa de festexos, el m\u00e1s que consolid\u00e1u Concursu Mundial de Casadielles de la Hermand\u00e1 de la Probe y una nueva edici\u00f3n del certame de quesu Afuega&#8217;l Pitu. <a href=\"https:\/\/doafuegalpitu.es\/?fbclid=IwY2xjawPZ9qRleHRuA2FlbQIxMABicmlkETFxR3UxQVhMSENNQmpsVDc2c3J0YwZhcHBfaWQQMjIyMDM5MTc4ODIwMDg5MgABHnlVlLCkxzykGQVKLv8Z2NCSzsVIxWaqcZSCz4YrPTUKLxD_nfSH9-4ieu5C_aem_FoAAsTF7MTpUXJYAIrKC6w\"><strong>Web<\/strong> <\/a>\/<\/p>\n<p style=\"text-align: center\"><span class=\"x193iq5w xeuugli x13faqbe x1vvkbs xt0psk2 x1i0vuye xvs91rp xo1l8bm x5n08af x10wh9bi xpm28yp x8viiok x1o7cslx x126k92a\"><span class=\"html-span xexx8yu x4uap5 x18d9i69 xkhd6sd x1hl2dhg x16tdsg8 x1vvkbs x3nfvp2 x1j61x8r x1fcty0u xdj266r xat24cr xgzva0m xhhsvwb xxymvpz xlup9mm x1kky2od\">\n<!-- iframe plugin v.6.0 wordpress.org\/plugins\/iframe\/ -->\n<iframe loading=\"lazy\" src=\"https:\/\/www.instagram.com\/reel\/DTkgpiFiNzC\/embed\" width=\"460\" height=\"595\" 0=\"\/iframe\" scrolling=\"yes\" class=\"iframe-class\" frameborder=\"0\"><\/iframe>\n<\/span><\/span><\/p>\n<p><span class=\"x193iq5w xeuugli x13faqbe x1vvkbs x1xmvt09 x1lliihq x1s928wv xhkezso x1gmr53x x1cpjm7i x1fgarty x1943h6x xudqn12 x3x7a5m x1f6kntn xvq8zen xo1l8bm xzsf02u x1yc453h\" dir=\"auto\"><span class=\"html-span xexx8yu xyri2b x18d9i69 x1c1uobl x1hl2dhg x16tdsg8 x1vvkbs x3nfvp2 x1j61x8r x1fcty0u xdj266r xat24cr xm2jcoa x1mpyi22 xxymvpz xlup9mm x1kky2od\"><img loading=\"lazy\" decoding=\"async\" class=\"xz74otr x15mokao x1ga7v0g x16uus16 xbiv7yw\" src=\"https:\/\/static.xx.fbcdn.net\/images\/emoji.php\/v9\/t3e\/1\/16\/1f9c0.png\" alt=\"\ud83e\uddc0\" width=\"16\" height=\"16\" \/><\/span><span class=\"html-span xexx8yu xyri2b x18d9i69 x1c1uobl x1hl2dhg x16tdsg8 x1vvkbs x3nfvp2 x1j61x8r x1fcty0u xdj266r xat24cr xm2jcoa x1mpyi22 xxymvpz xlup9mm x1kky2od\"><img loading=\"lazy\" decoding=\"async\" class=\"xz74otr x15mokao x1ga7v0g x16uus16 xbiv7yw\" src=\"https:\/\/static.xx.fbcdn.net\/images\/emoji.php\/v9\/tbd\/1\/16\/1f34f.png\" alt=\"\ud83c\udf4f\" width=\"16\" height=\"16\" \/><\/span>Una sidrer\u00eda de Xij\u00f3n paga 3.200 \u20ac pol lote ganador del XLIV Certamen del quesu Afuega\u2019l Pitu de Morc\u00edn. <\/span><\/p>\n<p><!--more--><\/p>\n<p style=\"text-align: center\"><span class=\"x193iq5w xeuugli x13faqbe x1vvkbs xt0psk2 x1i0vuye xvs91rp xo1l8bm x5n08af x10wh9bi xpm28yp x8viiok x1o7cslx x126k92a\"><span class=\"html-span xexx8yu x4uap5 x18d9i69 xkhd6sd x1hl2dhg x16tdsg8 x1vvkbs x3nfvp2 x1j61x8r x1fcty0u xdj266r xat24cr xgzva0m xhhsvwb xxymvpz xlup9mm x1kky2od\">\n<!-- iframe plugin v.6.0 wordpress.org\/plugins\/iframe\/ -->\n<iframe loading=\"lazy\" src=\"https:\/\/www.instagram.com\/reel\/DTddAvdimvS\/embed\" width=\"460\" height=\"595\" 0=\"\/iframe\" scrolling=\"yes\" class=\"iframe-class\" frameborder=\"0\"><\/iframe>\n<\/span><\/span><\/p>\n<p style=\"text-align: center\"><a href=\"https:\/\/doafuegalpitu.es\/wp-content\/uploads\/2026\/01\/Afuega-Certamen-Diptico-1-1024x746.jpg\"><img loading=\"lazy\" decoding=\"async\" class=\"aligncenter size-large\" src=\"https:\/\/doafuegalpitu.es\/wp-content\/uploads\/2026\/01\/Afuega-Certamen-Diptico-1-1024x746.jpg\" width=\"1024\" height=\"746\" \/><\/a><\/p>\n<p><strong>Fin de selmana de casadielles y quesu Afuega&#8217;l Pitu en La Foz de Morc\u00edn<\/strong>. Nueve restoranes de la contorna sumir a la celebraci\u00f3n de San Ant\u00f3n con men\u00faes qu&#8217;incl\u00fain pote de nabos como platu principal.<\/p>\n<p style=\"text-align: center\"><a href=\"https:\/\/doafuegalpitu.es\/wp-content\/uploads\/2026\/01\/Afuega-Certamen-Diptico-2-1536x1119.jpg\"><img loading=\"lazy\" decoding=\"async\" class=\"aligncenter size-large\" src=\"https:\/\/doafuegalpitu.es\/wp-content\/uploads\/2026\/01\/Afuega-Certamen-Diptico-2-1536x1119.jpg\" width=\"1536\" height=\"1119\" \/><\/a><\/p>\n<p><strong>El concursu de casadielle<\/strong>s, con categor\u00edes para aficionaos, profesionales y escueles, <strong>va tener llugar el s\u00e1badu 17<\/strong>. Los dulces van recibir a les 10 hores nel sal\u00f3n polivalente de la Escuela Llar y los premios van apurrir a les 13.30 hores. La fiesta va rematar con una degustaci\u00f3n popular del pote de nabos al cargu de la Confrer\u00eda de los Amigos de los Nabos.<\/p>\n<p style=\"text-align: center\"><a href=\"https:\/\/s2.ppllstatics.com\/elcomercio\/www\/multimedia\/2026\/01\/14\/casadielles-kjRE-U240836115801wTD-1200x840@El%20Comercio.jpg\"><img loading=\"lazy\" decoding=\"async\" class=\"aligncenter \" src=\"https:\/\/s2.ppllstatics.com\/elcomercio\/www\/multimedia\/2026\/01\/14\/casadielles-kjRE-U240836115801wTD-1200x840@El%20Comercio.jpg\" width=\"787\" height=\"551\" \/><\/a><\/p>\n<p>Am\u00e1s, diversos restoranes de la contorna sumir a la celebraci\u00f3n del santu patr\u00f3n de La Foz de Morc\u00edn sirviendo men\u00faes integraos por pote de nabos, casadielles y quesu Afuega&#8217;l Pitu. Los locales que los ufiertar\u00e1n son Chigre La Moncloa (Morc\u00edn), Parrilla El Ller\u00f3n y Chigre La Ponte (Riosa), Restor\u00e1n Lobato (La Ribera) y La Cava de Floro, El Fartuqu\u00edn, La Tabernilla d&#8217;Uvi\u00e9u, Chigre Camacho y El Llar de la Catedral (Uvi\u00e9u).<\/p>\n<p><strong>Siete queser\u00edes. <\/strong>Am\u00e1s del pote de nabos y les casadielles, tami\u00e9n el quesu Afuega&#8217;l Pitu va tener un escaparate propiu. El domingu 18, a partir de les 11 hores, les siete queser\u00edes ellaboradores van ufiertar los sos tradicionales productos, <strong>amparaos sol sellu Denominaci\u00f3n d&#8217;Orixe Protexida.<\/strong><\/p>\n<p>A les 12.30 hores, Margarita Mier va faer una demostraci\u00f3n de c\u00f3mo s&#8217;ellabora esti singular quesu asturiano y a les 13 hores, la directora de la Fundaci\u00f3n Princesa d&#8217;Asturies, Teresa Sanjurjo, va lleer el preg\u00f3n del certame.<\/p>\n<p>La entrega de los galardones Afuega&#8217;l Pitu d&#8217;Oru y Nabu de Plata, de los premios del concursu de platos ellaboraos col quesu protagonista de la xornada, la puya p\u00fablica de los productos premiaos (que la so recaldaci\u00f3n destinar al Bancu d&#8217;Alimentos d&#8217;Asturies), am\u00e1s de la entrega de premios del trail de monte celebr\u00e1u&#8217;l mesmu domingu completen la programaci\u00f3n del d\u00eda.<\/p>\n<p style=\"text-align: center\"><span class=\"x193iq5w xeuugli x13faqbe x1vvkbs xt0psk2 x1i0vuye xvs91rp xo1l8bm x5n08af x10wh9bi xpm28yp x8viiok x1o7cslx x126k92a\"><span class=\"html-span xexx8yu x4uap5 x18d9i69 xkhd6sd x1hl2dhg x16tdsg8 x1vvkbs x3nfvp2 x1j61x8r x1fcty0u xdj266r xat24cr xgzva0m xhhsvwb xxymvpz xlup9mm x1kky2od\">\n<!-- iframe plugin v.6.0 wordpress.org\/plugins\/iframe\/ -->\n<iframe loading=\"lazy\" src=\"https:\/\/www.instagram.com\/reel\/DTkgpiFiNzC\/embed\" width=\"460\" height=\"595\" 0=\"\/iframe\" scrolling=\"yes\" class=\"iframe-class\" frameborder=\"0\"><\/iframe>\n<\/span><\/span><\/p>\n<p style=\"text-align: center\">\n<!-- iframe plugin v.6.0 wordpress.org\/plugins\/iframe\/ -->\n<iframe loading=\"lazy\" src=\"https:\/\/www.facebook.com\/plugins\/post.php?href=https%3A%2F%2Fwww.facebook.com%2Fphoto.php%3Ffbid%3D1531767682282925%26set%3Da.519843683475335%26type%3D3&#038;show_text=false&#038;width=500\" width=\"500\" height=\"715\" style=\"border:none;overflow:hidden\" scrolling=\"no\" frameborder=\"0\" allowfullscreen=\"true\" allow=\"autoplay; clipboard-write; encrypted-media; picture-in-picture; web-share\" 0=\"\/iframe\" class=\"iframe-class\"><\/iframe>\n<\/p>\n<p style=\"text-align: center\">\n<!-- iframe plugin v.6.0 wordpress.org\/plugins\/iframe\/ -->\n<iframe loading=\"lazy\" width=\"100%\" height=\"440\" src=\"https:\/\/www.youtube.com\/embed\/p4sX2bznm3M\" title=\"Queso Afuega&#039;l Pitu DOP. El sabor del tiempo.\" frameborder=\"0\" allow=\"accelerometer; autoplay; clipboard-write; encrypted-media; gyroscope; picture-in-picture; web-share\" referrerpolicy=\"strict-origin-when-cross-origin\" 0=\"allowfullscreen\" 1=\"\/iframe\" scrolling=\"yes\" class=\"iframe-class\"><\/iframe>\n<\/p>\n<p style=\"text-align: center\">\n<!-- iframe plugin v.6.0 wordpress.org\/plugins\/iframe\/ -->\n<iframe loading=\"lazy\" src=\"https:\/\/www.facebook.com\/plugins\/video.php?height=476&#038;href=https%3A%2F%2Fwww.facebook.com%2Freel%2F1458356439052271%2F&#038;show_text=false&#038;width=476&#038;t=0\" width=\"476\" height=\"476\" style=\"border:none;overflow:hidden\" scrolling=\"no\" frameborder=\"0\" allowfullscreen=\"true\" allow=\"autoplay; clipboard-write; encrypted-media; picture-in-picture; web-share\" 0=\"\/iframe\" class=\"iframe-class\"><\/iframe>\n<\/p>\n<p style=\"text-align: center\"><a href=\"https:\/\/doafuegalpitu.es\/wp-content\/uploads\/2023\/08\/zona-geografica-671x311.jpg\"><img loading=\"lazy\" decoding=\"async\" class=\"aligncenter size-large\" src=\"https:\/\/doafuegalpitu.es\/wp-content\/uploads\/2023\/08\/zona-geografica-671x311.jpg\" width=\"671\" height=\"311\" \/><\/a><\/p>\n<p style=\"text-align: center\"><a href=\"https:\/\/doafuegalpitu.es\/wp-content\/uploads\/2023\/08\/quesos-699x511.jpg\"><img loading=\"lazy\" decoding=\"async\" class=\"aligncenter size-large\" src=\"https:\/\/doafuegalpitu.es\/wp-content\/uploads\/2023\/08\/quesos-699x511.jpg\" width=\"699\" height=\"511\" \/><\/a><\/p>\n","protected":false},"excerpt":{"rendered":"<p>La Foz de Morc\u00edn sigue a\u00f1ediendo cites a l&#8217;axenda gastron\u00f3mica y d&#8217;ociu d&#8217;Asturies. La localid\u00e1 va celebrar San Ant\u00f3n. Nel programa de festexos, el m\u00e1s que consolid\u00e1u Concursu Mundial de Casadielles de la Hermand\u00e1 de la Probe y una nueva edici\u00f3n del certame de quesu Afuega&#8217;l Pitu. Web \/ Una sidrer\u00eda de Xij\u00f3n paga 3.200 [&hellip;]<\/p>\n","protected":false},"author":117,"featured_media":0,"comment_status":"closed","ping_status":"closed","sticky":false,"template":"","format":"standard","meta":{"footnotes":""},"categories":[74,175,151],"tags":[],"class_list":["post-66082","post","type-post","status-publish","format-standard","hentry","category-certame","category-festival-gastronomicu","category-quesos"],"_links":{"self":[{"href":"https:\/\/edublog.educastur.es\/ixuxu\/wp-json\/wp\/v2\/posts\/66082","targetHints":{"allow":["GET"]}}],"collection":[{"href":"https:\/\/edublog.educastur.es\/ixuxu\/wp-json\/wp\/v2\/posts"}],"about":[{"href":"https:\/\/edublog.educastur.es\/ixuxu\/wp-json\/wp\/v2\/types\/post"}],"author":[{"embeddable":true,"href":"https:\/\/edublog.educastur.es\/ixuxu\/wp-json\/wp\/v2\/users\/117"}],"replies":[{"embeddable":true,"href":"https:\/\/edublog.educastur.es\/ixuxu\/wp-json\/wp\/v2\/comments?post=66082"}],"version-history":[{"count":11,"href":"https:\/\/edublog.educastur.es\/ixuxu\/wp-json\/wp\/v2\/posts\/66082\/revisions"}],"predecessor-version":[{"id":66287,"href":"https:\/\/edublog.educastur.es\/ixuxu\/wp-json\/wp\/v2\/posts\/66082\/revisions\/66287"}],"wp:attachment":[{"href":"https:\/\/edublog.educastur.es\/ixuxu\/wp-json\/wp\/v2\/media?parent=66082"}],"wp:term":[{"taxonomy":"category","embeddable":true,"href":"https:\/\/edublog.educastur.es\/ixuxu\/wp-json\/wp\/v2\/categories?post=66082"},{"taxonomy":"post_tag","embeddable":true,"href":"https:\/\/edublog.educastur.es\/ixuxu\/wp-json\/wp\/v2\/tags?post=66082"}],"curies":[{"name":"wp","href":"https:\/\/api.w.org\/{rel}","templated":true}]}}