{"id":66104,"date":"2026-01-17T18:02:39","date_gmt":"2026-01-17T16:02:39","guid":{"rendered":"https:\/\/edublog.educastur.es\/ixuxu\/?p=66104"},"modified":"2026-01-17T21:18:20","modified_gmt":"2026-01-17T19:18:20","slug":"ferla-megia-nueva-confirmacion-asturiana-pal-festival-interceltique-de-lorient","status":"publish","type":"post","link":"https:\/\/edublog.educastur.es\/ixuxu\/2026\/01\/ferla-megia-nueva-confirmacion-asturiana-pal-festival-interceltique-de-lorient\/","title":{"rendered":"Ferla Meg\u00eda, nueva confirmaci\u00f3n asturiana pal Festival Interceltique de Lorient"},"content":{"rendered":"<div class=\"elementor-element elementor-element-72daa04 e-con-full e-flex e-con e-child\" data-id=\"72daa04\" data-element_type=\"container\">\n<div class=\"elementor-element elementor-element-667e3c7 elementor-widget__width-inherit elementor-widget elementor-widget-theme-post-title elementor-page-title elementor-widget-heading\" data-id=\"667e3c7\" data-element_type=\"widget\" data-widget_type=\"theme-post-title.default\">\n<div class=\"elementor-widget-container\">\n<p class=\"elementor-heading-title elementor-size-default\">Ferla Meg\u00eda, nueva confirmaci\u00f3n asturiana pal Festival Interceltique de Lorient. <span style=\"font-size: 16px\">L&#8217;artista vanguardista toca nel festival celta m\u00e1s prestixosu, nel que tami\u00e9n van actuar Rub\u00e9n Alba y los ganadores del II Premiu \u00abLa Busdonga\u00bb. <a href=\"https:\/\/musicasturiana.com\/ferla-megia-nueva-confirmacion-asturiana-pal-festival-interceltique-de-lorient\/\">Musicasturiana.com<\/a><\/span><\/p>\n<\/div>\n<\/div>\n<div class=\"elementor-element elementor-element-6138e4e elementor-widget__width-inherit elementor-widget elementor-widget-theme-post-featured-image elementor-widget-image\" data-id=\"6138e4e\" data-element_type=\"widget\" data-widget_type=\"theme-post-featured-image.default\">\n<div class=\"elementor-widget-container\"><img loading=\"lazy\" decoding=\"async\" class=\"attachment-full size-full wp-image-46540\" src=\"https:\/\/musicasturiana.com\/wp-content\/uploads\/2026\/01\/ferla-promo-color.jpg\" alt=\"\" width=\"1200\" height=\"600\" \/><\/div>\n<\/div>\n<\/div>\n<p><!--more--><\/p>\n<div class=\"elementor-element elementor-element-a767a8c elementor-widget__width-inherit elementor-widget elementor-widget-theme-post-content\" data-id=\"a767a8c\" data-element_type=\"widget\" data-widget_type=\"theme-post-content.default\">\n<div class=\"elementor-widget-container\">\n<p>A finales de payares el\u00a0<strong>Festival Interc\u00e9lticu de Lorient\u00a0<\/strong>fizo\u2019l primer avance de programaci\u00f3n de la so pr\u00f3xima edici\u00f3n y y\u00e1 anunciaba l\u2019actuaci\u00f3n del gaiteru<strong>\u00a0Rub\u00e9n Alba<\/strong>; va una selmana anunc\u00edabase que los<a href=\"https:\/\/musicasturiana.com\/los-ganadores-del-ii-premiu-obdulia-alvarez-la-busdonga-dasturianada-van-actuar-en-lorient\/\">\u00a0ganadores del II Premiu Obdulia \u00c1lvarez \u00abLa Busdonga\u00bb d\u2019Asturianada<\/a>\u00a0\u2013<strong>Alicia Villanueva, N\u00e9stor D\u00edaz y Esteban Verdeja<\/strong>\u2013 van formar parte de la<strong>\u00a0delegaci\u00f3n asturiana<\/strong>; y agora\u2019l festival\u00a0<strong>m\u00e1s prestixosu del mundu celta\u00a0<\/strong>adelanta que tami\u00e9n\u00a0<strong>Ferla Meg\u00eda<\/strong>\u00a0va formar parte de la programaci\u00f3n oficial del certame.<\/p>\n<p style=\"text-align: center\">\n<!-- iframe plugin v.6.0 wordpress.org\/plugins\/iframe\/ -->\n<iframe data-testid=\"embed-iframe\" style=\"border-radius:12px\" src=\"https:\/\/open.spotify.com\/embed\/artist\/3uK6ZjRMhvkVah2RAiFg7Y?utm_source=generator\" width=\"100%\" height=\"352\" frameborder=\"0\" allowfullscreen allow=\"autoplay; clipboard-write; encrypted-media; fullscreen; picture-in-picture\" loading=\"lazy\" 0=\"\/iframe\" scrolling=\"yes\" class=\"iframe-class\"><\/iframe>\n<\/p>\n<p>Del<strong>\u00a031 de xunetu al 9 d\u2019agostu<\/strong>, la llocalid\u00e1 bretona de Lorient va acoyer la\u00a0<strong>55 edici\u00f3n\u00a0<\/strong>del\u00a0<em>Festival Interceltique<\/em>, qu\u2019esti a\u00f1u va tar dedic\u00e1u a\u00a0<strong>Cornualles<\/strong>. Asturies siempre ta bien presente nesti eventu y nesta edici\u00f3n suma a una de les\u00a0<strong>propuestes m\u00e1s vanguardistes\u00a0<\/strong>de la m\u00fasica\u2019l pa\u00eds, la de Ferla Meg\u00eda. M\u00fasica\u00a0<strong>tradicional, rap, ambient, pop, electr\u00f3nica<\/strong>\u2026 suenen nes composiciones d\u2019esti xoven m\u00fasicu sierense. Con dos trabayos publicaos,\u00a0<em>P\u00e1xaros 01\u00a0<\/em>y\u00a0<em>P\u00e1xaros 02<\/em>, foi\u2019l ganador el pas\u00e1u a\u00f1u del\u00a0<strong>XVII\u00a0Premiu Camaret\u00e1 al Meyor Cantar<\/strong> n\u2019asturianu.<\/p>\n<p>&nbsp;<\/p>\n<\/div>\n<\/div>\n","protected":false},"excerpt":{"rendered":"<p>Ferla Meg\u00eda, nueva confirmaci\u00f3n asturiana pal Festival Interceltique de Lorient. L&#8217;artista vanguardista toca nel festival celta m\u00e1s prestixosu, nel que tami\u00e9n van actuar Rub\u00e9n Alba y los ganadores del II Premiu \u00abLa Busdonga\u00bb. Musicasturiana.com<\/p>\n","protected":false},"author":117,"featured_media":0,"comment_status":"closed","ping_status":"closed","sticky":false,"template":"","format":"standard","meta":{"footnotes":""},"categories":[204,35,125],"tags":[],"class_list":["post-66104","post","type-post","status-publish","format-standard","hentry","category-festivales","category-musica","category-musicasturiana-com"],"_links":{"self":[{"href":"https:\/\/edublog.educastur.es\/ixuxu\/wp-json\/wp\/v2\/posts\/66104","targetHints":{"allow":["GET"]}}],"collection":[{"href":"https:\/\/edublog.educastur.es\/ixuxu\/wp-json\/wp\/v2\/posts"}],"about":[{"href":"https:\/\/edublog.educastur.es\/ixuxu\/wp-json\/wp\/v2\/types\/post"}],"author":[{"embeddable":true,"href":"https:\/\/edublog.educastur.es\/ixuxu\/wp-json\/wp\/v2\/users\/117"}],"replies":[{"embeddable":true,"href":"https:\/\/edublog.educastur.es\/ixuxu\/wp-json\/wp\/v2\/comments?post=66104"}],"version-history":[{"count":1,"href":"https:\/\/edublog.educastur.es\/ixuxu\/wp-json\/wp\/v2\/posts\/66104\/revisions"}],"predecessor-version":[{"id":66105,"href":"https:\/\/edublog.educastur.es\/ixuxu\/wp-json\/wp\/v2\/posts\/66104\/revisions\/66105"}],"wp:attachment":[{"href":"https:\/\/edublog.educastur.es\/ixuxu\/wp-json\/wp\/v2\/media?parent=66104"}],"wp:term":[{"taxonomy":"category","embeddable":true,"href":"https:\/\/edublog.educastur.es\/ixuxu\/wp-json\/wp\/v2\/categories?post=66104"},{"taxonomy":"post_tag","embeddable":true,"href":"https:\/\/edublog.educastur.es\/ixuxu\/wp-json\/wp\/v2\/tags?post=66104"}],"curies":[{"name":"wp","href":"https:\/\/api.w.org\/{rel}","templated":true}]}}