{"id":66135,"date":"2026-01-17T11:00:23","date_gmt":"2026-01-17T09:00:23","guid":{"rendered":"https:\/\/edublog.educastur.es\/ixuxu\/?p=66135"},"modified":"2026-01-17T22:46:02","modified_gmt":"2026-01-17T20:46:02","slug":"lasociacion-galban-cumple-25-anos","status":"publish","type":"post","link":"https:\/\/edublog.educastur.es\/ixuxu\/2026\/01\/lasociacion-galban-cumple-25-anos\/","title":{"rendered":"L&#8217;Asociaci\u00f3n Galb\u00e1n cumple 25 a\u00f1os."},"content":{"rendered":"<p style=\"text-align: center\"><a href=\"https:\/\/asociaciongalban.org\/wp-content\/uploads\/2024\/09\/galban-dark-v2.png\"><img loading=\"lazy\" decoding=\"async\" class=\"aligncenter \" src=\"https:\/\/asociaciongalban.org\/wp-content\/uploads\/2024\/09\/galban-dark-v2.png\" width=\"467\" height=\"124\" \/><\/a><\/p>\n<p>L&#8217;<a href=\"https:\/\/www.rtpa.es\/noticias-sociedad-ast\/2026-01-17\/L'Asociacion-Galban-cumple-25-a\u00f1os_111768655457.html\">Asociaci\u00f3n Galb\u00e1n cumple 25 a\u00f1os. <\/a>Angua\u00f1o plant\u00e9gense dos grandes retos: quieren que s&#8217;implante n&#8217;Asturies un programa para llongures supervivientes, para ameyorar el control de les remortines f\u00edsicu y psicol\u00f3xicu, y tami\u00e9n, ampliar los cuidaos paliativos pedi\u00e1tricos. Apuesta pol afitatamientu d&#8217;un programa pa llargos supervivientes y ampliar los cuidaos paliativos pedi\u00e1tricos. <a href=\"https:\/\/asociaciongalban.org\"><strong>ASOCIACI\u00d3N GALB\u00c1N<\/strong> <\/a>\/ Ig \/Facebook \/ <a href=\"https:\/\/asociaciongalban.org\/corre-con-galban\/\"><strong>CORRE CON GALB\u00c1N 2026<\/strong><\/a><\/p>\n<p style=\"text-align: center\"><a href=\"https:\/\/www.rtpa.es\/fotos\/\/26\/01\/20260117140432_RTPA7600873.webp\"><img loading=\"lazy\" decoding=\"async\" class=\"aligncenter size-large\" src=\"https:\/\/www.rtpa.es\/fotos\/\/26\/01\/20260117140432_RTPA7600873.webp\" width=\"853\" height=\"480\" \/><\/a><\/p>\n<p><!--more--><\/p>\n<p><span style=\"color: #ff6600\"><strong>La 8\u00aa Marcha Solidaria \u201cCuerre con Galb\u00e1n\u201d va celebrase&#8217;l DOMINGU 22 DE FEBRERU DE 2026 a les 12,00 hores<\/strong> <\/span>simult\u00e1neamente nos 78 conceyos del Princip\u00e1u d&#8217;Asturies. Los oxetivos de l&#8217;Asociaci\u00f3n Galb\u00e1n con esti eventu son: \u00a0<span style=\"color: #ff6600\">Visibilizar la llucha contra&#8217;l c\u00e1ncer infantil y \u00a0Destinar lo recaldao a proyectos d&#8217;investigaci\u00f3n sobro&#8217;l c\u00e1ncer infantil.<\/span><\/p>\n<p style=\"text-align: center\"><a href=\"https:\/\/api.321go.es\/Uploads\/Image\/Carrera\/134081942966012519.jpg\"><img loading=\"lazy\" decoding=\"async\" class=\"aligncenter size-large\" src=\"https:\/\/api.321go.es\/Uploads\/Image\/Carrera\/134081942966012519.jpg\" width=\"1000\" height=\"463\" \/><\/a><\/p>\n<p>Esti a\u00f1u plant\u00e9guense dos grandes retos: quieren que s\u2019afite n\u2019Asturies un programa pa llargos supervivientes, pa meyorar el control de les secueles f\u00edsiques y psicol\u00f3xiques, y tami\u00e9n, ampliar los cuidaos paliativos pedi\u00e1tricos.<\/p>\n<p>Va 13 a\u00f1os qu\u2019a Dar\u00edo Rodr\u00edguez, a los 17, diagnostic\u00e1ron-y un tumor cerebral. Tien visi\u00f3n doble, por mor d\u2019\u00fan de los tratamientos, pero esmolez-y que les secueles vayan a m\u00e1s.<\/p>\n<p>Dende l\u2019Asociaci\u00f3n Galb\u00e1n defenden qu\u2019Asturies cunte con un programa pa llargos supervivientes de c\u00e1ncer, como\u2019l qu\u2019hai, se\u00f1alen, en nueve grandes hospitales espa\u00f1oles. Apuesten por siguimientu total dempu\u00e9s del alta m\u00e9dica, con control de les probables secueles, recay\u00edes y coordinaci\u00f3n ente atenci\u00f3n primaria y especializada.<\/p>\n<p>Reclamen mayor financiaci\u00f3n pa les nueves terapies de c\u00e1ncer infantil, una enfermed\u00e1 rara.<\/p>\n<p>Una de les investigaciones que financia Galb\u00e1n c\u00e9ntrase na lleucemia linfobl\u00e1stica aguda, el 30 por cientu de los casos.<\/p>\n<p>Conf\u00eden tami\u00e9n en qu\u2019esti a\u00f1u medren los cuidaos paliativos.<\/p>\n<p>Galb\u00e1n cunta con ocho trabayadores, y munchos voluntarios, qu\u2019atienden a m\u00e1s de 280 families.<\/p>\n","protected":false},"excerpt":{"rendered":"<p>L&#8217;Asociaci\u00f3n Galb\u00e1n cumple 25 a\u00f1os. Angua\u00f1o plant\u00e9gense dos grandes retos: quieren que s&#8217;implante n&#8217;Asturies un programa para llongures supervivientes, para ameyorar el control de les remortines f\u00edsicu y psicol\u00f3xicu, y tami\u00e9n, ampliar los cuidaos paliativos pedi\u00e1tricos. Apuesta pol afitatamientu d&#8217;un programa pa llargos supervivientes y ampliar los cuidaos paliativos pedi\u00e1tricos. ASOCIACI\u00d3N GALB\u00c1N \/ Ig \/Facebook [&hellip;]<\/p>\n","protected":false},"author":117,"featured_media":0,"comment_status":"closed","ping_status":"closed","sticky":false,"template":"","format":"standard","meta":{"footnotes":""},"categories":[107,53,300],"tags":[],"class_list":["post-66135","post","type-post","status-publish","format-standard","hentry","category-aniversariu","category-asociaciones","category-enfermedaes"],"_links":{"self":[{"href":"https:\/\/edublog.educastur.es\/ixuxu\/wp-json\/wp\/v2\/posts\/66135","targetHints":{"allow":["GET"]}}],"collection":[{"href":"https:\/\/edublog.educastur.es\/ixuxu\/wp-json\/wp\/v2\/posts"}],"about":[{"href":"https:\/\/edublog.educastur.es\/ixuxu\/wp-json\/wp\/v2\/types\/post"}],"author":[{"embeddable":true,"href":"https:\/\/edublog.educastur.es\/ixuxu\/wp-json\/wp\/v2\/users\/117"}],"replies":[{"embeddable":true,"href":"https:\/\/edublog.educastur.es\/ixuxu\/wp-json\/wp\/v2\/comments?post=66135"}],"version-history":[{"count":5,"href":"https:\/\/edublog.educastur.es\/ixuxu\/wp-json\/wp\/v2\/posts\/66135\/revisions"}],"predecessor-version":[{"id":66140,"href":"https:\/\/edublog.educastur.es\/ixuxu\/wp-json\/wp\/v2\/posts\/66135\/revisions\/66140"}],"wp:attachment":[{"href":"https:\/\/edublog.educastur.es\/ixuxu\/wp-json\/wp\/v2\/media?parent=66135"}],"wp:term":[{"taxonomy":"category","embeddable":true,"href":"https:\/\/edublog.educastur.es\/ixuxu\/wp-json\/wp\/v2\/categories?post=66135"},{"taxonomy":"post_tag","embeddable":true,"href":"https:\/\/edublog.educastur.es\/ixuxu\/wp-json\/wp\/v2\/tags?post=66135"}],"curies":[{"name":"wp","href":"https:\/\/api.w.org\/{rel}","templated":true}]}}