{"id":66155,"date":"2026-01-02T10:00:45","date_gmt":"2026-01-02T08:00:45","guid":{"rendered":"https:\/\/edublog.educastur.es\/ixuxu\/?p=66155"},"modified":"2026-01-17T23:41:35","modified_gmt":"2026-01-17T21:41:35","slug":"consulta-publica-previa-de-la-llei-de-cultura-y-identida-dasturies","status":"publish","type":"post","link":"https:\/\/edublog.educastur.es\/ixuxu\/2026\/01\/consulta-publica-previa-de-la-llei-de-cultura-y-identida-dasturies\/","title":{"rendered":"Consulta p\u00fablica previa de la Llei de Cultura y Identid\u00e1 d\u2019Asturies"},"content":{"rendered":"<div class=\"html-div xdj266r x14z9mp xat24cr x1lziwak xexx8yu x1a8lsjc xf7dkkf xv54qhq\">\n<div class=\"html-div xdj266r x14z9mp xat24cr x1lziwak xexx8yu xyri2b x18d9i69 x1c1uobl x1jx94hy x78zum5 x1q0g3np\">\n<div class=\"x78zum5 xdt5ytf xz62fqu x16ldp7u\">\n<div class=\"xu06os2 x1ok221b\">\n<div class=\"html-div xdj266r x14z9mp xat24cr x1lziwak xexx8yu xyri2b x18d9i69 x1c1uobl\" data-ad-rendering-role=\"profile_name\">\n<ul>\n<li class=\"html-h3 x14z9mp xat24cr x1lziwak xexx8yu xyri2b x18d9i69 x1c1uobl x1vvkbs x1heor9g x1qlqyl8 x1pd3egz x1a2a7pz x1gslohp x1yc453h\"><span class=\"x1lliihq x6ikm8r x10wlt62 x1n2onr6\"><span class=\"xt0psk2\"><a class=\"x1i10hfl xjbqb8w x1ejq31n x18oe1m7 x1sy0etr xstzfhl x972fbf x10w94by x1qhh985 x14e42zd x9f619 x1ypdohk xt0psk2 x3ct3a4 xdj266r x14z9mp xat24cr x1lziwak xexx8yu xyri2b x18d9i69 x1c1uobl x16tdsg8 x1hl2dhg xggy1nq x1a2a7pz xkrqix3 x1sur9pj xzsf02u x1s688f\" role=\"link\" href=\"https:\/\/www.facebook.com\/culturaAST?__cft__[0]=AZYwwtfz1i5RcwQTFX1xRwZXU17AuvqsORsoD-5jD1YluSTVxhbNrDxBKyqBL1o3TDTvIB_365PGHr736zdZKqeaSNaCMLSo8LU7BVmz2SJSSaB65aFYTcfBq2pvH1AmNDIj7SKodGr33t5s9ORtnO8r8wPiHqLuakuVAOCbYa8soXtyyP-lrICWPIsqH8_uFHKWn1L2k96Rhd9L7s2fq-nZZeFsYDywIgcO7uxh4IQ1PQ&amp;__tn__=-UC%2CP-y-R\"><b class=\"html-b xdj266r x14z9mp xat24cr x1lziwak xexx8yu xyri2b x18d9i69 x1c1uobl x1hl2dhg x16tdsg8 x1vvkbs x1s688f\"><span class=\"html-span xdj266r x14z9mp xat24cr x1lziwak xexx8yu xyri2b x18d9i69 x1c1uobl x1hl2dhg x16tdsg8 x1vvkbs\">Conseyer\u00eda de Cultura, Pol\u00edtica Lling\u00fc\u00edstica y Deporte<\/span><\/b><\/a><\/span><\/span><\/li>\n<\/ul>\n<\/div>\n<\/div>\n<\/div>\n<\/div>\n<\/div>\n<div class=\"html-div xdj266r x14z9mp xat24cr x1lziwak xexx8yu xyri2b x18d9i69 x1c1uobl\" dir=\"auto\">\n<div class=\"html-div xdj266r x14z9mp xat24cr x1lziwak xexx8yu xyri2b x18d9i69 x1c1uobl\" dir=\"auto\">\n<div class=\"html-div xdj266r x14z9mp xat24cr x1lziwak xexx8yu xyri2b x18d9i69 x1c1uobl\" data-ad-rendering-role=\"story_message\">\n<div class=\"x1l90r2v x1iorvi4 x1g0dm76 xpdmqnj\" data-ad-comet-preview=\"message\" data-ad-preview=\"message\">\n<div class=\"x78zum5 xdt5ytf xz62fqu x16ldp7u\">\n<div class=\"xu06os2 x1ok221b\">\n<div class=\"html-div xdj266r x14z9mp xat24cr x1lziwak xexx8yu xyri2b x18d9i69 x1c1uobl\">\n<div class=\"xdj266r x14z9mp xat24cr x1lziwak x1vvkbs x126k92a\">\n<div dir=\"auto\"><span class=\"html-span xexx8yu xyri2b x18d9i69 x1c1uobl x1hl2dhg x16tdsg8 x1vvkbs x3nfvp2 x1j61x8r x1fcty0u xdj266r xat24cr xm2jcoa x1mpyi22 xxymvpz xlup9mm x1kky2od\"><img loading=\"lazy\" decoding=\"async\" class=\"xz74otr x15mokao x1ga7v0g x16uus16 xbiv7yw\" src=\"https:\/\/static.xx.fbcdn.net\/images\/emoji.php\/v9\/t39\/1\/16\/1f4e2.png\" alt=\"\ud83d\udce2\" width=\"16\" height=\"16\" \/><\/span><strong> Consulta p\u00fablica previa de la Llei de Cultura y Identid\u00e1 d\u2019Asturies.\u00a0 <\/strong>Abre\u2019l procesu de consulta p\u00fablica <strong>d&#8217;una norma imprescindible pa vertebrar el sistema cultural asturianu<\/strong> y meyorar la coordinaci\u00f3n ente instituciones, equipamientos y axentes culturales de tol territoriu.<\/div>\n<div dir=\"auto\"><\/div>\n<\/div>\n<div dir=\"auto\" style=\"text-align: center\">\n<!-- iframe plugin v.6.0 wordpress.org\/plugins\/iframe\/ -->\n<iframe loading=\"lazy\" src=\"https:\/\/www.facebook.com\/plugins\/post.php?href=https%3A%2F%2Fwww.facebook.com%2FculturaAST%2Fposts%2Fpfbid02dSv7EvMc9PuYTi8emtNQdzqQUHv3b8PQkJZcz2AT1rvA6ZEmK5dJvHL3WbBvJrWcl&#038;show_text=false&#038;width=500\" width=\"500\" height=\"333\" style=\"border:none;overflow:hidden\" scrolling=\"no\" frameborder=\"0\" allowfullscreen=\"true\" allow=\"autoplay; clipboard-write; encrypted-media; picture-in-picture; web-share\" 0=\"\/iframe\" class=\"iframe-class\"><\/iframe>\n<\/div>\n<div class=\"xdj266r x14z9mp xat24cr x1lziwak x1vvkbs x126k92a\">\n<div dir=\"auto\"><!--more--><\/div>\n<\/div>\n<div class=\"x14z9mp xat24cr x1lziwak x1vvkbs xtlvy1s x126k92a\">\n<ul>\n<li dir=\"auto\"><strong>La llei naz col oxetivu<\/strong> de garantizar y facer efectivos los derechos culturales de la ciudadan\u00eda y ordenar la organizaci\u00f3n p\u00fablica de la cultura, fortaleciendo&#8217;l sector cultural asturianu, impulsando la cooperaci\u00f3n con profesionales y empreses y creando l&#8217;Axencia Asturiana de les Industries Culturales como ferramienta clave pal so desarrollu.<\/li>\n<\/ul>\n<\/div>\n<div class=\"x14z9mp xat24cr x1lziwak x1vvkbs xtlvy1s x126k92a\">\n<ul>\n<li dir=\"auto\">Al tiempu, <strong>pon el focu na protecci\u00f3n, revalorizaci\u00f3n y tresmisi\u00f3n de la cultura asturiana y de les sos se\u00f1es d\u2019identid\u00e1<\/strong>, tanto nel so patrimoniu material como nel inmaterial.<\/li>\n<\/ul>\n<\/div>\n<div class=\"x14z9mp xat24cr x1lziwak x1vvkbs xtlvy1s x126k92a\">\n<div dir=\"auto\"><span class=\"html-span xexx8yu xyri2b x18d9i69 x1c1uobl x1hl2dhg x16tdsg8 x1vvkbs x3nfvp2 x1j61x8r x1fcty0u xdj266r xat24cr xm2jcoa x1mpyi22 xxymvpz xlup9mm x1kky2od\"><img loading=\"lazy\" decoding=\"async\" class=\"xz74otr x15mokao x1ga7v0g x16uus16 xbiv7yw\" src=\"https:\/\/static.xx.fbcdn.net\/images\/emoji.php\/v9\/t5c\/1\/16\/1f5d3.png\" alt=\"\ud83d\uddd3\" width=\"16\" height=\"16\" \/><\/span> Plazu pa realizar aportaciones:\u00a0 Puedes unviar les tos propuestes hasta\u2019l 3 de xineru de 2026 al corr\u00e9u <span class=\"html-span xexx8yu xyri2b x18d9i69 x1c1uobl x1hl2dhg x16tdsg8 x1vvkbs x3nfvp2 x1j61x8r x1fcty0u xdj266r xat24cr xm2jcoa x1mpyi22 xxymvpz xlup9mm x1kky2od\"><img loading=\"lazy\" decoding=\"async\" class=\"xz74otr x15mokao x1ga7v0g x16uus16 xbiv7yw\" src=\"https:\/\/static.xx.fbcdn.net\/images\/emoji.php\/v9\/tc0\/1\/16\/1f4e9.png\" alt=\"\ud83d\udce9\" width=\"16\" height=\"16\" \/><\/span> participa@asturias.org y al travi\u00e9s del sitiu web <span class=\"html-span xexx8yu xyri2b x18d9i69 x1c1uobl x1hl2dhg x16tdsg8 x1vvkbs x3nfvp2 x1j61x8r x1fcty0u xdj266r xat24cr xm2jcoa x1mpyi22 xxymvpz xlup9mm x1kky2od\"><img loading=\"lazy\" decoding=\"async\" class=\"xz74otr x15mokao x1ga7v0g x16uus16 xbiv7yw\" src=\"https:\/\/static.xx.fbcdn.net\/images\/emoji.php\/v9\/tb3\/1\/16\/1f517.png\" alt=\"\ud83d\udd17\" width=\"16\" height=\"16\" \/><\/span> <span class=\"html-span xdj266r x14z9mp xat24cr x1lziwak xexx8yu xyri2b x18d9i69 x1c1uobl x1hl2dhg x16tdsg8 x1vvkbs\"><a class=\"x1i10hfl xjbqb8w x1ejq31n x18oe1m7 x1sy0etr xstzfhl x972fbf x10w94by x1qhh985 x14e42zd x9f619 x1ypdohk xt0psk2 x3ct3a4 xdj266r x14z9mp xat24cr x1lziwak xexx8yu xyri2b x18d9i69 x1c1uobl x16tdsg8 x1hl2dhg xggy1nq x1a2a7pz xkrqix3 x1sur9pj x1fey0fg x1s688f\" role=\"link\" href=\"https:\/\/tinyurl.com\/5n9x2uhk?fbclid=IwZXh0bgNhZW0CMTAAYnJpZBExcUd1MUFYTEhDTUJqbFQ3NnNydGMGYXBwX2lkEDIyMjAzOTE3ODgyMDA4OTIAAR7Xl1AWsRiWuo_G86nkbSh0hV5Qnez5M2g9ziD4hcqdfeEKHAOOf64CZHDChA_aem_yTXhlUp2MNMlEgjJmv-bvg\" target=\"_blank\" rel=\"nofollow noopener noreferrer\">https:\/\/tinyurl.com\/5n9x2uhk <\/a><\/span>La to opini\u00f3n ye clave pa construyir una llei que reflexe la diversid\u00e1, la identid\u00e1 y la riqueza cultural d\u2019Asturies. Participa.<\/div>\n<\/div>\n<\/div>\n<\/div>\n<\/div>\n<\/div>\n<\/div>\n<\/div>\n<\/div>\n<p>&nbsp;<\/p>\n","protected":false},"excerpt":{"rendered":"<p>Conseyer\u00eda de Cultura, Pol\u00edtica Lling\u00fc\u00edstica y Deporte Consulta p\u00fablica previa de la Llei de Cultura y Identid\u00e1 d\u2019Asturies.\u00a0 Abre\u2019l procesu de consulta p\u00fablica d&#8217;una norma imprescindible pa vertebrar el sistema cultural asturianu y meyorar la coordinaci\u00f3n ente instituciones, equipamientos y axentes culturales de tol territoriu.<\/p>\n","protected":false},"author":117,"featured_media":0,"comment_status":"closed","ping_status":"closed","sticky":false,"template":"","format":"standard","meta":{"footnotes":""},"categories":[342,289],"tags":[],"class_list":["post-66155","post","type-post","status-publish","format-standard","hentry","category-encuestes","category-lleis"],"_links":{"self":[{"href":"https:\/\/edublog.educastur.es\/ixuxu\/wp-json\/wp\/v2\/posts\/66155","targetHints":{"allow":["GET"]}}],"collection":[{"href":"https:\/\/edublog.educastur.es\/ixuxu\/wp-json\/wp\/v2\/posts"}],"about":[{"href":"https:\/\/edublog.educastur.es\/ixuxu\/wp-json\/wp\/v2\/types\/post"}],"author":[{"embeddable":true,"href":"https:\/\/edublog.educastur.es\/ixuxu\/wp-json\/wp\/v2\/users\/117"}],"replies":[{"embeddable":true,"href":"https:\/\/edublog.educastur.es\/ixuxu\/wp-json\/wp\/v2\/comments?post=66155"}],"version-history":[{"count":1,"href":"https:\/\/edublog.educastur.es\/ixuxu\/wp-json\/wp\/v2\/posts\/66155\/revisions"}],"predecessor-version":[{"id":66156,"href":"https:\/\/edublog.educastur.es\/ixuxu\/wp-json\/wp\/v2\/posts\/66155\/revisions\/66156"}],"wp:attachment":[{"href":"https:\/\/edublog.educastur.es\/ixuxu\/wp-json\/wp\/v2\/media?parent=66155"}],"wp:term":[{"taxonomy":"category","embeddable":true,"href":"https:\/\/edublog.educastur.es\/ixuxu\/wp-json\/wp\/v2\/categories?post=66155"},{"taxonomy":"post_tag","embeddable":true,"href":"https:\/\/edublog.educastur.es\/ixuxu\/wp-json\/wp\/v2\/tags?post=66155"}],"curies":[{"name":"wp","href":"https:\/\/api.w.org\/{rel}","templated":true}]}}