{"id":66188,"date":"2026-01-18T08:30:49","date_gmt":"2026-01-18T06:30:49","guid":{"rendered":"https:\/\/edublog.educastur.es\/ixuxu\/?p=66188"},"modified":"2026-01-18T15:19:14","modified_gmt":"2026-01-18T13:19:14","slug":"el-tiempu-el-comercio-237","status":"publish","type":"post","link":"https:\/\/edublog.educastur.es\/ixuxu\/2026\/01\/el-tiempu-el-comercio-237\/","title":{"rendered":"El tiempu (El Comercio)"},"content":{"rendered":"<p style=\"text-align: center\"><a href=\"https:\/\/s1.ppllstatics.com\/elcomercio\/www\/multimedia\/2026\/01\/17\/tiempo-asturias-domingo-18-enero-kGTH-U2302588077118HVD-1200x870@El%20Comercio.jpg\"><img loading=\"lazy\" decoding=\"async\" class=\"aligncenter size-large\" src=\"https:\/\/s1.ppllstatics.com\/elcomercio\/www\/multimedia\/2026\/01\/17\/tiempo-asturias-domingo-18-enero-kGTH-U2302588077118HVD-1200x870@El%20Comercio.jpg\" width=\"1200\" height=\"870\" \/><\/a><\/p>\n<p>Esperamos cielos bien nublos con bastios xeneralizaos que van ser m\u00e1s abondosos <strong>mientres la ma\u00f1ana<\/strong>. La zona central y oriental van ser les m\u00e1s afectaes pero tami\u00e9n s&#8217;esperen ag\u00fces nel occidente. <strong>La cota de nieve<\/strong> va empezar sobro los 900 metros y va dir xubiendo hasta los 1100 metros nes hores centrales, pudiendo baxar a los 1000 a la fin de la xornada cuando les precipitaciones van ser muncho menos probables y, inclusive, inesistentes. <strong>Les temperatures m\u00e1ximes<\/strong> apenes van variar al respective de les anotaes el s\u00e1badu.<strong> Les m\u00ednimes<\/strong> van caltener nel occidente y van xubir nel restu del Princip\u00e1u, especialmente na zona central asturiana. <strong>Los vientos<\/strong> van soplar de componente norte con raches moderaes.<\/p>\n<p><!--more--><\/p>\n<p><strong>El llunes<\/strong> vamos empezar la selmana con estabilid\u00e1 mientres la primer parte del d\u00eda, pero van dir aumentando les nubes col intre de les hores con posibilid\u00e1 de precipitaciones entrando pol occidente. Les temperatures m\u00e1ximes tampoco se van ver alteriaes, pero les m\u00ednimes van baxar onde esti s\u00e1badu van xubir, esto ye, nel centru y nel oriente. Los vientos van predominar de componente oeste.<\/p>\n","protected":false},"excerpt":{"rendered":"<p>Esperamos cielos bien nublos con bastios xeneralizaos que van ser m\u00e1s abondosos mientres la ma\u00f1ana. La zona central y oriental van ser les m\u00e1s afectaes pero tami\u00e9n s&#8217;esperen ag\u00fces nel occidente. La cota de nieve va empezar sobro los 900 metros y va dir xubiendo hasta los 1100 metros nes hores centrales, pudiendo baxar a [&hellip;]<\/p>\n","protected":false},"author":117,"featured_media":0,"comment_status":"closed","ping_status":"closed","sticky":false,"template":"","format":"standard","meta":{"footnotes":""},"categories":[5],"tags":[],"class_list":["post-66188","post","type-post","status-publish","format-standard","hentry","category-tiempu"],"_links":{"self":[{"href":"https:\/\/edublog.educastur.es\/ixuxu\/wp-json\/wp\/v2\/posts\/66188","targetHints":{"allow":["GET"]}}],"collection":[{"href":"https:\/\/edublog.educastur.es\/ixuxu\/wp-json\/wp\/v2\/posts"}],"about":[{"href":"https:\/\/edublog.educastur.es\/ixuxu\/wp-json\/wp\/v2\/types\/post"}],"author":[{"embeddable":true,"href":"https:\/\/edublog.educastur.es\/ixuxu\/wp-json\/wp\/v2\/users\/117"}],"replies":[{"embeddable":true,"href":"https:\/\/edublog.educastur.es\/ixuxu\/wp-json\/wp\/v2\/comments?post=66188"}],"version-history":[{"count":1,"href":"https:\/\/edublog.educastur.es\/ixuxu\/wp-json\/wp\/v2\/posts\/66188\/revisions"}],"predecessor-version":[{"id":66189,"href":"https:\/\/edublog.educastur.es\/ixuxu\/wp-json\/wp\/v2\/posts\/66188\/revisions\/66189"}],"wp:attachment":[{"href":"https:\/\/edublog.educastur.es\/ixuxu\/wp-json\/wp\/v2\/media?parent=66188"}],"wp:term":[{"taxonomy":"category","embeddable":true,"href":"https:\/\/edublog.educastur.es\/ixuxu\/wp-json\/wp\/v2\/categories?post=66188"},{"taxonomy":"post_tag","embeddable":true,"href":"https:\/\/edublog.educastur.es\/ixuxu\/wp-json\/wp\/v2\/tags?post=66188"}],"curies":[{"name":"wp","href":"https:\/\/api.w.org\/{rel}","templated":true}]}}