{"id":6619,"date":"2021-06-01T18:55:01","date_gmt":"2021-06-01T16:55:01","guid":{"rendered":"https:\/\/edublog.educastur.es\/ixuxu\/?p=6619"},"modified":"2021-06-01T18:55:01","modified_gmt":"2021-06-01T16:55:01","slug":"x-concursu-cancion-asturiana-conceyu-siero","status":"publish","type":"post","link":"https:\/\/edublog.educastur.es\/ixuxu\/2021\/06\/x-concursu-cancion-asturiana-conceyu-siero\/","title":{"rendered":"X Concursu Canci\u00f3n Asturiana Conceyu Siero"},"content":{"rendered":"<p style=\"text-align: center\"><a href=\"https:\/\/scontent.fmad7-1.fna.fbcdn.net\/v\/t1.6435-9\/193661547_246391817284144_5800134935840382982_n.png?_nc_cat=101&amp;ccb=1-3&amp;_nc_sid=730e14&amp;_nc_ohc=kZ3DNGgdkAEAX9g3hPX&amp;_nc_ht=scontent.fmad7-1.fna&amp;oh=7fd38f19c76b18930f3644c68d019937&amp;oe=60DB8103\"><img loading=\"lazy\" decoding=\"async\" class=\"alignnone\" src=\"https:\/\/scontent.fmad7-1.fna.fbcdn.net\/v\/t1.6435-9\/193661547_246391817284144_5800134935840382982_n.png?_nc_cat=101&amp;ccb=1-3&amp;_nc_sid=730e14&amp;_nc_ohc=kZ3DNGgdkAEAX9g3hPX&amp;_nc_ht=scontent.fmad7-1.fna&amp;oh=7fd38f19c76b18930f3644c68d019937&amp;oe=60DB8103\" alt=\"\" width=\"400\" height=\"563\" \/><\/a><\/p>\n<p><span class=\"d2edcug0 hpfvmrgz qv66sw1b c1et5uql lr9zc1uh a8c37x1j keod5gw0 nxhoafnm aigsh9s9 d3f4x2em fe6kdd0r mau55g9w c8b282yb iv3no6db jq4qci2q a3bd9o3v knj5qynh oo9gr5id\" dir=\"auto\">Zarr\u00e1u y\u00e1&#8217;l plazu y con tola maquinaria preparada pa entamar esti pr\u00f3simu domingu nel Teatru Auditoriu CPI Llugones, la organizaci\u00f3n d&#8217;esti Concursu de Canci\u00f3n Asturiana Conceyu de Siero sent\u00edmonos ablucaos pola respuesta que ta teniendo esta X edici\u00f3n. A les 6 hores de dar anuncia de les inscripciones y\u00e1 taben cubiertes toles places. <\/span><\/p>\n<p><!--more--><\/p>\n<p><span class=\"d2edcug0 hpfvmrgz qv66sw1b c1et5uql lr9zc1uh a8c37x1j keod5gw0 nxhoafnm aigsh9s9 d3f4x2em fe6kdd0r mau55g9w c8b282yb iv3no6db jq4qci2q a3bd9o3v knj5qynh oo9gr5id\" dir=\"auto\">Ye una amuesa de la necesid\u00e1 que tenemos d&#8217;espacios pa l&#8217;asturianada dempu\u00e9s d&#8217;esti par\u00f3n tan llargu. Y si les y los int\u00e9rpretes tuvieron bona respuesta a esta convocatoria, la xente aficionao tampoco nun qued\u00f3 p&#8217;atr\u00e1s. La noticia espardi\u00f3se como la espluma, tanto nes redes sociales como nos medios de comunicaci\u00f3n y gracies a ello ta teniendo una cobertoria perguapa. Son munchos los mensaxes d&#8217;inter\u00e9s y apoyu y, un por un, queremos davos les gracies mas fonderes.<br \/>\nY ye qu&#8217;anque tolos a\u00f1os entamamos esti concursu cola meyor de les intenciones y con muncha emoci\u00f3n, esti a\u00f1u fac\u00e9moslo sabedores del retu que conlleva pero con munchu m\u00e1s procuru pa tar al altor de les espectatives de toles persones que form\u00e1is parte de la familia de la tonada.<\/p>\n<p>Cerrado el plazo y con toda la maquinaria preparada para comenzar este pr\u00f3ximo domingo en el Teatro Auditorio CPI Llugones, la organizaci\u00f3n del Concursu de Canci\u00f3n Asturiana Conceyu de Siero nos sentimos sorprendidos por la respuesta que est\u00e1 teniendo esta X edici\u00f3n. A las 6 horas de anunciar la apertura de las inscripciones quedaron cubiertas todas las plazas. Esto es una muestra de la necesidad que tenemos de espacios para la asturianada despu\u00e9s de este largo par\u00f3n. Y si las y los int\u00e9rpretes han tenido una buena respuesta a esta convocatoria, la afici\u00f3n tampoco qued\u00f3 atr\u00e1s. La noticia corri\u00f3 como la espuma, tanto por redes sociales como en los medios de comunicaci\u00f3n y gracias a ello esta teniendo gran cobertura . Son munchos los mensajes de inter\u00e9s y apoyo y, uno por uno , queremos daros nuestro m\u00e1s sincero agradecimiento.<br \/>\nY es que aunque todos los a\u00f1os organizamos este concurso con la mejor de las intenciones y con mucha emoci\u00f3n, este a\u00f1o lo hacemos sabiendo del reto que conlleva, pero mucho m\u00e1s atentos para estar a la altura de las espectativas de todas las personas que form\u00e1is parte de la familia de la tonada.<\/span><\/p>\n","protected":false},"excerpt":{"rendered":"<p>Zarr\u00e1u y\u00e1&#8217;l plazu y con tola maquinaria preparada pa entamar esti pr\u00f3simu domingu nel Teatru Auditoriu CPI Llugones, la organizaci\u00f3n d&#8217;esti Concursu de Canci\u00f3n Asturiana Conceyu de Siero sent\u00edmonos ablucaos pola respuesta que ta teniendo esta X edici\u00f3n. A les 6 hores de dar anuncia de les inscripciones y\u00e1 taben cubiertes toles places.<\/p>\n","protected":false},"author":117,"featured_media":0,"comment_status":"open","ping_status":"open","sticky":false,"template":"","format":"standard","meta":{"footnotes":""},"categories":[61],"tags":[],"class_list":["post-6619","post","type-post","status-publish","format-standard","hentry","category-concursu"],"_links":{"self":[{"href":"https:\/\/edublog.educastur.es\/ixuxu\/wp-json\/wp\/v2\/posts\/6619","targetHints":{"allow":["GET"]}}],"collection":[{"href":"https:\/\/edublog.educastur.es\/ixuxu\/wp-json\/wp\/v2\/posts"}],"about":[{"href":"https:\/\/edublog.educastur.es\/ixuxu\/wp-json\/wp\/v2\/types\/post"}],"author":[{"embeddable":true,"href":"https:\/\/edublog.educastur.es\/ixuxu\/wp-json\/wp\/v2\/users\/117"}],"replies":[{"embeddable":true,"href":"https:\/\/edublog.educastur.es\/ixuxu\/wp-json\/wp\/v2\/comments?post=6619"}],"version-history":[{"count":2,"href":"https:\/\/edublog.educastur.es\/ixuxu\/wp-json\/wp\/v2\/posts\/6619\/revisions"}],"predecessor-version":[{"id":6621,"href":"https:\/\/edublog.educastur.es\/ixuxu\/wp-json\/wp\/v2\/posts\/6619\/revisions\/6621"}],"wp:attachment":[{"href":"https:\/\/edublog.educastur.es\/ixuxu\/wp-json\/wp\/v2\/media?parent=6619"}],"wp:term":[{"taxonomy":"category","embeddable":true,"href":"https:\/\/edublog.educastur.es\/ixuxu\/wp-json\/wp\/v2\/categories?post=6619"},{"taxonomy":"post_tag","embeddable":true,"href":"https:\/\/edublog.educastur.es\/ixuxu\/wp-json\/wp\/v2\/tags?post=6619"}],"curies":[{"name":"wp","href":"https:\/\/api.w.org\/{rel}","templated":true}]}}