{"id":66196,"date":"2026-01-18T11:30:59","date_gmt":"2026-01-18T09:30:59","guid":{"rendered":"https:\/\/edublog.educastur.es\/ixuxu\/?p=66196"},"modified":"2026-01-18T15:33:24","modified_gmt":"2026-01-18T13:33:24","slug":"exemplu-de-proyectu-educativu-quutiliza-la-musica-como-ferramienta-contra-lacoso-escolar","status":"publish","type":"post","link":"https:\/\/edublog.educastur.es\/ixuxu\/2026\/01\/exemplu-de-proyectu-educativu-quutiliza-la-musica-como-ferramienta-contra-lacoso-escolar\/","title":{"rendered":"Exemplu de proyectu educativu qu&#8217;utiliza la m\u00fasica como ferramienta contra l&#8217;acoso escolar."},"content":{"rendered":"<p style=\"text-align: center\">\n<!-- iframe plugin v.6.0 wordpress.org\/plugins\/iframe\/ -->\n<iframe loading=\"lazy\" src=\"https:\/\/www.facebook.com\/plugins\/video.php?height=306&#038;href=https%3A%2F%2Fwww.facebook.com%2Freel%2F2180810702745854%2F&#038;show_text=false&#038;width=560&#038;t=0\" width=\"560\" height=\"306\" style=\"border:none;overflow:hidden\" scrolling=\"no\" frameborder=\"0\" allowfullscreen=\"true\" allow=\"autoplay; clipboard-write; encrypted-media; picture-in-picture; web-share\" 0=\"\/iframe\" class=\"iframe-class\"><\/iframe>\n<\/p>\n<p>Un grupu d&#8217;alumnos y alumnes de 5.\u00ba de Primaria del CEIP San Francisco, n&#8217;Arcos de la Frontera (C\u00e1diz), protagonizaron una emotiva versi\u00f3n del cantar \u2022LA PERLLA\u2022 de ROSAL\u00cdA. La iniciativa, espublizada por ARCOTEL TELEVISI\u00d3N, <strong>forma parte d&#8217;un proyectu educativu qu&#8217;utiliza la m\u00fasica como ferramienta contra l&#8217;acoso escolar<\/strong>. <span class=\"html-span xdj266r x14z9mp xat24cr x1lziwak xexx8yu xyri2b x18d9i69 x1c1uobl x1hl2dhg x16tdsg8 x1vvkbs\"><a class=\"x1i10hfl xjbqb8w x1ejq31n x18oe1m7 x1sy0etr xstzfhl x972fbf x10w94by x1qhh985 x14e42zd x9f619 x1ypdohk xt0psk2 x3ct3a4 xdj266r x14z9mp xat24cr x1lziwak xexx8yu xyri2b x18d9i69 x1c1uobl x16tdsg8 x1hl2dhg xggy1nq x1a2a7pz xkrqix3 x1sur9pj x1fey0fg x1s688f\" role=\"link\" href=\"https:\/\/www.facebook.com\/hashtag\/arcotel?__eep__=6&amp;__cft__[0]=AZaIt6lRSjZyXDpz_22fHLzOFmeXz4Kzg-KrnWJ-B4XXRb2Wy8jC8Z0Lt0XLyAh3V4OKtpYDapnxa1RKniYP7OQ74iVDgy_zqXm9cqW0vL2CwOMzjdWTh8aEBe0OMogkldrFwJXP7wsxC7crZO_D3EA-dUuTaAoHC2QUfV8lmdh2d_Y4C6ClNHGwsCs-6120JHwtjLZvmBhA2s2nhjXf6q5q&amp;__tn__=*NK-R\">#arcotel<\/a><\/span> <span class=\"html-span xdj266r x14z9mp xat24cr x1lziwak xexx8yu xyri2b x18d9i69 x1c1uobl x1hl2dhg x16tdsg8 x1vvkbs\"><a class=\"x1i10hfl xjbqb8w x1ejq31n x18oe1m7 x1sy0etr xstzfhl x972fbf x10w94by x1qhh985 x14e42zd x9f619 x1ypdohk xt0psk2 x3ct3a4 xdj266r x14z9mp xat24cr x1lziwak xexx8yu xyri2b x18d9i69 x1c1uobl x16tdsg8 x1hl2dhg xggy1nq x1a2a7pz xkrqix3 x1sur9pj x1fey0fg x1s688f\" role=\"link\" href=\"https:\/\/www.facebook.com\/hashtag\/bullying?__eep__=6&amp;__cft__[0]=AZaIt6lRSjZyXDpz_22fHLzOFmeXz4Kzg-KrnWJ-B4XXRb2Wy8jC8Z0Lt0XLyAh3V4OKtpYDapnxa1RKniYP7OQ74iVDgy_zqXm9cqW0vL2CwOMzjdWTh8aEBe0OMogkldrFwJXP7wsxC7crZO_D3EA-dUuTaAoHC2QUfV8lmdh2d_Y4C6ClNHGwsCs-6120JHwtjLZvmBhA2s2nhjXf6q5q&amp;__tn__=*NK-R\">#bullying<\/a><\/span> <span class=\"html-span xdj266r x14z9mp xat24cr x1lziwak xexx8yu xyri2b x18d9i69 x1c1uobl x1hl2dhg x16tdsg8 x1vvkbs\"><a class=\"x1i10hfl xjbqb8w x1ejq31n x18oe1m7 x1sy0etr xstzfhl x972fbf x10w94by x1qhh985 x14e42zd x9f619 x1ypdohk xt0psk2 x3ct3a4 xdj266r x14z9mp xat24cr x1lziwak xexx8yu xyri2b x18d9i69 x1c1uobl x16tdsg8 x1hl2dhg xggy1nq x1a2a7pz xkrqix3 x1sur9pj x1fey0fg x1s688f\" role=\"link\" href=\"https:\/\/www.facebook.com\/hashtag\/colegio?__eep__=6&amp;__cft__[0]=AZaIt6lRSjZyXDpz_22fHLzOFmeXz4Kzg-KrnWJ-B4XXRb2Wy8jC8Z0Lt0XLyAh3V4OKtpYDapnxa1RKniYP7OQ74iVDgy_zqXm9cqW0vL2CwOMzjdWTh8aEBe0OMogkldrFwJXP7wsxC7crZO_D3EA-dUuTaAoHC2QUfV8lmdh2d_Y4C6ClNHGwsCs-6120JHwtjLZvmBhA2s2nhjXf6q5q&amp;__tn__=*NK-R\">#colegio<\/a><\/span> <span class=\"html-span xdj266r x14z9mp xat24cr x1lziwak xexx8yu xyri2b x18d9i69 x1c1uobl x1hl2dhg x16tdsg8 x1vvkbs\"><a class=\"x1i10hfl xjbqb8w x1ejq31n x18oe1m7 x1sy0etr xstzfhl x972fbf x10w94by x1qhh985 x14e42zd x9f619 x1ypdohk xt0psk2 x3ct3a4 xdj266r x14z9mp xat24cr x1lziwak xexx8yu xyri2b x18d9i69 x1c1uobl x16tdsg8 x1hl2dhg xggy1nq x1a2a7pz xkrqix3 x1sur9pj x1fey0fg x1s688f\" role=\"link\" href=\"https:\/\/www.facebook.com\/hashtag\/spain?__eep__=6&amp;__cft__[0]=AZaIt6lRSjZyXDpz_22fHLzOFmeXz4Kzg-KrnWJ-B4XXRb2Wy8jC8Z0Lt0XLyAh3V4OKtpYDapnxa1RKniYP7OQ74iVDgy_zqXm9cqW0vL2CwOMzjdWTh8aEBe0OMogkldrFwJXP7wsxC7crZO_D3EA-dUuTaAoHC2QUfV8lmdh2d_Y4C6ClNHGwsCs-6120JHwtjLZvmBhA2s2nhjXf6q5q&amp;__tn__=*NK-R\">#spain<\/a><\/span><\/p>\n","protected":false},"excerpt":{"rendered":"<p>Un grupu d&#8217;alumnos y alumnes de 5.\u00ba de Primaria del CEIP San Francisco, n&#8217;Arcos de la Frontera (C\u00e1diz), protagonizaron una emotiva versi\u00f3n del cantar \u2022LA PERLLA\u2022 de ROSAL\u00cdA. La iniciativa, espublizada por ARCOTEL TELEVISI\u00d3N, forma parte d&#8217;un proyectu educativu qu&#8217;utiliza la m\u00fasica como ferramienta contra l&#8217;acoso escolar. #arcotel #bullying #colegio #spain<\/p>\n","protected":false},"author":117,"featured_media":0,"comment_status":"closed","ping_status":"closed","sticky":false,"template":"","format":"standard","meta":{"footnotes":""},"categories":[1],"tags":[],"class_list":["post-66196","post","type-post","status-publish","format-standard","hentry","category-sin-categoria"],"_links":{"self":[{"href":"https:\/\/edublog.educastur.es\/ixuxu\/wp-json\/wp\/v2\/posts\/66196","targetHints":{"allow":["GET"]}}],"collection":[{"href":"https:\/\/edublog.educastur.es\/ixuxu\/wp-json\/wp\/v2\/posts"}],"about":[{"href":"https:\/\/edublog.educastur.es\/ixuxu\/wp-json\/wp\/v2\/types\/post"}],"author":[{"embeddable":true,"href":"https:\/\/edublog.educastur.es\/ixuxu\/wp-json\/wp\/v2\/users\/117"}],"replies":[{"embeddable":true,"href":"https:\/\/edublog.educastur.es\/ixuxu\/wp-json\/wp\/v2\/comments?post=66196"}],"version-history":[{"count":1,"href":"https:\/\/edublog.educastur.es\/ixuxu\/wp-json\/wp\/v2\/posts\/66196\/revisions"}],"predecessor-version":[{"id":66197,"href":"https:\/\/edublog.educastur.es\/ixuxu\/wp-json\/wp\/v2\/posts\/66196\/revisions\/66197"}],"wp:attachment":[{"href":"https:\/\/edublog.educastur.es\/ixuxu\/wp-json\/wp\/v2\/media?parent=66196"}],"wp:term":[{"taxonomy":"category","embeddable":true,"href":"https:\/\/edublog.educastur.es\/ixuxu\/wp-json\/wp\/v2\/categories?post=66196"},{"taxonomy":"post_tag","embeddable":true,"href":"https:\/\/edublog.educastur.es\/ixuxu\/wp-json\/wp\/v2\/tags?post=66196"}],"curies":[{"name":"wp","href":"https:\/\/api.w.org\/{rel}","templated":true}]}}