{"id":662,"date":"2020-04-04T10:54:49","date_gmt":"2020-04-04T10:54:49","guid":{"rendered":"https:\/\/edublog.educastur.es\/ixuxu\/?p=662"},"modified":"2020-08-24T21:56:06","modified_gmt":"2020-08-24T21:56:06","slug":"lasturianu-na-tpa","status":"publish","type":"post","link":"https:\/\/edublog.educastur.es\/ixuxu\/2020\/04\/lasturianu-na-tpa\/","title":{"rendered":"L\u00b4asturianu na TPA"},"content":{"rendered":"<div class=\"entry\">\n<ul>\n<li><a href=\"https:\/\/www.educastur.es\/-\/el-primer-capitulo-de-educastur-tv-ya-se-puede-ver-online\" target=\"_blank\" rel=\"noopener noreferrer\">Ver <strong><em>Educastur TV <\/em><\/strong>na p\u00e1xina de Educastur <\/a><\/li>\n<li><span style=\"color: #808080\"><em>Educastur TV ufierta conten\u00edos al alumn\u00e1u mientres la suspensi\u00f3n de l\u2019activid\u00e1 lectiva presencial pol est\u00e1u d\u2019alarma. <\/em><\/span><\/li>\n<\/ul>\n<ul>\n<li><a href=\"https:\/\/www.rtpa.es\/video:Aprende%20con%20TPA_551585957797.html\" target=\"_blank\" rel=\"noopener noreferrer\"><img loading=\"lazy\" decoding=\"async\" class=\"\" src=\"https:\/\/imgbox.es\/images\/2020\/04\/04\/educastur_tva7e7881229ef97b8.jpg\" width=\"359\" height=\"202\" \/><\/a><\/li>\n<li><a href=\"https:\/\/www.rtpa.es\/video:Aprende%20con%20TPA_551585957797.html\" target=\"_blank\" rel=\"noopener noreferrer\">Ver programa <strong><em>Educastur TV <\/em><\/strong>(43 min) 3 d\u00b4abril.<\/a><\/li>\n<li><span style=\"color: #808080\">TPA pon en marcha l\u2019espaciu Apriende con TPA, nel que s\u2019incl\u00fai\u2019l programa <strong><em>Educastur TV<\/em><\/strong>, impuls\u00e1u pola Conseyer\u00eda d\u2019Educaci\u00f3n, en collaboraci\u00f3n con RTPA, seg\u00fan los programes d\u2019<em><strong>Empresta Asgaya<\/strong><\/em>,\u00a0 <strong><em>Dicires\u00a0 <\/em><\/strong>y <strong><em>F\u00e1lame<\/em><\/strong>.<br \/>\n<\/span><\/li>\n<\/ul>\n<ul>\n<li><span style=\"color: #808080\"><strong><a href=\"https:\/\/asturianutv.wordpress.com\/\" target=\"_blank\" rel=\"noopener noreferrer\">P\u00e1xina <em>web<\/em><\/a><em><a href=\"https:\/\/asturianutv.wordpress.com\/\" target=\"_blank\" rel=\"noopener noreferrer\">\u00a0 L\u00b4asturianu <\/a><br \/>\n<\/em><\/strong><\/span><\/li>\n<li><a href=\"https:\/\/asturianutv.wordpress.com\/\" target=\"_blank\" rel=\"noopener noreferrer\"><img loading=\"lazy\" decoding=\"async\" class=\"\" src=\"https:\/\/imgbox.es\/images\/2020\/04\/08\/astTVc656361f68aefe99.jpg\" width=\"263\" height=\"263\" \/><\/a><\/li>\n<\/ul>\n<p align=\"center\">\n<\/div>\n","protected":false},"excerpt":{"rendered":"<p>Ver Educastur TV na p\u00e1xina de Educastur Educastur TV ufierta conten\u00edos al alumn\u00e1u mientres la suspensi\u00f3n de l\u2019activid\u00e1 lectiva presencial pol est\u00e1u d\u2019alarma. Ver programa Educastur TV (43 min) 3 d\u00b4abril. TPA pon en marcha l\u2019espaciu Apriende con TPA, nel que s\u2019incl\u00fai\u2019l programa Educastur TV, impuls\u00e1u pola Conseyer\u00eda d\u2019Educaci\u00f3n, en collaboraci\u00f3n con RTPA, seg\u00fan los [&hellip;]<\/p>\n","protected":false},"author":117,"featured_media":0,"comment_status":"closed","ping_status":"open","sticky":false,"template":"","format":"standard","meta":{"footnotes":""},"categories":[44,27],"tags":[],"class_list":["post-662","post","type-post","status-publish","format-standard","hentry","category-asturianu","category-tv"],"_links":{"self":[{"href":"https:\/\/edublog.educastur.es\/ixuxu\/wp-json\/wp\/v2\/posts\/662","targetHints":{"allow":["GET"]}}],"collection":[{"href":"https:\/\/edublog.educastur.es\/ixuxu\/wp-json\/wp\/v2\/posts"}],"about":[{"href":"https:\/\/edublog.educastur.es\/ixuxu\/wp-json\/wp\/v2\/types\/post"}],"author":[{"embeddable":true,"href":"https:\/\/edublog.educastur.es\/ixuxu\/wp-json\/wp\/v2\/users\/117"}],"replies":[{"embeddable":true,"href":"https:\/\/edublog.educastur.es\/ixuxu\/wp-json\/wp\/v2\/comments?post=662"}],"version-history":[{"count":2,"href":"https:\/\/edublog.educastur.es\/ixuxu\/wp-json\/wp\/v2\/posts\/662\/revisions"}],"predecessor-version":[{"id":665,"href":"https:\/\/edublog.educastur.es\/ixuxu\/wp-json\/wp\/v2\/posts\/662\/revisions\/665"}],"wp:attachment":[{"href":"https:\/\/edublog.educastur.es\/ixuxu\/wp-json\/wp\/v2\/media?parent=662"}],"wp:term":[{"taxonomy":"category","embeddable":true,"href":"https:\/\/edublog.educastur.es\/ixuxu\/wp-json\/wp\/v2\/categories?post=662"},{"taxonomy":"post_tag","embeddable":true,"href":"https:\/\/edublog.educastur.es\/ixuxu\/wp-json\/wp\/v2\/tags?post=662"}],"curies":[{"name":"wp","href":"https:\/\/api.w.org\/{rel}","templated":true}]}}