{"id":66222,"date":"2026-01-18T09:30:13","date_gmt":"2026-01-18T07:30:13","guid":{"rendered":"https:\/\/edublog.educastur.es\/ixuxu\/?p=66222"},"modified":"2026-01-18T19:50:57","modified_gmt":"2026-01-18T17:50:57","slug":"recordamos-a-nicanor-pinole-gran-pintor-asturianu","status":"publish","type":"post","link":"https:\/\/edublog.educastur.es\/ixuxu\/2026\/01\/recordamos-a-nicanor-pinole-gran-pintor-asturianu\/","title":{"rendered":"Recordamos a Nicanor Pi\u00f1ole, gran pintor asturianu"},"content":{"rendered":"<div class=\"html-div xdj266r x14z9mp xat24cr x1lziwak xexx8yu x1a8lsjc xf7dkkf xv54qhq\">\n<div class=\"html-div xdj266r x14z9mp xat24cr x1lziwak xexx8yu xyri2b x18d9i69 x1c1uobl x1jx94hy x78zum5 x1q0g3np\">\n<div class=\"x78zum5 xdt5ytf xz62fqu x16ldp7u\">\n<div class=\"xu06os2 x1ok221b\">\n<div class=\"html-div xdj266r x14z9mp xat24cr x1lziwak xexx8yu xyri2b x18d9i69 x1c1uobl\" data-ad-rendering-role=\"profile_name\">\n<ul>\n<li class=\"html-h3 x14z9mp xat24cr x1lziwak xexx8yu xyri2b x18d9i69 x1c1uobl x1vvkbs x1heor9g x1qlqyl8 x1pd3egz x1a2a7pz x1gslohp x1yc453h\"><span class=\"x1lliihq x6ikm8r x10wlt62 x1n2onr6\"><span class=\"xt0psk2\"><a class=\"x1i10hfl xjbqb8w x1ejq31n x18oe1m7 x1sy0etr xstzfhl x972fbf x10w94by x1qhh985 x14e42zd x9f619 x1ypdohk xt0psk2 x3ct3a4 xdj266r x14z9mp xat24cr x1lziwak xexx8yu xyri2b x18d9i69 x1c1uobl x16tdsg8 x1hl2dhg xggy1nq x1a2a7pz xkrqix3 x1sur9pj xzsf02u x1s688f\" role=\"link\" href=\"https:\/\/www.facebook.com\/museobellasartesasturias?__cft__[0]=AZYLFyR1sq80DADpQeT_OSoyaqkQjVa6CUkSd5mBYE90LKp0hJcHqerVIvKjNQHIiIfcHTBb6-kTLRsW1zJXN-g_kOCz2h05GQ6Ww5mb0H46tmYfPxDtciQB-sG-OjLiMbabMBXixgn9tKVUJwBvRtsYkza1HmAlzruryhMqBKtLdg2uWQpKpd95fDw8AJykMDUW8JFdDSf-ehEmsQoS7oGo&amp;__tn__=-UC%2CP-y-R\"><b class=\"html-b xdj266r x14z9mp xat24cr x1lziwak xexx8yu xyri2b x18d9i69 x1c1uobl x1hl2dhg x16tdsg8 x1vvkbs x1s688f\"><span class=\"html-span xdj266r x14z9mp xat24cr x1lziwak xexx8yu xyri2b x18d9i69 x1c1uobl x1hl2dhg x16tdsg8 x1vvkbs\">Museo de Bellas Artes de Asturias<\/span><\/b><\/a><\/span><\/span><\/li>\n<\/ul>\n<p style=\"text-align: center\"><a href=\"https:\/\/apintoresyescultores.es\/wp-content\/uploads\/2025\/10\/Recogiendo-la-manzana_pinole.jpg\"><img loading=\"lazy\" decoding=\"async\" class=\"aligncenter size-large\" src=\"https:\/\/apintoresyescultores.es\/wp-content\/uploads\/2025\/10\/Recogiendo-la-manzana_pinole.jpg\" width=\"1170\" height=\"866\" \/><\/a><\/p>\n<p style=\"text-align: center\"><em>Recoyendo mazana<\/em><\/p>\n<\/div>\n<\/div>\n<div class=\"xu06os2 x1ok221b\"><\/div>\n<\/div>\n<\/div>\n<\/div>\n<div class=\"html-div xdj266r x14z9mp xat24cr x1lziwak xexx8yu xyri2b x18d9i69 x1c1uobl\" dir=\"auto\">\n<div class=\"html-div xdj266r x14z9mp xat24cr x1lziwak xexx8yu xyri2b x18d9i69 x1c1uobl\" dir=\"auto\">\n<div class=\"html-div xdj266r x14z9mp xat24cr x1lziwak xexx8yu xyri2b x18d9i69 x1c1uobl\" data-ad-rendering-role=\"story_message\">\n<div class=\"x1l90r2v x1iorvi4 x1g0dm76 xpdmqnj\" data-ad-comet-preview=\"message\" data-ad-preview=\"message\">\n<div class=\"x78zum5 xdt5ytf xz62fqu x16ldp7u\">\n<div class=\"xu06os2 x1ok221b\">\n<div class=\"html-div xdj266r x14z9mp xat24cr x1lziwak xexx8yu xyri2b x18d9i69 x1c1uobl\">\n<div class=\"xdj266r x14z9mp xat24cr x1lziwak x1vvkbs x126k92a\">\n<div dir=\"auto\"><span class=\"html-span xdj266r x14z9mp xat24cr x1lziwak xexx8yu xyri2b x18d9i69 x1c1uobl x1hl2dhg x16tdsg8 x1vvkbs\"><a class=\"x1i10hfl xjbqb8w x1ejq31n x18oe1m7 x1sy0etr xstzfhl x972fbf x10w94by x1qhh985 x14e42zd x9f619 x1ypdohk xt0psk2 x3ct3a4 xdj266r x14z9mp xat24cr x1lziwak xexx8yu xyri2b x18d9i69 x1c1uobl x16tdsg8 x1hl2dhg xggy1nq x1a2a7pz xkrqix3 x1sur9pj x1fey0fg x1s688f\" role=\"link\" href=\"https:\/\/www.facebook.com\/hashtag\/tald%C3%ADacomohoy?__eep__=6&amp;__cft__[0]=AZYLFyR1sq80DADpQeT_OSoyaqkQjVa6CUkSd5mBYE90LKp0hJcHqerVIvKjNQHIiIfcHTBb6-kTLRsW1zJXN-g_kOCz2h05GQ6Ww5mb0H46tmYfPxDtciQB-sG-OjLiMbabMBXixgn9tKVUJwBvRtsYkza1HmAlzruryhMqBKtLdg2uWQpKpd95fDw8AJykMDUW8JFdDSf-ehEmsQoS7oGo&amp;__tn__=*NK-y-R\">#tald\u00edacomohoy<\/a> 18 de xineru, recordamos a Nicanor Pi\u00f1ole, unu de los grandes nomes de la pintura asturiana. Nesta fecha, aniversariu del so fallecimientu, queremos rindir homenaxe a un artista que la so sensibilid\u00e1, dominiu de los colores\u00a0 y mirada escontra lo cotidiano marcaron fondamente la identid\u00e1 art\u00edstica d&#8217;Asturies. Recordando a N. Pi\u00f1ole <a href=\"https:\/\/apintoresyescultores.es\/recordando-nicanor-pinole-rodriguez\/\">https:\/\/apintoresyescultores.es\/recordando-nicanor-pinole-rodriguez\/<\/a>\/<\/span><\/div>\n<div dir=\"auto\"><!--more--><\/div>\n<div dir=\"auto\"><span class=\"html-span xdj266r x14z9mp xat24cr x1lziwak xexx8yu xyri2b x18d9i69 x1c1uobl x1hl2dhg x16tdsg8 x1vvkbs\"><br \/>\nNel Mus\u00e9u de Belles Artes d&#8217;Asturies caltenemos una importante colecci\u00f3n de la so obra \u2014paisaxes, escenes costumbristes y semeyes llenes d&#8217;emoci\u00f3n contenida\u2014 que dexa percorrer la so evoluci\u00f3n y entender la esencia del so universu creativu. La so presencia nes nueses sales sigue siendo un puntu d&#8217;alcuentru para quien busquen la sotileza, la lluz y la modernid\u00e1 silenciosa que caractericen la so pintura.<\/span><\/div>\n<div dir=\"auto\"><span class=\"html-span xdj266r x14z9mp xat24cr x1lziwak xexx8yu xyri2b x18d9i69 x1c1uobl x1hl2dhg x16tdsg8 x1vvkbs\"><br \/>\nG\u00fcei celebramos el so leg\u00e1u, vivu y presente nel Mus\u00e9u, y estimamos la buelga imborrable que dex\u00f3 na nuesa cultura.<\/span><\/div>\n<\/div>\n<div class=\"x14z9mp xat24cr x1lziwak x1vvkbs xtlvy1s x126k92a\">\n<div dir=\"auto\"><span class=\"html-span xdj266r x14z9mp xat24cr x1lziwak xexx8yu xyri2b x18d9i69 x1c1uobl x1hl2dhg x16tdsg8 x1vvkbs\"><a class=\"x1i10hfl xjbqb8w x1ejq31n x18oe1m7 x1sy0etr xstzfhl x972fbf x10w94by x1qhh985 x14e42zd x9f619 x1ypdohk xt0psk2 x3ct3a4 xdj266r x14z9mp xat24cr x1lziwak xexx8yu xyri2b x18d9i69 x1c1uobl x16tdsg8 x1hl2dhg xggy1nq x1a2a7pz xkrqix3 x1sur9pj x1fey0fg x1s688f\" role=\"link\" href=\"https:\/\/www.facebook.com\/hashtag\/nicanorpi%C3%B1ole?__eep__=6&amp;__cft__[0]=AZYLFyR1sq80DADpQeT_OSoyaqkQjVa6CUkSd5mBYE90LKp0hJcHqerVIvKjNQHIiIfcHTBb6-kTLRsW1zJXN-g_kOCz2h05GQ6Ww5mb0H46tmYfPxDtciQB-sG-OjLiMbabMBXixgn9tKVUJwBvRtsYkza1HmAlzruryhMqBKtLdg2uWQpKpd95fDw8AJykMDUW8JFdDSf-ehEmsQoS7oGo&amp;__tn__=*NK-y-R\">#NicanorPi\u00f1ole<\/a><\/span> <span class=\"html-span xdj266r x14z9mp xat24cr x1lziwak xexx8yu xyri2b x18d9i69 x1c1uobl x1hl2dhg x16tdsg8 x1vvkbs\"><a class=\"x1i10hfl xjbqb8w x1ejq31n x18oe1m7 x1sy0etr xstzfhl x972fbf x10w94by x1qhh985 x14e42zd x9f619 x1ypdohk xt0psk2 x3ct3a4 xdj266r x14z9mp xat24cr x1lziwak xexx8yu xyri2b x18d9i69 x1c1uobl x16tdsg8 x1hl2dhg xggy1nq x1a2a7pz xkrqix3 x1sur9pj x1fey0fg x1s688f\" role=\"link\" href=\"https:\/\/www.facebook.com\/hashtag\/museobellasartesasturias?__eep__=6&amp;__cft__[0]=AZYLFyR1sq80DADpQeT_OSoyaqkQjVa6CUkSd5mBYE90LKp0hJcHqerVIvKjNQHIiIfcHTBb6-kTLRsW1zJXN-g_kOCz2h05GQ6Ww5mb0H46tmYfPxDtciQB-sG-OjLiMbabMBXixgn9tKVUJwBvRtsYkza1HmAlzruryhMqBKtLdg2uWQpKpd95fDw8AJykMDUW8JFdDSf-ehEmsQoS7oGo&amp;__tn__=*NK-y-R\">#MuseoBellasArtesAsturias<\/a><\/span> <span class=\"html-span xdj266r x14z9mp xat24cr x1lziwak xexx8yu xyri2b x18d9i69 x1c1uobl x1hl2dhg x16tdsg8 x1vvkbs\"><a class=\"x1i10hfl xjbqb8w x1ejq31n x18oe1m7 x1sy0etr xstzfhl x972fbf x10w94by x1qhh985 x14e42zd x9f619 x1ypdohk xt0psk2 x3ct3a4 xdj266r x14z9mp xat24cr x1lziwak xexx8yu xyri2b x18d9i69 x1c1uobl x16tdsg8 x1hl2dhg xggy1nq x1a2a7pz xkrqix3 x1sur9pj x1fey0fg x1s688f\" role=\"link\" href=\"https:\/\/www.facebook.com\/hashtag\/arteasturiano?__eep__=6&amp;__cft__[0]=AZYLFyR1sq80DADpQeT_OSoyaqkQjVa6CUkSd5mBYE90LKp0hJcHqerVIvKjNQHIiIfcHTBb6-kTLRsW1zJXN-g_kOCz2h05GQ6Ww5mb0H46tmYfPxDtciQB-sG-OjLiMbabMBXixgn9tKVUJwBvRtsYkza1HmAlzruryhMqBKtLdg2uWQpKpd95fDw8AJykMDUW8JFdDSf-ehEmsQoS7oGo&amp;__tn__=*NK-y-R\">#ArteAsturiano<\/a><\/span> <span class=\"html-span xdj266r x14z9mp xat24cr x1lziwak xexx8yu xyri2b x18d9i69 x1c1uobl x1hl2dhg x16tdsg8 x1vvkbs\"><a class=\"x1i10hfl xjbqb8w x1ejq31n x18oe1m7 x1sy0etr xstzfhl x972fbf x10w94by x1qhh985 x14e42zd x9f619 x1ypdohk xt0psk2 x3ct3a4 xdj266r x14z9mp xat24cr x1lziwak xexx8yu xyri2b x18d9i69 x1c1uobl x16tdsg8 x1hl2dhg xggy1nq x1a2a7pz xkrqix3 x1sur9pj x1fey0fg x1s688f\" role=\"link\" href=\"https:\/\/www.facebook.com\/hashtag\/efem%C3%A9rides?__eep__=6&amp;__cft__[0]=AZYLFyR1sq80DADpQeT_OSoyaqkQjVa6CUkSd5mBYE90LKp0hJcHqerVIvKjNQHIiIfcHTBb6-kTLRsW1zJXN-g_kOCz2h05GQ6Ww5mb0H46tmYfPxDtciQB-sG-OjLiMbabMBXixgn9tKVUJwBvRtsYkza1HmAlzruryhMqBKtLdg2uWQpKpd95fDw8AJykMDUW8JFdDSf-ehEmsQoS7oGo&amp;__tn__=*NK-y-R\">#Efem\u00e9rides<\/a><\/span><\/div>\n<div dir=\"auto\"><\/div>\n<div dir=\"auto\">Nicanor Pedro Vicente Pi\u00f1ole Rodr\u00edguez (Xix\u00f3n; 6 de xineru de 1878-18 de xineru de 1978) foi un pintor espa\u00f1ol, que la so obra pue adscribise al <strong>post-impresionismu<\/strong> y la so evoluci\u00f3n posterior. Consid\u00e9rase-y, al pie d&#8217;Evaristo Valle, la base de la llamada \u00abEscuela de Xix\u00f3n\u00bb que xunto cola d&#8217;Uvi\u00e9u, conformaron el panorama pict\u00f3ricu d&#8217;Asturies nel periodu central del sieglu XX.\u00a0 La so obra esp\u00f3nse nel <a href=\"https:\/\/www.gijon.es\/es\/directorio\/museo-nicanor-pinole\"><strong>Mus\u00e9u Nicanor Pi\u00f1ole de Xix\u00f3n<\/strong>.<\/a><\/div>\n<div dir=\"auto\"><\/div>\n<\/div>\n<div dir=\"auto\" style=\"text-align: center\"><a href=\"https:\/\/drupal.gijon.es\/sites\/default\/files\/styles\/imagen_4_3\/public\/2020-07\/PI%C3%91%2001.jpg\"><img loading=\"lazy\" decoding=\"async\" class=\"aligncenter \" src=\"https:\/\/drupal.gijon.es\/sites\/default\/files\/styles\/imagen_4_3\/public\/2020-07\/PI%C3%91%2001.jpg\" width=\"715\" height=\"709\" \/><\/a><\/div>\n<\/div>\n<\/div>\n<\/div>\n<\/div>\n<\/div>\n<\/div>\n<\/div>\n<p>El Mus\u00e9u <strong>foi cre\u00e1u en 1991<\/strong> para acoyer la colecci\u00f3n de pintures y dibuxos que la vilba de Nicanor Pi\u00f1ole, Enriqueta Ce\u00f1al Costales, don\u00f3 a la ciud\u00e1 de Xix\u00f3n. <strong>La so misi\u00f3n principal ye l&#8217;estudiu, caltenimientu y espardimientu de la obra d&#8217;esti artista<\/strong>, unu de los principales responsables de la renovaci\u00f3n de la pintura asturiana nel primer terciu del sieglu XX.<\/p>\n<p style=\"text-align: center\"><a href=\"https:\/\/www.gijon.es\/sites\/default\/files\/inline-images\/PI%C3%91%2002_0.jpg\"><img loading=\"lazy\" decoding=\"async\" class=\"aligncenter size-large\" src=\"https:\/\/www.gijon.es\/sites\/default\/files\/inline-images\/PI%C3%91%2002_0.jpg\" width=\"1110\" height=\"512\" \/><\/a><\/p>\n<p>La colecci\u00f3n. El fondu del mus\u00e9u #integrar la colecci\u00f3n donada pola vilba del pintor y los dep\u00f3sitos del Mus\u00e9u Casa Natal de Xovellanos, Mus\u00e9u de Belles Artes d&#8217;Asturies y Mus\u00e9u Nacional Centru d&#8217;Arte Reina Sof\u00eda, en Madrid.<\/p>\n<p style=\"text-align: center\"><a href=\"https:\/\/www.gijon.es\/sites\/default\/files\/inline-images\/la%20coleccion%201%20ret.jpg\"><img loading=\"lazy\" decoding=\"async\" class=\"aligncenter size-large\" src=\"https:\/\/www.gijon.es\/sites\/default\/files\/inline-images\/la%20coleccion%201%20ret.jpg\" width=\"1518\" height=\"676\" \/><\/a><\/p>\n<p style=\"text-align: left\">Dientro de la colecci\u00f3n at\u00f3pense representaos tolos x\u00e9neros que Pi\u00f1ole cultiv\u00f3 a lo llargo de la so dilatada trayectoria art\u00edstica, <strong>la semeya, fundamentalmente autorretratos y semeyes familiares, el paisaxe, les naturaleces muertes y les escenes de calter costumbrista, tem\u00e1tica na qu&#8217;enceta de forma orixinal y renovadora el paisaxe y paisanaje asturianos.<\/strong><\/p>\n<p style=\"text-align: center\"><a href=\"https:\/\/apintoresyescultores.es\/wp-content\/uploads\/2025\/10\/1952Nicanor-PinoleLa-RulaMuseu-Bellas-Artes-Uvieu.jpg\"><img loading=\"lazy\" decoding=\"async\" class=\"aligncenter size-large\" src=\"https:\/\/apintoresyescultores.es\/wp-content\/uploads\/2025\/10\/1952Nicanor-PinoleLa-RulaMuseu-Bellas-Artes-Uvieu.jpg\" width=\"1153\" height=\"800\" \/><\/a><\/p>\n<p>La Rula<\/p>\n<p style=\"text-align: center\"><a href=\"https:\/\/apintoresyescultores.es\/wp-content\/uploads\/2025\/10\/1906Nicanor-PinoleMarinos-en-el-puerto-de-Gijon-Museo-Nicanor-Pinole-Gijon-1536x1178.jpg\"><img loading=\"lazy\" decoding=\"async\" class=\"aligncenter size-large\" src=\"https:\/\/apintoresyescultores.es\/wp-content\/uploads\/2025\/10\/1906Nicanor-PinoleMarinos-en-el-puerto-de-Gijon-Museo-Nicanor-Pinole-Gijon-1536x1178.jpg\" width=\"1536\" height=\"1178\" \/><\/a><\/p>\n<p>Puertu de Xix\u00f3n<\/p>\n<p style=\"text-align: center\"><a href=\"https:\/\/apintoresyescultores.es\/wp-content\/uploads\/2025\/10\/1925Nicanor-PinoleLa-FuenteBanco-Santander-1536x1220.jpg\"><img loading=\"lazy\" decoding=\"async\" class=\"aligncenter size-large\" src=\"https:\/\/apintoresyescultores.es\/wp-content\/uploads\/2025\/10\/1925Nicanor-PinoleLa-FuenteBanco-Santander-1536x1220.jpg\" width=\"1536\" height=\"1220\" \/><\/a><\/p>\n<p>La fonte<\/p>\n<p style=\"text-align: center\"><a href=\"https:\/\/apintoresyescultores.es\/wp-content\/uploads\/2025\/10\/1920Nicanor-PinoleDe-promesa-al-Cristo-de-Candas.jpg\"><img loading=\"lazy\" decoding=\"async\" class=\"aligncenter size-large\" src=\"https:\/\/apintoresyescultores.es\/wp-content\/uploads\/2025\/10\/1920Nicanor-PinoleDe-promesa-al-Cristo-de-Candas.jpg\" width=\"800\" height=\"611\" \/><\/a><\/p>\n<p>De promesa al cristu de Cand\u00e1s<\/p>\n<p style=\"text-align: center\"><a href=\"https:\/\/apintoresyescultores.es\/wp-content\/uploads\/2025\/10\/1915La-vuelta-de-la-romeria1915.-Nicanor-PinoleMuseo-Casa-Natal-de-Jovellano-Museo-Nicanor-Pinole-1536x1029.jpg\"><img loading=\"lazy\" decoding=\"async\" class=\"aligncenter size-large\" src=\"https:\/\/apintoresyescultores.es\/wp-content\/uploads\/2025\/10\/1915La-vuelta-de-la-romeria1915.-Nicanor-PinoleMuseo-Casa-Natal-de-Jovellano-Museo-Nicanor-Pinole-1536x1029.jpg\" width=\"1536\" height=\"1029\" \/><\/a><\/p>\n<p>La vuelta a la romer\u00eda<\/p>\n<p style=\"text-align: center\"><a href=\"https:\/\/apintoresyescultores.es\/wp-content\/uploads\/2025\/10\/1927Nicanor-PinoleestibadoresColeccion-Banco-de-Sabadell.jpg\"><img loading=\"lazy\" decoding=\"async\" class=\"aligncenter size-large\" src=\"https:\/\/apintoresyescultores.es\/wp-content\/uploads\/2025\/10\/1927Nicanor-PinoleestibadoresColeccion-Banco-de-Sabadell.jpg\" width=\"1440\" height=\"1032\" \/><\/a><\/p>\n<p>Estibadores<\/p>\n<p><a href=\"https:\/\/apintoresyescultores.es\/wp-content\/uploads\/2025\/10\/Fachada-mUSEO-Pinole.jpg\"><img loading=\"lazy\" decoding=\"async\" class=\"aligncenter size-large\" src=\"https:\/\/apintoresyescultores.es\/wp-content\/uploads\/2025\/10\/Fachada-mUSEO-Pinole.jpg\" width=\"890\" height=\"668\" \/><\/a><a href=\"https:\/\/www.gijon.es\/sites\/default\/files\/inline-images\/la%20coleccion%202%20ret.jpg\"><img loading=\"lazy\" decoding=\"async\" class=\"aligncenter size-large\" src=\"https:\/\/www.gijon.es\/sites\/default\/files\/inline-images\/la%20coleccion%202%20ret.jpg\" width=\"1220\" height=\"647\" \/><\/a><\/p>\n<p>Un aspeutu destac\u00e1u de la colecci\u00f3n del mus\u00e9u son los <strong>m\u00e1s de cinco mil dibuxos, bocetos, apuntes, dise\u00f1os de cartelu, ilustraciones<\/strong>, etc. qu&#8217;apurren les claves fundamentales para interpretar el procesu creativu d&#8217;esti artista de marcada vocaci\u00f3n realista.<\/p>\n<p style=\"text-align: center\"><a href=\"https:\/\/www.gijon.es\/sites\/default\/files\/inline-images\/PI%C3%91%2005.jpg\"><img loading=\"lazy\" decoding=\"async\" class=\"aligncenter size-large\" src=\"https:\/\/www.gijon.es\/sites\/default\/files\/inline-images\/PI%C3%91%2005.jpg\" width=\"450\" height=\"306\" \/><\/a><\/p>\n<p style=\"text-align: center\"><a href=\"https:\/\/www.gijon.es\/sites\/default\/files\/inline-images\/PI%C3%91%2006.jpg\"><img loading=\"lazy\" decoding=\"async\" class=\"aligncenter size-large\" src=\"https:\/\/www.gijon.es\/sites\/default\/files\/inline-images\/PI%C3%91%2006.jpg\" width=\"450\" height=\"306\" \/><\/a><\/p>\n<p>La colecci\u00f3n pon de manifiestu la <strong>maestr\u00eda del artista na semeya,<\/strong> x\u00e9neru que cultiv\u00f3 a lo llargo de tola so carrera art\u00edstica. Los m\u00e1s de trescientos autorretratos, am\u00e1s de les semeyes de la so madre y otros miembros de la so familia, destaquen pola captaci\u00f3n psicol\u00f3xica de los modelos y pola delicada mirada que proxecta sobro los mesmos.<\/p>\n<p>Puede vese una selecci\u00f3n de pieces en <a title=\"Museo Nicanor Pi\u00f1ole\" href=\"http:\/\/ceres.mcu.es\/pages\/ResultSearch?txtSimpleSearch=Museo%3Cb%3E%20Nicanor%20%3C\/b%3EPi%F1ole&amp;simpleSearch=0&amp;hipertextSearch=1&amp;search=simple&amp;MuseumsSearch=&amp;MuseumsRolSearch=1&amp;listaMuseos=null\">la Red Digital de Colecciones de Museo de Espa\u00f1a. CER.ES<\/a><\/p>\n<p style=\"text-align: center\"><a href=\"https:\/\/www.gijon.es\/sites\/default\/files\/inline-images\/PI%C3%91%2007_0.jpg\"><img loading=\"lazy\" decoding=\"async\" class=\"aligncenter size-large\" src=\"https:\/\/www.gijon.es\/sites\/default\/files\/inline-images\/PI%C3%91%2007_0.jpg\" width=\"300\" height=\"450\" \/><\/a><\/p>\n<p>Oxetos personales. El mus\u00e9u cunta de la mesma con una serie d&#8217;oxetos personales del artista ente los que destaquen los sos preseos de pintura, les medayes y reconocencia que recibe a lo llargo de la so carrera, l&#8217;arquivu fotogr\u00e1ficu de la familia, la so biblioteca y el moblame de la so casa.<\/p>\n<p><a href=\"https:\/\/www.gijon.es\/sites\/default\/files\/inline-images\/la%20coleccion%205.jpg\"><img loading=\"lazy\" decoding=\"async\" class=\"alignnone size-large\" src=\"https:\/\/www.gijon.es\/sites\/default\/files\/inline-images\/la%20coleccion%205.jpg\" width=\"1543\" height=\"1041\" \/><\/a><\/p>\n<p>Semeya del pintor<\/p>\n<p style=\"text-align: center\"><a href=\"https:\/\/apintoresyescultores.es\/wp-content\/uploads\/2025\/10\/pinole-pintando.jpg\"><img loading=\"lazy\" decoding=\"async\" class=\"aligncenter size-large\" src=\"https:\/\/apintoresyescultores.es\/wp-content\/uploads\/2025\/10\/pinole-pintando.jpg\" width=\"594\" height=\"396\" \/><\/a><\/p>\n<p>&nbsp;<\/p>\n","protected":false},"excerpt":{"rendered":"<p>Museo de Bellas Artes de Asturias Recoyendo mazana #tald\u00edacomohoy 18 de xineru, recordamos a Nicanor Pi\u00f1ole, unu de los grandes nomes de la pintura asturiana. Nesta fecha, aniversariu del so fallecimientu, queremos rindir homenaxe a un artista que la so sensibilid\u00e1, dominiu de los colores\u00a0 y mirada escontra lo cotidiano marcaron fondamente la identid\u00e1 art\u00edstica [&hellip;]<\/p>\n","protected":false},"author":117,"featured_media":0,"comment_status":"closed","ping_status":"closed","sticky":false,"template":"","format":"standard","meta":{"footnotes":""},"categories":[107,15,30],"tags":[],"class_list":["post-66222","post","type-post","status-publish","format-standard","hentry","category-aniversariu","category-museos","category-pintura"],"_links":{"self":[{"href":"https:\/\/edublog.educastur.es\/ixuxu\/wp-json\/wp\/v2\/posts\/66222","targetHints":{"allow":["GET"]}}],"collection":[{"href":"https:\/\/edublog.educastur.es\/ixuxu\/wp-json\/wp\/v2\/posts"}],"about":[{"href":"https:\/\/edublog.educastur.es\/ixuxu\/wp-json\/wp\/v2\/types\/post"}],"author":[{"embeddable":true,"href":"https:\/\/edublog.educastur.es\/ixuxu\/wp-json\/wp\/v2\/users\/117"}],"replies":[{"embeddable":true,"href":"https:\/\/edublog.educastur.es\/ixuxu\/wp-json\/wp\/v2\/comments?post=66222"}],"version-history":[{"count":4,"href":"https:\/\/edublog.educastur.es\/ixuxu\/wp-json\/wp\/v2\/posts\/66222\/revisions"}],"predecessor-version":[{"id":66226,"href":"https:\/\/edublog.educastur.es\/ixuxu\/wp-json\/wp\/v2\/posts\/66222\/revisions\/66226"}],"wp:attachment":[{"href":"https:\/\/edublog.educastur.es\/ixuxu\/wp-json\/wp\/v2\/media?parent=66222"}],"wp:term":[{"taxonomy":"category","embeddable":true,"href":"https:\/\/edublog.educastur.es\/ixuxu\/wp-json\/wp\/v2\/categories?post=66222"},{"taxonomy":"post_tag","embeddable":true,"href":"https:\/\/edublog.educastur.es\/ixuxu\/wp-json\/wp\/v2\/tags?post=66222"}],"curies":[{"name":"wp","href":"https:\/\/api.w.org\/{rel}","templated":true}]}}