{"id":66259,"date":"2026-01-19T09:50:59","date_gmt":"2026-01-19T07:50:59","guid":{"rendered":"https:\/\/edublog.educastur.es\/ixuxu\/?p=66259"},"modified":"2026-01-20T11:26:10","modified_gmt":"2026-01-20T09:26:10","slug":"the-asturianer-76-la-vera-del-nalon","status":"publish","type":"post","link":"https:\/\/edublog.educastur.es\/ixuxu\/2026\/01\/the-asturianer-76-la-vera-del-nalon\/","title":{"rendered":"The Asturianer 76: \u00abLa vera del Nal\u00f3n\u00bb"},"content":{"rendered":"<div class=\"x1n2onr6\">\n<div class=\"x6s0dn4 xyzq4qe x78zum5 xdt5ytf x2lah0s xl56j7k x1n2onr6 x5ur3kl x6usi7g x1bs97v6 x18dxpii x13fuv20 x18b5jzi x1q0q8m5 x1t7ytsu x178xt8z x1lun4ml xso031l xpilrb4 x1i5p2am x1whfx0g xr2y4jy x1ihp6rs x6ikm8r x10wlt62\">\n<div>\n<div class=\"x1qjc9v5 x972fbf x10w94by x1qhh985 x14e42zd x9f619 x78zum5 xdt5ytf x2lah0s xk390pu xdj266r x14z9mp xat24cr x1lziwak xexx8yu xyri2b x18d9i69 x1c1uobl x1n2onr6 xggy1nq x11njtxf\" role=\"button\" aria-hidden=\"true\">\n<div class=\"x1n2onr6\">\n<div class=\"x1iyjqo2\">\n<div class=\"x1qjc9v5 x972fbf x10w94by x1qhh985 x14e42zd x9f619 x78zum5 xdt5ytf x2lah0s x1o0tod xdj266r x14z9mp xat24cr x1lziwak xexx8yu xyri2b x18d9i69 x1c1uobl x1n2onr6 x13vifvy x11njtxf\">\n<div class=\"x1lliihq x1n2onr6\">\n<div class=\"html-div xdj266r x14z9mp xat24cr x1lziwak xexx8yu xyri2b x18d9i69 x1c1uobl x9f619 xjbqb8w x78zum5 x15mokao x1ga7v0g x16uus16 xbiv7yw x10l6tqk x1ey2m1c x13vifvy x1o0tod xtijo5x x1plvlek xryxfnj x1c4vz4f x2lah0s xdt5ytf xqjyukv x1qjc9v5 x1oa3qoh x1nhvcw1\">\n<div class=\"x1qjc9v5 x9f619 x78zum5 xdt5ytf xln7xf2 xk390pu x5yr21d x1n2onr6 x11njtxf xh8yej3\">\n<div class=\"x1qjc9v5 x78zum5 x1q0g3np x5yr21d xw2csxc x10wlt62 x1n2onr6 x1rohswg xfk6m8\" role=\"presentation\">\n<div class=\"x1qjc9v5 x9f619 x78zum5 x1q0g3np xln7xf2 xk390pu x5yr21d x1n2onr6 x11njtxf\"><\/div>\n<\/div>\n<\/div>\n<\/div>\n<\/div>\n<\/div>\n<\/div>\n<\/div>\n<\/div>\n<\/div>\n<\/div>\n<\/div>\n<div class=\"x1lliihq x1n2onr6 x1g0dm76 xpdmqnj\">\n<div class=\"xvbhtw8 x78zum5 xdt5ytf x5yr21d x1n2onr6\">\n<div class=\"html-div xdj266r x14z9mp xat24cr x1lziwak xexx8yu xyri2b x18d9i69 x1c1uobl x9f619 xjbqb8w x1rg5ohu x15mokao x1ga7v0g x16uus16 xbiv7yw x1uhb9sk x1plvlek xryxfnj x1c4vz4f x2lah0s x1oa3qoh x193iq5w\">\n<div class=\"x1rg5ohu x2fvf9\">\n<div>\n<div class=\"html-div xdj266r x14z9mp xat24cr x1lziwak xexx8yu xyri2b x18d9i69 x1c1uobl x9f619 xjbqb8w x1rg5ohu x15mokao x1ga7v0g x16uus16 xbiv7yw x1uhb9sk x1plvlek xryxfnj x1c4vz4f x2lah0s x1oa3qoh\" style=\"text-align: center\"><span class=\"x193iq5w xeuugli x13faqbe x1vvkbs xt0psk2 x1i0vuye xvs91rp xo1l8bm x5n08af x10wh9bi xpm28yp x8viiok x1o7cslx x126k92a\"><span class=\"html-span xexx8yu x4uap5 x18d9i69 xkhd6sd x1hl2dhg x16tdsg8 x1vvkbs x3nfvp2 x1j61x8r x1fcty0u xdj266r xat24cr xgzva0m xhhsvwb xxymvpz xlup9mm x1kky2od\">\n<!-- iframe plugin v.6.0 wordpress.org\/plugins\/iframe\/ -->\n<iframe loading=\"lazy\" src=\"https:\/\/www.instagram.com\/reel\/DTrt_0YiN_h\/embed\" width=\"500\" height=\"575\" 0=\"\/iframe\" scrolling=\"yes\" class=\"iframe-class\" frameborder=\"0\"><\/iframe>\n<\/span><\/span><\/div>\n<\/div>\n<\/div>\n<div style=\"text-align: center\"><span class=\"_ap3a _aaco _aacu _aacx _aad7 _aade\" dir=\"auto\"><span class=\"_ap3a _aaco _aacu _aacx _aad7 _aade\" dir=\"auto\"><span class=\"_ap3a _aaco _aacu _aacx _aad7 _aade\" dir=\"auto\"><br \/>\nAutora AMANDA MORIY\u00d3N\u00a0\/ Testu\u00a0LETICIA S\u00c1NCHEZ<\/span><\/span><\/span><\/div>\n<div><\/div>\n<div>\n<p><span style=\"color: #008080\"><em>La tercera portada del a\u00f1u rinde homenaxe a <strong>Armando Palacio Vald\u00e9s<\/strong>, una de les figures m\u00e1s destacaes de la lliteratura asturiana. Nac\u00edu en Entrialgo (Llaviana) en 1853, la so vida trescurri\u00f3 ente Avil\u00e9s, Uvi\u00e9u y Madrid, anque&#8217;l paisaxe preindustrial de la cuenca del Nal\u00f3n marc\u00f3 fondamente la so obra. <\/em><\/span><span style=\"color: #008080\"><em><!--more--><\/em><\/span><span style=\"color: #008080\"><em>Esta redolada rural foi la principal fonte d&#8217;inspiraci\u00f3n de <strong>L&#8217;aldega perdida<\/strong> (1903), la so novela m\u00e1s conocida y xuna reflex\u00f3n premonitoria sobro los efectos negativos de la industrializaci\u00f3n.<\/em><\/span><\/p>\n<p><span style=\"color: #008080\"><em>Na obra, Palacio Vald\u00e9s contrapone l&#8217;agricultura y la miner\u00eda como fuerces irreconciliables, amosando c\u00f3mo la llegada de los mineros alteria l&#8217;harmon\u00eda del mundu rural. La novela establez un claru paralelismu cola mitolox\u00eda griega al oldear l&#8217;Asturies rural cola Arcadia, un espaciu buc\u00f3licu ya idealiz\u00e1u, remembrada dende&#8217;l so entamu cola espresi\u00f3n llatina Et in Arcadia ego. Al travi\u00e9s d&#8217;una mirada murnia, l&#8217;autor retrata la vida de los habitantes de Llaviana a finales del sieglu XIX y denuncia la perda de valores tradicionales frente a la meyora del progresu.<\/em><\/span><\/p>\n<p><span style=\"color: #008080\"><em>L&#8217;aldega perdida tesciende&#8217;l rexonalismu pa convertise nuna fonda reflex\u00f3n social y cultural sobro&#8217;l preciu del desenvolvimientu, antemanando alderiques que marcar\u00eden el sieglu XX. La reconocencia oficial a la trayectoria de Palacio Vald\u00e9s lleg\u00f3 en 1906 col so ingresu na Real Academia Espa\u00f1ola.<\/em><\/span><\/p>\n<p>Amanda Moriy\u00f3n Rodr\u00edguez <span class=\"_ap3a _aaco _aacu _aacx _aad7 _aade\" dir=\"auto\"> <a class=\"x1i10hfl xjbqb8w x1ejq31n x18oe1m7 x1sy0etr xstzfhl x972fbf x10w94by x1qhh985 x14e42zd x9f619 x1ypdohk xt0psk2 x3ct3a4 xdj266r x14z9mp xat24cr x1lziwak xexx8yu xyri2b x18d9i69 x1c1uobl x16tdsg8 x1hl2dhg xggy1nq x1a2a7pz notranslate _a6hd\" role=\"link\" href=\"https:\/\/www.instagram.com\/amanda_moriyon_arte\/?next=%2Fisalobohuerta%2F\">@amanda_moriyon_arte<\/a>\u00a0<\/span> ye una estudiante llavianesa d&#8217;Hestoria del Arte, activid\u00e1 que compaxina cola ilustraci\u00f3n y la creaci\u00f3n art\u00edstica. La so obra xira en redol a la vida rural asturiana, les sos tradiciones, el so imaxinariu colectivu y les persones que la caltuvieron viva. Al travi\u00e9s de les sos ilustraciones, busca prindar la esencia del territoriu y reinterpretarla dende un llinguaxe contemporaneu, dialogando con una d\u00f3mina marcada pol camb\u00e9u constante.<\/p>\n<p><span class=\"_ap3a _aaco _aacu _aacx _aad7 _aade\" dir=\"auto\"><br \/>\n<a class=\"x1i10hfl xjbqb8w x1ejq31n x18oe1m7 x1sy0etr xstzfhl x972fbf x10w94by x1qhh985 x14e42zd x9f619 x1ypdohk xt0psk2 x3ct3a4 xdj266r x14z9mp xat24cr x1lziwak xexx8yu xyri2b x18d9i69 x1c1uobl x16tdsg8 x1hl2dhg xggy1nq x1a2a7pz notranslate _a6hd\" role=\"link\" href=\"https:\/\/www.instagram.com\/letisaurus\/?next=%2Fisalobohuerta%2F\">@letisaurus<\/a><br \/>\n<a class=\"x1i10hfl xjbqb8w x1ejq31n x18oe1m7 x1sy0etr xstzfhl x972fbf x10w94by x1qhh985 x14e42zd x9f619 x1ypdohk xt0psk2 x3ct3a4 xdj266r x14z9mp xat24cr x1lziwak xexx8yu xyri2b x18d9i69 x1c1uobl x16tdsg8 x1hl2dhg xggy1nq x1a2a7pz notranslate _a6hd\" role=\"link\" href=\"https:\/\/www.instagram.com\/theasturianer\/?next=%2Fisalobohuerta%2F\">@theasturianer<\/a><\/span><\/p>\n<p style=\"text-align: center\"><a href=\"https:\/\/imagenes.paraninfo.es\/portadas\/Resized\/6\/8\/4\/4\/9788484596844m.jpg\"><img loading=\"lazy\" decoding=\"async\" class=\"aligncenter size-large\" src=\"https:\/\/imagenes.paraninfo.es\/portadas\/Resized\/6\/8\/4\/4\/9788484596844m.jpg\" width=\"205\" height=\"287\" \/><\/a><\/p>\n<p><em>En tierres de Llaviana la vida trescurre felizmente ente les xeres cotidianes del campu y les romer\u00edes, equ\u00ed surde l&#8217;amor entre Nolo y Demetria y tami\u00e9n el de Xacintu y Flora. Toa esta paz y tranquilid\u00e1 vese enturbiada pola apaici\u00f3n de la miner\u00eda qu&#8217;anque munchos crean que va traer consigo la civilizaci\u00f3n y el dineru tami\u00e9n-yos traer\u00e1 la violencia. Nolo y Demetria esfruten de los sos alcuentros nes romer\u00edes,anque estes siempres acaben n&#8217;engarradielles constantes ente los mozos d&#8217;Entrialgo y los de Llor\u00edo, pero nun van tener mayor transcendencia por ser estes a palos o pedraes, pero cola industrializaci\u00f3n lleguen unos mineros que camuden estos poles navayes y les pistoles, son violentos y asedian a les moces del llugar ensin neng\u00fan miramientu.<\/em><\/p>\n<p><em> Metanes tou esto ciertu d\u00eda llega la lex\u00edtima madre de Demetria a buscala pa lleva-y la a vivir con ella a Uvi\u00e9u, pero Demetria nun s&#8217;acostuma a aquella vida y ciertu d\u00eca que Nolo va visitar pola feria de l&#8217;Ascensi\u00f3n escapar con \u00e9l pa volver a Entrialgo. Per otra parte D. F\u00e9lix el capit\u00e1n, ricu terrateniente nun ve con bonos g\u00fceyos que les mines tean destruyendo les tierres y la so id\u00edlica forma de vida, va ver como parte de les sos tierres van ser espropiaes al nun quereles vender. Dos d\u00edes antes de la Fiesta del Carmen celebren les bodes entre Nolo y Demetria y Xacintu y Flora, por esti motivu&#8217;l d\u00eda de la romer\u00eda&#8217;l capit\u00e1n convida a toos a una gran fiesta, pero a la llegada a la ilesia espa\u00f1a xuna encarnizada llucha ente los mozos del llugar y los mineros qu&#8217;acaba cola muerte de Xacintu y Demetria.<\/em><\/p>\n<\/div>\n<\/div>\n<\/div>\n<\/div>\n<p><span style=\"color: #008080\"><em><strong>Armando Palacio Vald\u00e9s: <a href=\"https:\/\/es.wikipedia.org\/wiki\/Armando_Palacio_Vald%C3%A9s\">wiki<\/a> \/<\/strong><\/em><\/span><\/p>\n<p style=\"text-align: center\"><a href=\"https:\/\/upload.wikimedia.org\/wikipedia\/commons\/thumb\/8\/8c\/Armando_Palacio_Vald%C3%A9s%2C_de_Compa%C3%B1y%2C_en_Mundo_Gr%C3%A1fico.jpg\/250px-Armando_Palacio_Vald%C3%A9s%2C_de_Compa%C3%B1y%2C_en_Mundo_Gr%C3%A1fico.jpg\"><img loading=\"lazy\" decoding=\"async\" class=\"aligncenter size-large\" src=\"https:\/\/upload.wikimedia.org\/wikipedia\/commons\/thumb\/8\/8c\/Armando_Palacio_Vald%C3%A9s%2C_de_Compa%C3%B1y%2C_en_Mundo_Gr%C3%A1fico.jpg\/250px-Armando_Palacio_Vald%C3%A9s%2C_de_Compa%C3%B1y%2C_en_Mundo_Gr%C3%A1fico.jpg\" width=\"250\" height=\"249\" \/><\/a><\/p>\n<p style=\"text-align: center\"><a href=\"https:\/\/upload.wikimedia.org\/wikipedia\/commons\/thumb\/b\/b2\/Avil%C3%A9s%2C_Teatro_Palacio_Vald%C3%A9s.JPG\/960px-Avil%C3%A9s%2C_Teatro_Palacio_Vald%C3%A9s.JPG\"><img loading=\"lazy\" decoding=\"async\" class=\"aligncenter size-large\" src=\"https:\/\/upload.wikimedia.org\/wikipedia\/commons\/thumb\/b\/b2\/Avil%C3%A9s%2C_Teatro_Palacio_Vald%C3%A9s.JPG\/960px-Avil%C3%A9s%2C_Teatro_Palacio_Vald%C3%A9s.JPG\" width=\"960\" height=\"643\" \/><\/a><\/p>\n<p>Teatru Palacio Vald\u00e9s, n&#8217;Avil\u00e9s<\/p>\n","protected":false},"excerpt":{"rendered":"<p>Autora AMANDA MORIY\u00d3N\u00a0\/ Testu\u00a0LETICIA S\u00c1NCHEZ La tercera portada del a\u00f1u rinde homenaxe a Armando Palacio Vald\u00e9s, una de les figures m\u00e1s destacaes de la lliteratura asturiana. Nac\u00edu en Entrialgo (Llaviana) en 1853, la so vida trescurri\u00f3 ente Avil\u00e9s, Uvi\u00e9u y Madrid, anque&#8217;l paisaxe preindustrial de la cuenca del Nal\u00f3n marc\u00f3 fondamente la so obra.<\/p>\n","protected":false},"author":117,"featured_media":0,"comment_status":"closed","ping_status":"closed","sticky":false,"template":"","format":"standard","meta":{"footnotes":""},"categories":[32,1],"tags":[],"class_list":["post-66259","post","type-post","status-publish","format-standard","hentry","category-escritores","category-sin-categoria"],"_links":{"self":[{"href":"https:\/\/edublog.educastur.es\/ixuxu\/wp-json\/wp\/v2\/posts\/66259","targetHints":{"allow":["GET"]}}],"collection":[{"href":"https:\/\/edublog.educastur.es\/ixuxu\/wp-json\/wp\/v2\/posts"}],"about":[{"href":"https:\/\/edublog.educastur.es\/ixuxu\/wp-json\/wp\/v2\/types\/post"}],"author":[{"embeddable":true,"href":"https:\/\/edublog.educastur.es\/ixuxu\/wp-json\/wp\/v2\/users\/117"}],"replies":[{"embeddable":true,"href":"https:\/\/edublog.educastur.es\/ixuxu\/wp-json\/wp\/v2\/comments?post=66259"}],"version-history":[{"count":8,"href":"https:\/\/edublog.educastur.es\/ixuxu\/wp-json\/wp\/v2\/posts\/66259\/revisions"}],"predecessor-version":[{"id":66274,"href":"https:\/\/edublog.educastur.es\/ixuxu\/wp-json\/wp\/v2\/posts\/66259\/revisions\/66274"}],"wp:attachment":[{"href":"https:\/\/edublog.educastur.es\/ixuxu\/wp-json\/wp\/v2\/media?parent=66259"}],"wp:term":[{"taxonomy":"category","embeddable":true,"href":"https:\/\/edublog.educastur.es\/ixuxu\/wp-json\/wp\/v2\/categories?post=66259"},{"taxonomy":"post_tag","embeddable":true,"href":"https:\/\/edublog.educastur.es\/ixuxu\/wp-json\/wp\/v2\/tags?post=66259"}],"curies":[{"name":"wp","href":"https:\/\/api.w.org\/{rel}","templated":true}]}}