{"id":66264,"date":"2026-01-19T08:30:21","date_gmt":"2026-01-19T06:30:21","guid":{"rendered":"https:\/\/edublog.educastur.es\/ixuxu\/?p=66264"},"modified":"2026-01-19T09:56:38","modified_gmt":"2026-01-19T07:56:38","slug":"el-tiempu-el-comercio-238","status":"publish","type":"post","link":"https:\/\/edublog.educastur.es\/ixuxu\/2026\/01\/el-tiempu-el-comercio-238\/","title":{"rendered":"El tiempu (El Comercio)"},"content":{"rendered":"<p style=\"text-align: center\"><a href=\"https:\/\/s2.ppllstatics.com\/elcomercio\/www\/multimedia\/2026\/01\/18\/tiempo-asturias-lunes-kBgD-U2302588077118HVD-1200x870@El%20Comercio.jpg\"><img loading=\"lazy\" decoding=\"async\" class=\"aligncenter size-large\" src=\"https:\/\/s2.ppllstatics.com\/elcomercio\/www\/multimedia\/2026\/01\/18\/tiempo-asturias-lunes-kBgD-U2302588077118HVD-1200x870@El%20Comercio.jpg\" width=\"1200\" height=\"870\" \/><\/a><\/p>\n<p>Empezamos la selmana con un llunes nel que vamos amanecer con cielos pocu nublos salvu nel oeste onde se preve mayor nubosidad. Estes nubes van dir movi\u00e9ndose escontra l&#8217;oriente percorriendo tola rex\u00f3n. Al so pasu, van dexar precipitaciones de calter d\u00e9bil que van poder afectar a cualquier puntu del Princip\u00e1u. <strong>La cota de nieve<\/strong> va rondar ente los 900 y los 1100 metros lo llargo del d\u00eda. <strong>Los vientos<\/strong> van empezar de suroeste a primeres hores pero r\u00e1pido van afitase d&#8217;oeste, momentu nel que la nubosidad va espandir por tola rex\u00f3n. A la fin del d\u00eda, <strong>los vientos<\/strong> volver\u00e1n soplar de suroeste y los cielos van llimpiar de nubes polo que la xornada va acabar pr\u00e1cticamente estena. <strong>Les temperatures m\u00e1ximes<\/strong> van ser bien similares a les d&#8217;esti domingu pero, sicas\u00ed, <strong>les m\u00ednimes<\/strong> van baxar de forma bien significativa nel centru y nel oriente asturianu, ente que nel sector occidental apenes van variar.<\/p>\n<p><!--more--><\/p>\n<p><strong>El martes<\/strong> va ser un d\u00eda airosu con raches moderaes de suroeste que podr\u00eden aportar a localmente fuertes nel occidente asturianu. La nubosidad va concentrase sobremanera nel oeste y nel cordal, ente que nel restu esperen intervalu de nubes altes ensin importancia. Los vientos de sur van consiguir que les temperatures xuban al respective de g\u00fcei llunes.<\/p>\n","protected":false},"excerpt":{"rendered":"<p>Empezamos la selmana con un llunes nel que vamos amanecer con cielos pocu nublos salvu nel oeste onde se preve mayor nubosidad. Estes nubes van dir movi\u00e9ndose escontra l&#8217;oriente percorriendo tola rex\u00f3n. Al so pasu, van dexar precipitaciones de calter d\u00e9bil que van poder afectar a cualquier puntu del Princip\u00e1u. La cota de nieve va [&hellip;]<\/p>\n","protected":false},"author":117,"featured_media":0,"comment_status":"closed","ping_status":"closed","sticky":false,"template":"","format":"standard","meta":{"footnotes":""},"categories":[5],"tags":[],"class_list":["post-66264","post","type-post","status-publish","format-standard","hentry","category-tiempu"],"_links":{"self":[{"href":"https:\/\/edublog.educastur.es\/ixuxu\/wp-json\/wp\/v2\/posts\/66264","targetHints":{"allow":["GET"]}}],"collection":[{"href":"https:\/\/edublog.educastur.es\/ixuxu\/wp-json\/wp\/v2\/posts"}],"about":[{"href":"https:\/\/edublog.educastur.es\/ixuxu\/wp-json\/wp\/v2\/types\/post"}],"author":[{"embeddable":true,"href":"https:\/\/edublog.educastur.es\/ixuxu\/wp-json\/wp\/v2\/users\/117"}],"replies":[{"embeddable":true,"href":"https:\/\/edublog.educastur.es\/ixuxu\/wp-json\/wp\/v2\/comments?post=66264"}],"version-history":[{"count":1,"href":"https:\/\/edublog.educastur.es\/ixuxu\/wp-json\/wp\/v2\/posts\/66264\/revisions"}],"predecessor-version":[{"id":66265,"href":"https:\/\/edublog.educastur.es\/ixuxu\/wp-json\/wp\/v2\/posts\/66264\/revisions\/66265"}],"wp:attachment":[{"href":"https:\/\/edublog.educastur.es\/ixuxu\/wp-json\/wp\/v2\/media?parent=66264"}],"wp:term":[{"taxonomy":"category","embeddable":true,"href":"https:\/\/edublog.educastur.es\/ixuxu\/wp-json\/wp\/v2\/categories?post=66264"},{"taxonomy":"post_tag","embeddable":true,"href":"https:\/\/edublog.educastur.es\/ixuxu\/wp-json\/wp\/v2\/tags?post=66264"}],"curies":[{"name":"wp","href":"https:\/\/api.w.org\/{rel}","templated":true}]}}