{"id":66288,"date":"2026-01-18T22:00:21","date_gmt":"2026-01-18T20:00:21","guid":{"rendered":"https:\/\/edublog.educastur.es\/ixuxu\/?p=66288"},"modified":"2026-01-19T13:30:33","modified_gmt":"2026-01-19T11:30:33","slug":"gran-afluencia-a-les-estaciones-desqui-asturianes-nel-dia-de-la-neve","status":"publish","type":"post","link":"https:\/\/edublog.educastur.es\/ixuxu\/2026\/01\/gran-afluencia-a-les-estaciones-desqui-asturianes-nel-dia-de-la-neve\/","title":{"rendered":"Gran afluencia a les estaciones d&#8217;esqu\u00ed asturianes nel d\u00eda de la \u00f1eve"},"content":{"rendered":"<p class=\"font-size-m padding-b-20 font-weight-b margin-t-16\">M\u00e1s de 3.800 usuarios nos dos complexos esti fin de selmana.\u00a0La \u00f1eve cay\u00edo nes \u00faltimes hores foi bien recib\u00edo por esquiadores y por munches families. <a href=\"https:\/\/www.rtpa.es\/noticias-asturias-ast\/2026-01-18\/Gran-afluencia-a-les-estaciones-d'esqui-asturianes-nel-dia-de-la-%C3%B1eve_111768759841.html\">RTPA<\/a><\/p>\n<p style=\"text-align: center\"><a href=\"https:\/\/www.rtpa.es\/fotos\/\/26\/01\/20260118154004_RTPA7603440.webp\"><img loading=\"lazy\" decoding=\"async\" class=\"aligncenter size-large\" src=\"https:\/\/www.rtpa.es\/fotos\/\/26\/01\/20260118154004_RTPA7603440.webp\" width=\"853\" height=\"480\" \/><\/a><\/p>\n<p>Porque g\u00fcei\u2019l plan yera esfrutar de la \u00f1eve, sobre too colos m\u00e1s peque\u00f1os. Ellos fueron los que m\u00e1s esfrutaron. Con m\u00e1s o con menos \u00e9xitu.\u00a0Una xornada onde tami\u00e9n se vieron munchos mo\u00f1ecos de \u00f1eve y dalg\u00fan qu\u2019otru \u00e1nxel. Lo que ta claro ye que se divirtieron toos.<\/p>\n<p><!--more--><\/p>\n<p class=\"font-size-xxl margin-b-5 font-weight-b color-b-050 letter-spacing--1 fuente-corporativa\"><a href=\"https:\/\/www.rtpa.es\/noticias-asturias-ast\/2026-01-18\/La-sesta-%C3%B1evada-de-la-temporada-dexa-espesores-de-20-centimetros-en-dalgunas-zones-de-Los-Picos-d'Europa_111768746754.html\">La sesta \u00f1evada de la temporada dexa espesores de 20 cent\u00edmetros en dalgunas zones de Los Picos d&#8217;Europa.\u00a0<\/a><\/p>\n<p style=\"text-align: center\"><a href=\"https:\/\/www.rtpa.es\/fotos\/\/26\/01\/20260118152604_RTPA7603429.webp\"><img loading=\"lazy\" decoding=\"async\" class=\"aligncenter size-large\" src=\"https:\/\/www.rtpa.es\/fotos\/\/26\/01\/20260118152604_RTPA7603429.webp\" width=\"853\" height=\"480\" \/><\/a><\/p>\n<div id=\"noticiacompleta\" class=\"parragraph-padding font-c-conent\">\n<p class=\"font-size-m padding-b-20 font-weight-b margin-t-16\">Sotres, que ta blancu, tien la carretera despeyada pa los que quieran averase a al pueblu cabraliegu.<\/p>\n<p>La que ye la sesta \u00f1evada de la temporada dexa espesores de 20 cent\u00edmetros penriba de los mil metros en dalgunes zones de Los Picos d\u2019Europa. Un equipu de TPA Noticies xubi\u00f3 hasta Sotres, que ta blancu, y esta vegada la carretera ta despeyada pa los que quieran averase a esti pueblu cabraliegu.<\/p>\n<\/div>\n","protected":false},"excerpt":{"rendered":"<p>M\u00e1s de 3.800 usuarios nos dos complexos esti fin de selmana.\u00a0La \u00f1eve cay\u00edo nes \u00faltimes hores foi bien recib\u00edo por esquiadores y por munches families. RTPA Porque g\u00fcei\u2019l plan yera esfrutar de la \u00f1eve, sobre too colos m\u00e1s peque\u00f1os. Ellos fueron los que m\u00e1s esfrutaron. Con m\u00e1s o con menos \u00e9xitu.\u00a0Una xornada onde tami\u00e9n se [&hellip;]<\/p>\n","protected":false},"author":117,"featured_media":0,"comment_status":"closed","ping_status":"closed","sticky":false,"template":"","format":"standard","meta":{"footnotes":""},"categories":[311],"tags":[],"class_list":["post-66288","post","type-post","status-publish","format-standard","hentry","category-montes"],"_links":{"self":[{"href":"https:\/\/edublog.educastur.es\/ixuxu\/wp-json\/wp\/v2\/posts\/66288","targetHints":{"allow":["GET"]}}],"collection":[{"href":"https:\/\/edublog.educastur.es\/ixuxu\/wp-json\/wp\/v2\/posts"}],"about":[{"href":"https:\/\/edublog.educastur.es\/ixuxu\/wp-json\/wp\/v2\/types\/post"}],"author":[{"embeddable":true,"href":"https:\/\/edublog.educastur.es\/ixuxu\/wp-json\/wp\/v2\/users\/117"}],"replies":[{"embeddable":true,"href":"https:\/\/edublog.educastur.es\/ixuxu\/wp-json\/wp\/v2\/comments?post=66288"}],"version-history":[{"count":3,"href":"https:\/\/edublog.educastur.es\/ixuxu\/wp-json\/wp\/v2\/posts\/66288\/revisions"}],"predecessor-version":[{"id":66291,"href":"https:\/\/edublog.educastur.es\/ixuxu\/wp-json\/wp\/v2\/posts\/66288\/revisions\/66291"}],"wp:attachment":[{"href":"https:\/\/edublog.educastur.es\/ixuxu\/wp-json\/wp\/v2\/media?parent=66288"}],"wp:term":[{"taxonomy":"category","embeddable":true,"href":"https:\/\/edublog.educastur.es\/ixuxu\/wp-json\/wp\/v2\/categories?post=66288"},{"taxonomy":"post_tag","embeddable":true,"href":"https:\/\/edublog.educastur.es\/ixuxu\/wp-json\/wp\/v2\/tags?post=66288"}],"curies":[{"name":"wp","href":"https:\/\/api.w.org\/{rel}","templated":true}]}}