{"id":66295,"date":"2026-01-19T14:50:10","date_gmt":"2026-01-19T12:50:10","guid":{"rendered":"https:\/\/edublog.educastur.es\/ixuxu\/?p=66295"},"modified":"2026-01-19T14:52:31","modified_gmt":"2026-01-19T12:52:31","slug":"presentacion-de-les-nominaciones-a-los-premios-amas-2025","status":"publish","type":"post","link":"https:\/\/edublog.educastur.es\/ixuxu\/2026\/01\/presentacion-de-les-nominaciones-a-los-premios-amas-2025\/","title":{"rendered":"Presentaci\u00f3n de les nominaciones a los Premios AMAS 2026"},"content":{"rendered":"<p><span class=\"x193iq5w xeuugli x13faqbe x1vvkbs x1xmvt09 x1lliihq x1s928wv xhkezso x1gmr53x x1cpjm7i x1fgarty x1943h6x xudqn12 x3x7a5m x1f6kntn xvq8zen xo1l8bm xzsf02u x1yc453h\" dir=\"auto\"><span class=\"html-span xexx8yu xyri2b x18d9i69 x1c1uobl x1hl2dhg x16tdsg8 x1vvkbs x3nfvp2 x1j61x8r x1fcty0u xdj266r xat24cr xm2jcoa x1mpyi22 xxymvpz xlup9mm x1kky2od\"><img loading=\"lazy\" decoding=\"async\" class=\"xz74otr x15mokao x1ga7v0g x16uus16 xbiv7yw\" src=\"https:\/\/static.xx.fbcdn.net\/images\/emoji.php\/v9\/tbe\/1\/16\/1f3c6.png\" alt=\"\ud83c\udfc6\" width=\"16\" height=\"16\" \/><\/span><span class=\"html-span xexx8yu xyri2b x18d9i69 x1c1uobl x1hl2dhg x16tdsg8 x1vvkbs x3nfvp2 x1j61x8r x1fcty0u xdj266r xat24cr xm2jcoa x1mpyi22 xxymvpz xlup9mm x1kky2od\"><img loading=\"lazy\" decoding=\"async\" class=\"xz74otr x15mokao x1ga7v0g x16uus16 xbiv7yw\" src=\"https:\/\/static.xx.fbcdn.net\/images\/emoji.php\/v9\/t1f\/1\/16\/1f3b6.png\" alt=\"\ud83c\udfb6\" width=\"16\" height=\"16\" \/><\/span> El director xeneral d&#8217;Acci\u00f3n Cultural y Normalizaci\u00f3n Lling\u00fc\u00edstica, Ant\u00f3n Garc\u00eda, particip\u00f3 esta ma\u00f1ana na rueda de prensa de<a href=\"https:\/\/premiosamas.com\/\"> presentaci\u00f3n de les nominaciones<\/a> a los <span style=\"color: #008080\"><a style=\"color: #008080\" href=\"https:\/\/premiosamas.com\/\"><strong>Premios AMAS<\/strong> <\/a><\/span>2026 na sala de prensa de la SGAE.<\/span><\/p>\n<p style=\"text-align: center\">\n<!-- iframe plugin v.6.0 wordpress.org\/plugins\/iframe\/ -->\n<iframe loading=\"lazy\" src=\"https:\/\/www.facebook.com\/plugins\/post.php?href=https%3A%2F%2Fwww.facebook.com%2FculturaAST%2Fposts%2Fpfbid02uTy5dVAZU4jkEGQzcryvmYD9vs5LPse4cukU45uaaBvKE7ckh97zWHaTwb24apLyl&#038;show_text=false&#038;width=500\" width=\"500\" height=\"281\" style=\"border:none;overflow:hidden\" scrolling=\"no\" frameborder=\"0\" allowfullscreen=\"true\" allow=\"autoplay; clipboard-write; encrypted-media; picture-in-picture; web-share\" 0=\"\/iframe\" class=\"iframe-class\"><\/iframe>\n<\/p>\n","protected":false},"excerpt":{"rendered":"<p>El director xeneral d&#8217;Acci\u00f3n Cultural y Normalizaci\u00f3n Lling\u00fc\u00edstica, Ant\u00f3n Garc\u00eda, particip\u00f3 esta ma\u00f1ana na rueda de prensa de presentaci\u00f3n de les nominaciones a los Premios AMAS 2026 na sala de prensa de la SGAE.<\/p>\n","protected":false},"author":117,"featured_media":0,"comment_status":"closed","ping_status":"closed","sticky":false,"template":"","format":"standard","meta":{"footnotes":""},"categories":[35,58],"tags":[],"class_list":["post-66295","post","type-post","status-publish","format-standard","hentry","category-musica","category-premios"],"_links":{"self":[{"href":"https:\/\/edublog.educastur.es\/ixuxu\/wp-json\/wp\/v2\/posts\/66295","targetHints":{"allow":["GET"]}}],"collection":[{"href":"https:\/\/edublog.educastur.es\/ixuxu\/wp-json\/wp\/v2\/posts"}],"about":[{"href":"https:\/\/edublog.educastur.es\/ixuxu\/wp-json\/wp\/v2\/types\/post"}],"author":[{"embeddable":true,"href":"https:\/\/edublog.educastur.es\/ixuxu\/wp-json\/wp\/v2\/users\/117"}],"replies":[{"embeddable":true,"href":"https:\/\/edublog.educastur.es\/ixuxu\/wp-json\/wp\/v2\/comments?post=66295"}],"version-history":[{"count":4,"href":"https:\/\/edublog.educastur.es\/ixuxu\/wp-json\/wp\/v2\/posts\/66295\/revisions"}],"predecessor-version":[{"id":66299,"href":"https:\/\/edublog.educastur.es\/ixuxu\/wp-json\/wp\/v2\/posts\/66295\/revisions\/66299"}],"wp:attachment":[{"href":"https:\/\/edublog.educastur.es\/ixuxu\/wp-json\/wp\/v2\/media?parent=66295"}],"wp:term":[{"taxonomy":"category","embeddable":true,"href":"https:\/\/edublog.educastur.es\/ixuxu\/wp-json\/wp\/v2\/categories?post=66295"},{"taxonomy":"post_tag","embeddable":true,"href":"https:\/\/edublog.educastur.es\/ixuxu\/wp-json\/wp\/v2\/tags?post=66295"}],"curies":[{"name":"wp","href":"https:\/\/api.w.org\/{rel}","templated":true}]}}