{"id":66300,"date":"2026-01-19T20:00:32","date_gmt":"2026-01-19T18:00:32","guid":{"rendered":"https:\/\/edublog.educastur.es\/ixuxu\/?p=66300"},"modified":"2026-01-20T11:25:45","modified_gmt":"2026-01-20T09:25:45","slug":"conciertu-dhevia-nel-teatru-xovellanos-de-xixo-en-mayu","status":"publish","type":"post","link":"https:\/\/edublog.educastur.es\/ixuxu\/2026\/01\/conciertu-dhevia-nel-teatru-xovellanos-de-xixo-en-mayu\/","title":{"rendered":"Conciertu d&#8217;Hevia, nel Teatru Xovellanos de Xix\u00f3n, en mayu"},"content":{"rendered":"<p><span class=\"x193iq5w xeuugli x13faqbe x1vvkbs x1xmvt09 x1lliihq x1s928wv xhkezso x1gmr53x x1cpjm7i x1fgarty x1943h6x xudqn12 x3x7a5m x1f6kntn xvq8zen xo1l8bm xzsf02u x1yc453h\" dir=\"auto\"><span class=\"html-span xexx8yu xyri2b x18d9i69 x1c1uobl x1hl2dhg x16tdsg8 x1vvkbs x3nfvp2 x1j61x8r x1fcty0u xdj266r xat24cr xm2jcoa x1mpyi22 xxymvpz xlup9mm x1kky2od\"><img loading=\"lazy\" decoding=\"async\" class=\"xz74otr x15mokao x1ga7v0g x16uus16 xbiv7yw\" src=\"https:\/\/static.xx.fbcdn.net\/images\/emoji.php\/v9\/t1\/1\/16\/1f3a7.png\" alt=\"\ud83c\udfa7\" width=\"16\" height=\"16\" \/><\/span>El gaiteru asturianu <span class=\"html-span xdj266r x14z9mp xat24cr x1lziwak xexx8yu xyri2b x18d9i69 x1c1uobl x1hl2dhg x16tdsg8 x1vvkbs\"><a class=\"x1i10hfl xjbqb8w x1ejq31n x18oe1m7 x1sy0etr xstzfhl x972fbf x10w94by x1qhh985 x14e42zd x9f619 x1ypdohk xt0psk2 x3ct3a4 xdj266r x14z9mp xat24cr x1lziwak xexx8yu xyri2b x18d9i69 x1c1uobl x16tdsg8 x1hl2dhg xggy1nq x1a2a7pz xkrqix3 x1sur9pj x1fey0fg x1s688f\" role=\"link\" href=\"https:\/\/www.facebook.com\/hevia.es?__cft__[0]=AZbIHLwF5RFadNSnYqe6Gogy6zxO3JNRv3igD9zCToMn2ePnMZBPSFjHEOOfyCc1DrHRExpb4Ab6zjM5jO8wMuOcZbVnnKo_1gS5mnynPTZVzpu0xpDch1lv7deKEHMm0HjfTVFrH25jZO3REitJkitUwhfJc7-uJUclhh2Djb9ibDGKAp61Kxyc836k1iY1TjsoN6MftjYxpShBzG6jj6CI&amp;__tn__=-]K-R\"><span class=\"xt0psk2\"><span class=\"xjp7ctv\">Hevia<\/span><\/span><\/a><\/span> va volver al escenariu del Teatru Xovellanos de Xix\u00f3n<strong> el pr\u00f3ximu 15 de mayu<\/strong> pa protagonizar un conciertu mui especial col que celebra los <strong><span style=\"color: #008080\">25 a\u00f1os del Platinum Europe Award<\/span><\/strong>, el galard\u00f3n que certific\u00f3\u2019l so \u00e9situ internacional y que supunxo un puntu d\u2019inflex\u00f3n na hestoria reciente de la m\u00fasica folk asturiana.<\/span><\/p>\n<p style=\"text-align: center\"><a href=\"https:\/\/musicasturiana.com\/wp-content\/uploads\/2026\/01\/Hevia-web.png\"><img loading=\"lazy\" decoding=\"async\" class=\"aligncenter size-large\" src=\"https:\/\/musicasturiana.com\/wp-content\/uploads\/2026\/01\/Hevia-web.png\" width=\"1200\" height=\"600\" \/><\/a><!--more--><\/p>\n<p>El gaiteru asturianu <strong>Hevia<\/strong> va volver al escenariu del <strong>Teatru Xovellanos de Xix\u00f3n<\/strong> el pr\u00f3ximu <strong>15 de mayu<\/strong> pa protagonizar un conciertu mui especial col que celebra los <strong>25 a\u00f1os del <em>Platinum Europe Award<\/em><\/strong>, el galard\u00f3n que certific\u00f3\u2019l so \u00e9situ internacional y que supunxo un puntu d\u2019inflex\u00f3n na hestoria reciente de la m\u00fasica folk asturiana.<\/p>\n<p>Esti reconocimientu, algam\u00e1u gracies al impactu del \u00e1lbum <em>Tierra de nadie<\/em>, convirti\u00f3 a Hevia nun referente mundial y abri\u00f3 nuevos caminos pa la gaita, que dende ent\u00f3s empez\u00f3 a sonar n\u2019<strong>escenarios de tol mundu<\/strong> con una propuesta innovadora, abierta a la fusi\u00f3n y a los llinguaxes contempor\u00e1neos.<\/p>\n<p>Nel conciertu del Xovellanos, l\u2019artista va ufiertar un percorr\u00edu polos <strong>temes m\u00e1s emblem\u00e1ticos<\/strong> de la so trayectoria, nuna puesta en escena que combina <strong>tradici\u00f3n y modernid\u00e1<\/strong>, con son\u00edos electr\u00f3nicos y reafitando\u2019l so compromisu cola cultura asturiana y la so proyecci\u00f3n internacional.<\/p>\n<p>La cita va tar arriquecida pola participaci\u00f3n de <strong>convidaos especiales<\/strong>, que van aportar nuevos matices al espect\u00e1culu. Una d\u2019elles ye <strong>Liuba Mar\u00eda Hevia<\/strong>, destacada cantautora cubana y figura clave de la Nueva Trova. La so voz, marcada pola sensibilid\u00e1 y el cuidu po\u00e9ticu, va sumar un tonu \u00edntimu y emocional al conciertu, nun alcuentru musical que simboliza\u2019l di\u00e1logu ente distintes tradiciones culturales a dambes veres del Atl\u00e1nticu.<\/p>\n<p>Am\u00e1s, el p\u00fablicu va poder disfrutar de la actuaci\u00f3n de <strong>Coros y Danzas Do\u00f1a Urraca<\/strong>, hist\u00f3ricu grupu folcl\u00f3ricu de Zamora fund\u00e1u en 1955. La formaci\u00f3n, una de les m\u00e1s veteranes de Lli\u00f3n, va aportar danza tradicional y m\u00fasica popular, amestando movimientu, color y memoria colectiva a la propuesta esc\u00e9nica.<\/p>\n<p>&nbsp;<\/p>\n","protected":false},"excerpt":{"rendered":"<p>El gaiteru asturianu Hevia va volver al escenariu del Teatru Xovellanos de Xix\u00f3n el pr\u00f3ximu 15 de mayu pa protagonizar un conciertu mui especial col que celebra los 25 a\u00f1os del Platinum Europe Award, el galard\u00f3n que certific\u00f3\u2019l so \u00e9situ internacional y que supunxo un puntu d\u2019inflex\u00f3n na hestoria reciente de la m\u00fasica folk asturiana.<\/p>\n","protected":false},"author":117,"featured_media":0,"comment_status":"closed","ping_status":"closed","sticky":false,"template":"","format":"standard","meta":{"footnotes":""},"categories":[35,125],"tags":[],"class_list":["post-66300","post","type-post","status-publish","format-standard","hentry","category-musica","category-musicasturiana-com"],"_links":{"self":[{"href":"https:\/\/edublog.educastur.es\/ixuxu\/wp-json\/wp\/v2\/posts\/66300","targetHints":{"allow":["GET"]}}],"collection":[{"href":"https:\/\/edublog.educastur.es\/ixuxu\/wp-json\/wp\/v2\/posts"}],"about":[{"href":"https:\/\/edublog.educastur.es\/ixuxu\/wp-json\/wp\/v2\/types\/post"}],"author":[{"embeddable":true,"href":"https:\/\/edublog.educastur.es\/ixuxu\/wp-json\/wp\/v2\/users\/117"}],"replies":[{"embeddable":true,"href":"https:\/\/edublog.educastur.es\/ixuxu\/wp-json\/wp\/v2\/comments?post=66300"}],"version-history":[{"count":3,"href":"https:\/\/edublog.educastur.es\/ixuxu\/wp-json\/wp\/v2\/posts\/66300\/revisions"}],"predecessor-version":[{"id":66315,"href":"https:\/\/edublog.educastur.es\/ixuxu\/wp-json\/wp\/v2\/posts\/66300\/revisions\/66315"}],"wp:attachment":[{"href":"https:\/\/edublog.educastur.es\/ixuxu\/wp-json\/wp\/v2\/media?parent=66300"}],"wp:term":[{"taxonomy":"category","embeddable":true,"href":"https:\/\/edublog.educastur.es\/ixuxu\/wp-json\/wp\/v2\/categories?post=66300"},{"taxonomy":"post_tag","embeddable":true,"href":"https:\/\/edublog.educastur.es\/ixuxu\/wp-json\/wp\/v2\/tags?post=66300"}],"curies":[{"name":"wp","href":"https:\/\/api.w.org\/{rel}","templated":true}]}}