{"id":66304,"date":"2026-01-20T08:30:46","date_gmt":"2026-01-20T06:30:46","guid":{"rendered":"https:\/\/edublog.educastur.es\/ixuxu\/?p=66304"},"modified":"2026-01-20T11:11:42","modified_gmt":"2026-01-20T09:11:42","slug":"el-tiempu-el-comercio-239","status":"publish","type":"post","link":"https:\/\/edublog.educastur.es\/ixuxu\/2026\/01\/el-tiempu-el-comercio-239\/","title":{"rendered":"El tiempu (El Comercio)"},"content":{"rendered":"<p style=\"text-align: center\"><a href=\"https:\/\/s3.ppllstatics.com\/elcomercio\/www\/multimedia\/2026\/01\/19\/prevision-tiempo-asturias-kClG-U2302588077118HVD-1200x870@El%20Comercio.jpg\"><img loading=\"lazy\" decoding=\"async\" class=\"aligncenter size-large\" src=\"https:\/\/s3.ppllstatics.com\/elcomercio\/www\/multimedia\/2026\/01\/19\/prevision-tiempo-asturias-kClG-U2302588077118HVD-1200x870@El%20Comercio.jpg\" width=\"1200\" height=\"870\" \/><\/a><\/p>\n<p>Esperamos intervalos de nubes medies y altes mientres tol d\u00eda salvu nel cordal onde la nubosid\u00e1 va ser m\u00e1s compacta. La probabilid\u00e1 de <strong>precipitaciones<\/strong> va ser bien baxa y, s\u00eda que non, podr\u00eden escapase delles precipitaciones d\u00e9biles nel sur del Princip\u00e1u.<strong> Los vientos<\/strong> van soplar de sur-suroeste con raches moderaes nel occidente y en zones altes de monte. Nel restu, van ser fluexos con dalg\u00fan qu&#8217;otru intervalu moder\u00e1u de forma puntual. <strong>Les temperatures m\u00e1ximes<\/strong> van xubir en tola franxa costera ente 2 y 3 \u00baC respectu al llunes. Tami\u00e9n van xubir na met\u00e1 occidental, ente que nel restu d&#8217;Asturies van caltenese\u00a0 ensin cambeos o van esperimentar un ascensu bien llixeru.<\/p>\n<p><!--more--><\/p>\n<p><strong> Les m\u00ednimes<\/strong> apenes van variar polo que s&#8217;esperen unos rexistros bien similares. A partir del mediud\u00eda activar\u00e1se l&#8217;avisu mariellu na mar por posibilid\u00e1 de foles d&#8217;hasta 4 metros d&#8217;altor. El mi\u00e9rcoles va ser un d\u00eda airosu con raches de sur-suroeste localmente fuertes nel oeste y nel cordal (hasta 90 km\/h) y raches moderaes nel restu.<strong> Les temperatures m\u00ednimes<\/strong> van xubir notablemente (hasta 8 \u00baC m\u00e1s) y les m\u00e1ximes van xubir de forma xeneralizada hasta 4 \u00baC.<\/p>\n<p><strong>Los cielos<\/strong> volver\u00e1n tar protagonizaos por intervalos de nubes medies y altes, anque nun se refuga mayor nubosid\u00e1 pela tarde con posibilid\u00e1 de delles precipitaciones que podr\u00eden percorrer la rex\u00f3n d&#8217;occidente a oriente. Vamos siguir con avisu por foles d&#8217;hasta 4 o 5 metros d&#8217;altor. A m\u00e1s llargu plazu, tou apunta a una fin de selmana iverniza propiu de les feches y que vamos dir detallando a lo llargo de la selmana.<\/p>\n","protected":false},"excerpt":{"rendered":"<p>Esperamos intervalos de nubes medies y altes mientres tol d\u00eda salvu nel cordal onde la nubosid\u00e1 va ser m\u00e1s compacta. La probabilid\u00e1 de precipitaciones va ser bien baxa y, s\u00eda que non, podr\u00eden escapase delles precipitaciones d\u00e9biles nel sur del Princip\u00e1u. Los vientos van soplar de sur-suroeste con raches moderaes nel occidente y en zones [&hellip;]<\/p>\n","protected":false},"author":117,"featured_media":0,"comment_status":"closed","ping_status":"closed","sticky":false,"template":"","format":"standard","meta":{"footnotes":""},"categories":[5],"tags":[],"class_list":["post-66304","post","type-post","status-publish","format-standard","hentry","category-tiempu"],"_links":{"self":[{"href":"https:\/\/edublog.educastur.es\/ixuxu\/wp-json\/wp\/v2\/posts\/66304","targetHints":{"allow":["GET"]}}],"collection":[{"href":"https:\/\/edublog.educastur.es\/ixuxu\/wp-json\/wp\/v2\/posts"}],"about":[{"href":"https:\/\/edublog.educastur.es\/ixuxu\/wp-json\/wp\/v2\/types\/post"}],"author":[{"embeddable":true,"href":"https:\/\/edublog.educastur.es\/ixuxu\/wp-json\/wp\/v2\/users\/117"}],"replies":[{"embeddable":true,"href":"https:\/\/edublog.educastur.es\/ixuxu\/wp-json\/wp\/v2\/comments?post=66304"}],"version-history":[{"count":4,"href":"https:\/\/edublog.educastur.es\/ixuxu\/wp-json\/wp\/v2\/posts\/66304\/revisions"}],"predecessor-version":[{"id":66308,"href":"https:\/\/edublog.educastur.es\/ixuxu\/wp-json\/wp\/v2\/posts\/66304\/revisions\/66308"}],"wp:attachment":[{"href":"https:\/\/edublog.educastur.es\/ixuxu\/wp-json\/wp\/v2\/media?parent=66304"}],"wp:term":[{"taxonomy":"category","embeddable":true,"href":"https:\/\/edublog.educastur.es\/ixuxu\/wp-json\/wp\/v2\/categories?post=66304"},{"taxonomy":"post_tag","embeddable":true,"href":"https:\/\/edublog.educastur.es\/ixuxu\/wp-json\/wp\/v2\/tags?post=66304"}],"curies":[{"name":"wp","href":"https:\/\/api.w.org\/{rel}","templated":true}]}}